{"id":8119,"date":"2010-01-12T17:01:00","date_gmt":"2010-01-12T17:01:00","guid":{"rendered":"http:\/\/www.lospoliticosveracruz.com.mx\/?p=8119"},"modified":"2014-10-08T19:01:22","modified_gmt":"2014-10-08T19:01:22","slug":"sale-el-primer-duarte-nominado-como-candidato-a-gobernador","status":"publish","type":"post","link":"https:\/\/lospoliticosveracruz.com.mx\/?p=8119","title":{"rendered":"Sale el primer Duarte nominado como candidato a Gobernador"},"content":{"rendered":"<p><a href=\"http:\/\/www.lospoliticosveracruz.com.mx\/wp-content\/uploads\/2010\/01\/Los-duartes.jpg\"><img decoding=\"async\" style=\"display:block; margin:0px auto 10px; text-align:center;cursor:pointer; cursor:hand;width: 400px; height: 280px;\" src=\"http:\/\/www.lospoliticosveracruz.com.mx\/wp-content\/uploads\/2010\/01\/Los-duartes-300x210.jpg\" border=\"0\" alt=\"\"id=\"BLOGGER_PHOTO_ID_5425900405189324530\" \/><\/a><br \/><strong>Jos\u00e9 Villegas L\u00f3pez<\/strong><br \/><em>Expresi\u00f3n Personal<\/em><\/p>\n<p>Cesar Duarte J\u00e1quez result\u00f3 el primer Duarte en obtener la nominaci\u00f3n para ser el candidato de unidad del PRI con rumbo a la gubernatura del estado de Chihuahua, el exdiputado federal fue el \u00fanico que se registr\u00f3 ante la Comisi\u00f3n de Procesos Internos de \u00e9se partido pol\u00edtico. Con mucha sensibilidad humana y partidista, se mostr\u00f3 agradecido por el apoyo de los otros contendientes siempre con la meta de defender las causas del tricolor en Chihuahua, a pesar del intenso fr\u00edo que tienen de 2 grados  cent\u00edgrados logr\u00f3 reunir a m\u00e1s de 20 mil personas en el evento que avizora buen clima electoral el d\u00eda 4 de julio.Las calles de Ojinaga y Pacheco fueron testigos del registro de C\u00e9sar Duarte J\u00e1quez como el abanderado del PRI, el Expresidente de la C\u00e1mara de Diputados estuvo acompa\u00f1ado por los dem\u00e1s aspirantes H\u00e9ctor Murgu\u00eda Lardiz\u00e1bal, Oscar Villalobos Ch\u00e1vez, Fernando Rodr\u00edguez Moreno, Alejandro Cano Ricaud y Jos\u00e9 Reyes Ferr\u00edz. Con un discurso de unidad reconoci\u00f3 el trabajo pol\u00edtico de sus compa\u00f1eros de partido que aspiraron a ser candidatos al gobierno del estado, y los convoc\u00f3 a trabajar juntos y con toda su fuerza para lograr que el Partido Revolucionario Institucional obtenga el triunfo en los pr\u00f3ximos comicios de este a\u00f1o en el que adem\u00e1s de la gubernatura, se renovar\u00e1n 67 ayuntamientos y 33 diputaciones locales. Visiblemente emocionado, subray\u00f3 que sin el acuerdo de unidad, el respeto absoluto del CEN del PRI al proceso interno, el trabajo pol\u00edtico del dirigente estatal del PRI, Marco Ad\u00e1n Quezada, y la simpat\u00eda de la militancia no hubiera sido imposible lograr el consenso para que la candidatura recayera en su persona.<br \/>Expuso que su candidatura ser\u00e1 de propuestas y no de descalificaciones, porque, dijo, la falta de talento del gobierno federal para dar resultados est\u00e1 a la vista de todos los mexicanos y de los chihuahuenses. Se pronunci\u00f3 por trabajar intensamente para encontrar los mecanismos que permitan abatir los \u00edndices de violencia en el estado. \u201cNo soy un hombre de puestos, soy un hombre de causas. Quiero seguir siendo C\u00e9sar, amigo de todo ustedes\u201d, por cierto se dio a conocer que La Comisi\u00f3n de Procesos Internos del PRI-Chihuahua sesionar\u00e1 el pr\u00f3ximo 28 de febrero, como lo marca la convocatoria, para ratificar la candidatura de C\u00e9sar Duarte J\u00e1quez al gobierno del estado. <br \/>Aqu\u00ed en Veracruz el Presidente del PRI Jorge Carvallo Delf\u00edn dijo en su tradicional Conferencia de Prensa matutina que el viernes 15 de enero la Comisi\u00f3n Pol\u00edtica Permanente del CEN del PRI, dar\u00e1 el visto bueno a la Sesi\u00f3n del Consejo Pol\u00edtico Estatal que se llev\u00f3 a cabo el d\u00eda 12 de diciembre y as\u00ed estar en condiciones de recibir la Convocatoria para elegir candidato a la gubernatura y elaborar la de Diputados Locales y Presidentes municipales. Carvallo Delf\u00edn record\u00f3 que recientemente se instal\u00f3 la Comisi\u00f3n de Justicia Partidaria que dirige el Lic. Francisco Mora Dom\u00ednguez as\u00ed como sesion\u00f3 la Comisi\u00f3n Estatal de Procesos Internos que tiene a su cargo el Lic. Zeferino Tejeda.<br \/>No cabe la menor duda que en la entidad el pol\u00edtico joven y que ha ido creciendo en la simpat\u00eda ciudadana en el estado se apellida igual que el primer nominado de los 12 que aspiran a ser gobernadores de sus lugares de origen, Javier Duarte de Ochoa se ha empecinado en suceder a su Maestro en la vida y en la pol\u00edtica, de la mano del Lic. Fidel Herrera Beltr\u00e1n ha logrado destacar en su carrera profesional y pol\u00edtica, Duarte de Ochoa es el mejor, no se necesita ser adivino para saber que su presencia es bien vista en la mayor\u00eda de los l\u00edderes de grupos ciudadanos y de la sociedad en general, sus principales operadores son los alcaldes del PRI, pero tambi\u00e9n de la oposici\u00f3n que ven en su proyecto, un proyecto de verdadero trabajo en beneficio colectivo, los Secretarios del gabinete que en sus tiempos libres apoyan las tareas partidistas, los Diputados federales y locales, quienes han respondido a su convicci\u00f3n partidista y hacen actividades en los diversos municipios que abarcan los distritos electorales e invitan al nativo de la ciudad de los 30 caballeros.<br \/>Con la fortaleza de los j\u00f3venes veracruzanos, la experiencia de los hombres maduros que han sido pri\u00edstas toda la vida, con la voluntad de cada uno de los Presidentes de Secci\u00f3n de las ciudades y comunidades, con las mujeres, ni\u00f1os y adultos mayores que le dan todo el respaldo para que sea el pr\u00f3ximo gobernador de Veracruz, Javier Duarte de Ochoa debe de redoblar los esfuerzos por penetrar a\u00fan m\u00e1s en la conciencia ciudadana, debe de hacer un equipo de trabajo que se identifique con su visi\u00f3n y su destino pr\u00f3ximo que es gobernar a su tierra, \u201cJuventud Din\u00e1mica\u201d la tiene, m\u00e1s con un grupo de j\u00f3venes que han apoyado con todo su carrera, aqu\u00ed en Xalapa encabezado por Corintia Cruz Oreg\u00f3n y apoyada siempre por Gabriela Monserrat Vel\u00e1zquez Castillo, talentos que siempre est\u00e1n buscando la gesti\u00f3n de apoyos para la clase m\u00e1s necesitada, siempre con la bandera de sus iniciales: J.D. llevando de igual manera el de su \u00edcono representativo: Javier Duarte, \u201cJuventud Din\u00e1mica\u201d es una Asociaci\u00f3n Civil que va creciendo en todo el estado de Veracruz, precisamente para trabajar por la gente pobre y humilde, ah\u00ed tiene el Diputado Federal a\u00fan, enorme capital pol\u00edtico que se ver\u00e1 reflejado en el d\u00eda de las elecciones.<br \/>Ya fue Duarte J\u00e1quez en Chihuahua\u2026Pr\u00f3ximamente Duarte de Ochoa en Veracruz, si no veremos. <br \/>Comentarios y sugerencias: expresionpersonal@hotmail.com<br \/>Celular: 2281341440.<\/p>\n","protected":false},"excerpt":{"rendered":"<p>Jos\u00e9 Villegas L\u00f3pezExpresi\u00f3n Personal Cesar Duarte J\u00e1quez result\u00f3 el primer Duarte en obtener la nominaci\u00f3n para ser el candidato de unidad del PRI con rumbo a la gubernatura del estado de Chihuahua, el exdiputado federal fue el \u00fanico que se registr\u00f3 ante la Comisi\u00f3n de Procesos Internos de \u00e9se partido pol\u00edtico. Con mucha sensibilidad humana [&hellip;]<\/p>\n","protected":false},"author":1,"featured_media":0,"comment_status":"open","ping_status":"open","sticky":false,"template":"","format":"standard","meta":{"_jetpack_newsletter_access":"","_jetpack_dont_email_post_to_subs":false,"_jetpack_newsletter_tier_id":0,"_jetpack_memberships_contains_paywalled_content":false,"_jetpack_memberships_contains_paid_content":false,"footnotes":""},"categories":[1],"tags":[],"class_list":["post-8119","post","type-post","status-publish","format-standard","hentry","category-sin-categoria"],"jetpack_featured_media_url":"","jetpack_sharing_enabled":true,"jetpack_shortlink":"https:\/\/wp.me\/p4Qcd3-26X","_links":{"self":[{"href":"https:\/\/lospoliticosveracruz.com.mx\/index.php?rest_route=\/wp\/v2\/posts\/8119","targetHints":{"allow":["GET"]}}],"collection":[{"href":"https:\/\/lospoliticosveracruz.com.mx\/index.php?rest_route=\/wp\/v2\/posts"}],"about":[{"href":"https:\/\/lospoliticosveracruz.com.mx\/index.php?rest_route=\/wp\/v2\/types\/post"}],"author":[{"embeddable":true,"href":"https:\/\/lospoliticosveracruz.com.mx\/index.php?rest_route=\/wp\/v2\/users\/1"}],"replies":[{"embeddable":true,"href":"https:\/\/lospoliticosveracruz.com.mx\/index.php?rest_route=%2Fwp%2Fv2%2Fcomments&post=8119"}],"version-history":[{"count":0,"href":"https:\/\/lospoliticosveracruz.com.mx\/index.php?rest_route=\/wp\/v2\/posts\/8119\/revisions"}],"wp:attachment":[{"href":"https:\/\/lospoliticosveracruz.com.mx\/index.php?rest_route=%2Fwp%2Fv2%2Fmedia&parent=8119"}],"wp:term":[{"taxonomy":"category","embeddable":true,"href":"https:\/\/lospoliticosveracruz.com.mx\/index.php?rest_route=%2Fwp%2Fv2%2Fcategories&post=8119"},{"taxonomy":"post_tag","embeddable":true,"href":"https:\/\/lospoliticosveracruz.com.mx\/index.php?rest_route=%2Fwp%2Fv2%2Ftags&post=8119"}],"curies":[{"name":"wp","href":"https:\/\/api.w.org\/{rel}","templated":true}]}}