{"id":81207,"date":"2021-10-26T14:23:34","date_gmt":"2021-10-26T19:23:34","guid":{"rendered":"https:\/\/lospoliticosveracruz.com.mx\/?p=81207"},"modified":"2021-10-26T14:23:45","modified_gmt":"2021-10-26T19:23:45","slug":"entre-verdades-y-mentiras","status":"publish","type":"post","link":"https:\/\/lospoliticosveracruz.com.mx\/?p=81207","title":{"rendered":"Entre verdades y mentiras"},"content":{"rendered":"\n<p><strong>Rafael Arias Hern\u00e1ndez<br><\/strong><em>Mutatis mutandis<\/em><\/p>\n\n\n\n<p><\/p>\n\n\n\n<p>Siempre se est\u00e1 a tiempo de hacer uso de la verdad, para ir directo a las posibles soluciones de los problemas que se pretenden resolver y superar. Y, desde luego, para dar credibilidad y confianza a la comunicaci\u00f3n y posibles acuerdos o coincidencias individuales y sociales.<br>Para hacerlo, es recomendable detenerse y pensar, en las diferencias entre verdad y mentira, usos y beneficiarios de una y otra y, desde luego, ventajas y desventajas en su utilizaci\u00f3n.<br>Considerar y reconocer costos y consecuencias, de las relaciones y compromisos establecidos, es determinante para garantizar una convivencia civilizada y pac\u00edfica. Lo cual conlleva tambi\u00e9n, a recomendar la frecuente reflexi\u00f3n de temas como estos; e incluso, dar tiempo y oportunidad, a una inmersi\u00f3n mayor en las profundidades filos\u00f3ficas.<br>Esto lleva a pensar, en las causas y razones, las ventajas y preferencias por las cuales la verdad es desplazada por las mentiras. Hecho que se repite con frecuencia, sobretodo en el discurso pol\u00edtico, hasta casi convertirse en costumbre o una forma de expresi\u00f3n cultural.<br>Comprobar en los hechos, en la cotidiana realidad, es medio pr\u00e1ctico para identificar verdad o mentira, para dar certeza al lenguaje utilizado y garantizar la confianza necesaria, en la comunicaci\u00f3n establecida.<br>La mentira en s\u00ed, domina hasta que la verdad se hace presente y cambia o somete, comportamiento o conducta.<br>Mientras, es posible reconocer a la mentira, porque uno de los aspectos que m\u00e1s le caracterizan, es su creativa y m\u00faltiple forma, de producirse y presentarse; as\u00ed como, en su momento, hasta de justificarse, frente al desplazante poder de su opuesta, la verdad.<br>Interesante reflexionar sobre la imprescindible necesidad de saber diferenciar, identificar y clasificar una u otra. Hacerlo no solo para mejorar capacidad y efectividad de resolver problemas; sino tambi\u00e9n, para mejorar el lenguaje que se use, y asegurar que la comunicaci\u00f3n, sea segura, cierta y confiable.<br>Dentro de la abundante bibliograf\u00eda al respecto, hoy vale la pena recordar algunos, solo con el \u00e1nimo de motivar la pertinencia de su an\u00e1lisis, estudio, difusi\u00f3n y debate.<br>\u00abLa mentira en M\u00e9xico\u00bb, es un breve texto de Octavio Paz, publicado en M\u00e9xico, en el peri\u00f3dico Novedades el 11 de octubre de l943. Y tambi\u00e9n en Miscel\u00e1nea I. Primeros escritos. Tomo XII, de Obras Completas. M\u00e9xico, Fondo de Cultura Econ\u00f3mica. .2\u00aa Ed. 2013.<br><strong><em><a href=\"https:\/\/ruanofaxas.files.wordpress.com\/2012\/05\/la-mentira-octavio-paz.jpg\">https:\/\/ruanofaxas.files.wordpress.com\/2012\/05\/la-mentira-octavio-paz.jpg<\/a><\/em><\/strong><br>Entre otros temas, Octavio Paz expres\u00f3, desde aquellos tiempos, que: \u00ab\u2026Muchos pueblos gozan de la libertad de expresi\u00f3n, pocos la utilizan para algo que no sea mentirse entre ellos, calumniarse y enga\u00f1arse\u2026 \u00a1nuestra vida diaria ser\u00eda inexplicable sin la mentira que alimenta, la hipocres\u00eda que la vela y la complicidad de todos los que no nos atrevemos a denunciar nuestra miseria y peque\u00f1ez! La mentira inunda la vida mexicana: ficci\u00f3n en nuestra pol\u00edtica electoral; enga\u00f1o en nuestra econom\u00eda, que s\u00f3lo produce billetes de banco; mentira en los sistemas educativos; farsa en el movimiento obrero (que todav\u00eda no ha logrado vivir sin la ayuda del Estado); mentira otra vez en la pol\u00edtica agraria;\u2026Mienten nuestros reaccionarios tanto como nuestros revolucionarios; somos gesto y apariencia y nada, ni siquiera el arte, se enfrenta a su verdad\u2026 La mentira nace de la pobreza f\u00edsica y espiritual, como una compensaci\u00f3n; la imaginaci\u00f3n nos enga\u00f1a con torpes fantas\u00edas, puesto que la realidad nada nos puede dar. Este enga\u00f1o acabar\u00e1 con nosotros, porque un pueblo no puede vivir de viento y mentira. Tampoco de esas medio verdades en las que somos pr\u00f3digos. La media verdad ni siquiera es una mentira: es una medio mentira, un ser h\u00edbrido.\u00bb<br>Siempre es oportuno investigar y conocer la realidad que se vive, as\u00ed como los retos y problemas que enfrentar y resolver. Saber c\u00f3mo pensamos, que ideas est\u00e1n presentes y cuales dominan o tienen los m\u00e1s amplios consensos. La cuesti\u00f3n es conocer la verdad y tambi\u00e9n las mentiras que entretienen o dominan.<br>En todo caso, lo importante es no enga\u00f1arnos, ni dejarnos enga\u00f1ar por ignorancia, complicidad, desinter\u00e9s o pasividad.<br>Javier Mendoza, al respecto expresa que: \u00abSupo que los ideales (cabr\u00eda decir aqu\u00ed, de tintes \u00absocialistas\u00bb) de la revoluci\u00f3n mexicana, no lograron su cometido. Los revolucionarios no lograron transformar a M\u00e9xico. Por eso, en su obra \u00abLaberinto de la Soledad\u00bb reflexiona: \u00ab\u2026 a pesar de su fecundidad extraordinaria (la revoluci\u00f3n), no fue capaz de crear un orden vital que fuese, a un tiempo, visi\u00f3n del mundo y fundamento de una sociedad realmente justa y libre.\u00bb (Recordando un poco a Octavio Paz. Oaxaca, Oax..Peri\u00f3dico el Imparcial 6 de agosto de 2020)<br><strong><em><a href=\"https:\/\/imparcialoaxaca.mx\/opinion\/455444\/recordando-un-poco-a-octavio-paz\/\">https:\/\/imparcialoaxaca.mx\/opinion\/455444\/recordando-un-poco-a-octavio-paz\/<\/a><\/em><\/strong><br>Fernando Garc\u00eda Ram\u00edrez, sostiene que: \u00abLa mentira, en pol\u00edtica, es un negocio muy redituable. Se miente en las campa\u00f1as para alcanzar el poder. La impunidad declarativa es absoluta. Se miente el d\u00eda de la elecci\u00f3n cuando todos se proclaman ganadores. Se miente en el gobierno al inaugurar obras inconclusas. Se miente con frases huecas y con estad\u00edsticas en mano. Se miente en la declaraci\u00f3n de bienes; se miente por costumbre a los medios y al votante. Vivimos en el pa\u00eds de la mentira y de la simulaci\u00f3n. ..\u00bb (El pa\u00eds de la indignaci\u00f3n y la mentira. El Financiero, 10 de julio de 2017)<br><strong><em><a href=\"https:\/\/www.elfinanciero.com.mx\/opinion\/fernando-garcia-ramirez\/el-pais-de-la-indignacion-y-la-mentira\/\">https:\/\/www.elfinanciero.com.mx\/opinion\/fernando-garcia-ramirez\/el-pais-de-la-indignacion-y-la-mentira\/<\/a><\/em><\/strong><br>Y a su vez, en su interesante libro, M\u00e1scaras de la mentira. El nuevo orden de la posverdad, Ra\u00fal Rodr\u00edguez Ferr\u00e1ndiz habla del tema y sobre sus expresiones similares, basadas en enga\u00f1o, fraude, simulaci\u00f3n, falsificaci\u00f3n, disimulo, error y muchas m\u00e1s. Trata de reflexionar y revalorar su presencia y significado actuales. Sobre todo, determinar y saber, que tipos de mentiras aparecen y predominan, en esta \u00e9poca de posverdad, \u00abLa mentira es una labor de la inteligencia, una sutileza del esp\u00edritu, demuestra cualidades persuasivas, narrativas, incluso gestuales, de performance, muy eminentes. La posverdad es un exabrupto que parece salir de las entra\u00f1as, que hace gala de una sinceridad pol\u00edticamente incorrecta, cuando es una muestra de zafiedad, de mala educaci\u00f3n, adem\u00e1s de ser mendaz. La posverdad es la banalidad de la mentira, por parafrasear a Hannah Arendt.\u2026\u00bb.(EDITORIAL PRE-TEXTOS. Valencia, Espa\u00f1a. .2018)<br><strong><em><a href=\"https:\/\/www.pre-textos.com\/escaparate\/product_info.php?products_id=1823\">https:\/\/www.pre-textos.com\/escaparate\/product_info.php?products_id=1823<\/a><\/em><\/strong><br>-Academico.IIESESUV @RafaelAriasH,Facebook:VeracruzHoydeRafaelAriasH<\/p>\n","protected":false},"excerpt":{"rendered":"<p>Rafael Arias Hern\u00e1ndezMutatis mutandis Siempre se est\u00e1 a tiempo de hacer uso de la verdad, para ir directo a las posibles soluciones de los problemas que se pretenden resolver y superar. Y, desde luego, para dar credibilidad y confianza a la comunicaci\u00f3n y posibles acuerdos o coincidencias individuales y sociales.Para hacerlo, es recomendable detenerse y [&hellip;]<\/p>\n","protected":false},"author":2,"featured_media":0,"comment_status":"closed","ping_status":"closed","sticky":false,"template":"","format":"standard","meta":{"_jetpack_newsletter_access":"","_jetpack_dont_email_post_to_subs":false,"_jetpack_newsletter_tier_id":0,"_jetpack_memberships_contains_paywalled_content":false,"_jetpack_memberships_contains_paid_content":false,"footnotes":""},"categories":[70],"tags":[30995,1289,3707,30997,8032,30996],"class_list":["post-81207","post","type-post","status-publish","format-standard","hentry","category-de-opinion","tag-fernando-garcia-ramirez","tag-mentira","tag-octavio-paz","tag-posverdad","tag-rafael-arias-hernandez","tag-raul-rodriguez-ferrandiz"],"jetpack_featured_media_url":"","jetpack_sharing_enabled":true,"jetpack_shortlink":"https:\/\/wp.me\/p4Qcd3-l7N","_links":{"self":[{"href":"https:\/\/lospoliticosveracruz.com.mx\/index.php?rest_route=\/wp\/v2\/posts\/81207","targetHints":{"allow":["GET"]}}],"collection":[{"href":"https:\/\/lospoliticosveracruz.com.mx\/index.php?rest_route=\/wp\/v2\/posts"}],"about":[{"href":"https:\/\/lospoliticosveracruz.com.mx\/index.php?rest_route=\/wp\/v2\/types\/post"}],"author":[{"embeddable":true,"href":"https:\/\/lospoliticosveracruz.com.mx\/index.php?rest_route=\/wp\/v2\/users\/2"}],"replies":[{"embeddable":true,"href":"https:\/\/lospoliticosveracruz.com.mx\/index.php?rest_route=%2Fwp%2Fv2%2Fcomments&post=81207"}],"version-history":[{"count":1,"href":"https:\/\/lospoliticosveracruz.com.mx\/index.php?rest_route=\/wp\/v2\/posts\/81207\/revisions"}],"predecessor-version":[{"id":81209,"href":"https:\/\/lospoliticosveracruz.com.mx\/index.php?rest_route=\/wp\/v2\/posts\/81207\/revisions\/81209"}],"wp:attachment":[{"href":"https:\/\/lospoliticosveracruz.com.mx\/index.php?rest_route=%2Fwp%2Fv2%2Fmedia&parent=81207"}],"wp:term":[{"taxonomy":"category","embeddable":true,"href":"https:\/\/lospoliticosveracruz.com.mx\/index.php?rest_route=%2Fwp%2Fv2%2Fcategories&post=81207"},{"taxonomy":"post_tag","embeddable":true,"href":"https:\/\/lospoliticosveracruz.com.mx\/index.php?rest_route=%2Fwp%2Fv2%2Ftags&post=81207"}],"curies":[{"name":"wp","href":"https:\/\/api.w.org\/{rel}","templated":true}]}}