{"id":81253,"date":"2021-10-27T15:21:57","date_gmt":"2021-10-27T20:21:57","guid":{"rendered":"https:\/\/lospoliticosveracruz.com.mx\/?p=81253"},"modified":"2021-10-27T15:22:02","modified_gmt":"2021-10-27T20:22:02","slug":"todo-el-apoyo-a-pemex-sergio","status":"publish","type":"post","link":"https:\/\/lospoliticosveracruz.com.mx\/?p=81253","title":{"rendered":"Todo el apoyo a Pemex: Sergio"},"content":{"rendered":"\n<p><\/p>\n\n\n\n<p><\/p>\n\n\n\n<p><strong>Ciudad de M\u00e9xico<\/strong><\/p>\n\n\n\n<p><br>El presidente de la Mesa Directiva de la C\u00e1mara de Diputados, Sergio Guti\u00e9rrez Luna, recibi\u00f3 este mi\u00e9rcoles en el Palacio Legislativo de San L\u00e1zaro al director General de Pemex, Octavio Romero Oropeza, quien le expres\u00f3 los planes de reactivar la producci\u00f3n del Complejo Petroqu\u00edmico Cosoleacaque.<\/p>\n\n\n\n<p>\u201cEl Director me platic\u00f3 la buena noticia de que entre los proyectos inminentes de Pemex est\u00e1 rescatar el Complejo en Cosoleacaque que lleva muchos a\u00f1os subutilizado y que en su momento fue una instalaci\u00f3n orgullo de Pemex, como estoy seguro que volver\u00e1 a ser\u201d, se\u00f1al\u00f3 Sergio Guti\u00e9rrez.<\/p>\n\n\n\n<p>El Diputado veracruzano y el funcionario del gobierno del presidente Andr\u00e9s Manuel L\u00f3pez Obrador dialogaron en privado en la oficina de la Presidencia de la Mesa Directiva y despu\u00e9s, como cortes\u00eda para el visitante, lo acompa\u00f1\u00f3 al Sal\u00f3n Verde, donde se celebr\u00f3 su comparecencia ante las Comisiones Unidas de Energ\u00eda y de Infraestructura.<\/p>\n\n\n\n<p>\u201cComo oriundo que soy de una tierra petrolera, Minatitl\u00e1n, vecino de Cosoleacaque, entiendo la enorme importancia que tiene Pemex para apalancar el desarrollo de las regiones en las que se asienta esta industria noble, generosa, hist\u00f3ricamente solidaria con el pueblo, pero lamentablemente v\u00edctima de las ambiciones neoliberales por desmantelarla y entregarla a intereses contrarios a los de la Naci\u00f3n\u201d, dijo Sergio Guti\u00e9rrez.<\/p>\n\n\n\n<p>\u201cDesde la C\u00e1mara, los miembros de la Cuarta Transformaci\u00f3n tenemos el deber pol\u00edtico y moral de apoyar a Pemex y a su Director en su esfuerzo por recuperar el esplendor que esta industria nacional alguna vez tuvo\u201d, a\u00f1adi\u00f3.<\/p>\n","protected":false},"excerpt":{"rendered":"<p>Ciudad de M\u00e9xico El presidente de la Mesa Directiva de la C\u00e1mara de Diputados, Sergio Guti\u00e9rrez Luna, recibi\u00f3 este mi\u00e9rcoles en el Palacio Legislativo de San L\u00e1zaro al director General de Pemex, Octavio Romero Oropeza, quien le expres\u00f3 los planes de reactivar la producci\u00f3n del Complejo Petroqu\u00edmico Cosoleacaque. \u201cEl Director me platic\u00f3 la buena noticia [&hellip;]<\/p>\n","protected":false},"author":2,"featured_media":0,"comment_status":"closed","ping_status":"closed","sticky":false,"template":"","format":"standard","meta":{"_jetpack_newsletter_access":"","_jetpack_dont_email_post_to_subs":false,"_jetpack_newsletter_tier_id":0,"_jetpack_memberships_contains_paywalled_content":false,"_jetpack_memberships_contains_paid_content":false,"footnotes":""},"categories":[73],"tags":[2661,12744,13883,372,16147],"class_list":["post-81253","post","type-post","status-publish","format-standard","hentry","category-de-boleto","tag-camara-de-diputados","tag-cuarta-transformacion","tag-octavio-romero-oropeza","tag-pemex","tag-sergio-gutierrez-luna"],"jetpack_featured_media_url":"","jetpack_sharing_enabled":true,"jetpack_shortlink":"https:\/\/wp.me\/p4Qcd3-l8x","_links":{"self":[{"href":"https:\/\/lospoliticosveracruz.com.mx\/index.php?rest_route=\/wp\/v2\/posts\/81253","targetHints":{"allow":["GET"]}}],"collection":[{"href":"https:\/\/lospoliticosveracruz.com.mx\/index.php?rest_route=\/wp\/v2\/posts"}],"about":[{"href":"https:\/\/lospoliticosveracruz.com.mx\/index.php?rest_route=\/wp\/v2\/types\/post"}],"author":[{"embeddable":true,"href":"https:\/\/lospoliticosveracruz.com.mx\/index.php?rest_route=\/wp\/v2\/users\/2"}],"replies":[{"embeddable":true,"href":"https:\/\/lospoliticosveracruz.com.mx\/index.php?rest_route=%2Fwp%2Fv2%2Fcomments&post=81253"}],"version-history":[{"count":1,"href":"https:\/\/lospoliticosveracruz.com.mx\/index.php?rest_route=\/wp\/v2\/posts\/81253\/revisions"}],"predecessor-version":[{"id":81255,"href":"https:\/\/lospoliticosveracruz.com.mx\/index.php?rest_route=\/wp\/v2\/posts\/81253\/revisions\/81255"}],"wp:attachment":[{"href":"https:\/\/lospoliticosveracruz.com.mx\/index.php?rest_route=%2Fwp%2Fv2%2Fmedia&parent=81253"}],"wp:term":[{"taxonomy":"category","embeddable":true,"href":"https:\/\/lospoliticosveracruz.com.mx\/index.php?rest_route=%2Fwp%2Fv2%2Fcategories&post=81253"},{"taxonomy":"post_tag","embeddable":true,"href":"https:\/\/lospoliticosveracruz.com.mx\/index.php?rest_route=%2Fwp%2Fv2%2Ftags&post=81253"}],"curies":[{"name":"wp","href":"https:\/\/api.w.org\/{rel}","templated":true}]}}