{"id":81414,"date":"2021-11-01T19:29:19","date_gmt":"2021-11-02T01:29:19","guid":{"rendered":"https:\/\/lospoliticosveracruz.com.mx\/?p=81414"},"modified":"2021-11-01T19:29:25","modified_gmt":"2021-11-02T01:29:25","slug":"va-tono-luna-por-las-3","status":"publish","type":"post","link":"https:\/\/lospoliticosveracruz.com.mx\/?p=81414","title":{"rendered":"Va To\u00f1o Luna por las 3!"},"content":{"rendered":"\n<p>\u00a0<br><strong>Xalapa<\/strong><\/p>\n\n\n\n<p><strong><br><\/strong>Consciente de la alta responsabilidad y compromiso con el pueblo veracruzano, que tendr\u00e1 al rendir protesta el pr\u00f3ximo 5 de noviembre en el Congreso del Estado; el diputado electo por Morena del Distrito XIII, Antonio \u2018To\u00f1o\u2019 Luna Rosales adelant\u00f3 que en materia legislativa tendr\u00e1 una agenda relacionada a temas de desarrollo econ\u00f3mico, hacendario y fiscal.<br>\u00a0<br>\u201cComo diputado mantendr\u00e9 tres l\u00edneas de acci\u00f3n, una de ellas ser\u00e1 revisar, perfeccionar y reformar marcos jur\u00eddicos conforme a los nuevos estilos de vida; por otro lado, trabajar\u00e9 en la gesti\u00f3n social en lo individual y en favor de los grupos sociales en estrecha coordinaci\u00f3n con el Poder Ejecutivo, y finalmente procurar\u00e9 fortalecer los canales de comunicaci\u00f3n con la poblaci\u00f3n, informar sobre las acciones que estamos realizando las y los legisladores y por qu\u00e9\u201d, explic\u00f3 en entrevista.<br>\u00a0<br>Respecto a la designaci\u00f3n de las Comisiones Permanentes, Luna Rosales calific\u00f3 a este proceso como un ejercicio democr\u00e1tico, dado que se considerar\u00e1 las aptitudes, el perfil acad\u00e9mico y experiencia de cada integrante de la LXVI Legislatura; reiter\u00f3 que ser\u00e1 un gran honor apoyar y aportar a Veracruz parte de sus conocimientos.<br>\u00a0<br>\u201cEsta Legislatura estar\u00e1 bien conformada por compa\u00f1eros que tienen experiencia y se desarrollan en diversas actividades econ\u00f3micas como profesionistas, maestros, agricultores, ganaderos, entre otras; en ese sentido, creo que la conformaci\u00f3n de las Comisiones constituir\u00e1n una legislatura productiva y bien representada\u201d, destac\u00f3.<br>\u00a0<br>Finalmente, asegur\u00f3 que al tomar protesta como diputado, su prioridad ser\u00e1 velar por los intereses del pueblo de Veracruz, \u201cno los vamos a defraudar, tendr\u00e1n a un servidor comprometido las 24 horas del d\u00eda, los 7 d\u00edas de la semana, por la transformaci\u00f3n, por las y los ciudadanos\u201d.<\/p>\n","protected":false},"excerpt":{"rendered":"<p>\u00a0Xalapa Consciente de la alta responsabilidad y compromiso con el pueblo veracruzano, que tendr\u00e1 al rendir protesta el pr\u00f3ximo 5 de noviembre en el Congreso del Estado; el diputado electo por Morena del Distrito XIII, Antonio \u2018To\u00f1o\u2019 Luna Rosales adelant\u00f3 que en materia legislativa tendr\u00e1 una agenda relacionada a temas de desarrollo econ\u00f3mico, hacendario y [&hellip;]<\/p>\n","protected":false},"author":2,"featured_media":0,"comment_status":"closed","ping_status":"closed","sticky":false,"template":"","format":"standard","meta":{"_jetpack_newsletter_access":"","_jetpack_dont_email_post_to_subs":false,"_jetpack_newsletter_tier_id":0,"_jetpack_memberships_contains_paywalled_content":false,"_jetpack_memberships_contains_paid_content":false,"footnotes":""},"categories":[73],"tags":[31038,19934,1026,195],"class_list":["post-81414","post","type-post","status-publish","format-standard","hentry","category-de-boleto","tag-antonio-luna-rosales","tag-legisver","tag-morena","tag-veracruz"],"jetpack_featured_media_url":"","jetpack_sharing_enabled":true,"jetpack_shortlink":"https:\/\/wp.me\/p4Qcd3-lb8","_links":{"self":[{"href":"https:\/\/lospoliticosveracruz.com.mx\/index.php?rest_route=\/wp\/v2\/posts\/81414","targetHints":{"allow":["GET"]}}],"collection":[{"href":"https:\/\/lospoliticosveracruz.com.mx\/index.php?rest_route=\/wp\/v2\/posts"}],"about":[{"href":"https:\/\/lospoliticosveracruz.com.mx\/index.php?rest_route=\/wp\/v2\/types\/post"}],"author":[{"embeddable":true,"href":"https:\/\/lospoliticosveracruz.com.mx\/index.php?rest_route=\/wp\/v2\/users\/2"}],"replies":[{"embeddable":true,"href":"https:\/\/lospoliticosveracruz.com.mx\/index.php?rest_route=%2Fwp%2Fv2%2Fcomments&post=81414"}],"version-history":[{"count":1,"href":"https:\/\/lospoliticosveracruz.com.mx\/index.php?rest_route=\/wp\/v2\/posts\/81414\/revisions"}],"predecessor-version":[{"id":81416,"href":"https:\/\/lospoliticosveracruz.com.mx\/index.php?rest_route=\/wp\/v2\/posts\/81414\/revisions\/81416"}],"wp:attachment":[{"href":"https:\/\/lospoliticosveracruz.com.mx\/index.php?rest_route=%2Fwp%2Fv2%2Fmedia&parent=81414"}],"wp:term":[{"taxonomy":"category","embeddable":true,"href":"https:\/\/lospoliticosveracruz.com.mx\/index.php?rest_route=%2Fwp%2Fv2%2Fcategories&post=81414"},{"taxonomy":"post_tag","embeddable":true,"href":"https:\/\/lospoliticosveracruz.com.mx\/index.php?rest_route=%2Fwp%2Fv2%2Ftags&post=81414"}],"curies":[{"name":"wp","href":"https:\/\/api.w.org\/{rel}","templated":true}]}}