{"id":81447,"date":"2021-11-02T23:29:00","date_gmt":"2021-11-03T05:29:00","guid":{"rendered":"https:\/\/lospoliticosveracruz.com.mx\/?p=81447"},"modified":"2021-11-02T22:14:21","modified_gmt":"2021-11-03T04:14:21","slug":"la-frase-de-claudia","status":"publish","type":"post","link":"https:\/\/lospoliticosveracruz.com.mx\/?p=81447","title":{"rendered":"La frase de Claudia"},"content":{"rendered":"\n<p><strong>Salvador Mu\u00f1oz<br><\/strong><em>Los Pol\u00edticos<\/em><\/p>\n\n\n\n<p>M\u00e9xico est\u00e1 preparado para tener a una Presidenta, dice Claudia Sheinbaum que en buen castellano, se podr\u00eda traducir en alabanza en boca propia, es vituperio, por la simple raz\u00f3n de que ella es una de las mujeres que est\u00e1 se\u00f1alada a competir por la candidatura este 2024.<br>Muy independiente de que si Claudia Sheinbaum se eche flores con sus decires, quiz\u00e1s su afirmaci\u00f3n tenga otra tesitura si se cambia la pregunta: \u00bfEstamos preparados los mexicanos para votar por una mujer? Hagamos m\u00e1s intensa la pregunta: \u00bfEstamos preparados los mexicanos para votar?<\/p>\n\n\n\n<div class=\"wp-block-image\"><figure class=\"alignleft size-large is-resized\"><a href=\"https:\/\/lospoliticosveracruz.com.mx\/wp-content\/uploads\/2021\/10\/WhatsApp-Image-2021-10-02-at-15.20.25.jpeg\"><img loading=\"lazy\" decoding=\"async\" src=\"https:\/\/lospoliticosveracruz.com.mx\/wp-content\/uploads\/2021\/10\/WhatsApp-Image-2021-10-02-at-15.20.25-724x1024.jpeg\" alt=\"\" class=\"wp-image-80177\" width=\"250\" height=\"350\"\/><\/a><\/figure><\/div>\n\n\n\n<p><br>Para entender mejor esto, pongamos sobre la mesa a Veracruz, Puebla, Estado de M\u00e9xico y Ciudad de M\u00e9xico. El concepto en que se tiene a estas entidades es de \u201creserva de votos\u201d. Tan solo recuerde c\u00f3mo se hacen cuentas con ellos: \u201cSi se ganan estos cuatro, se asegura la presidencia\u201d. Es decir, el ciudadano de cualquiera de estas entidades pasa de ser un voto en las urnas a una masa de votos. En otras palabras, el resultado parece estar presupuestado salvo por algunos inconvenientes que podr\u00edan echar abajo el c\u00e1lculo electoral del Sistema en el Poder y baste entonces recordar el caso de Chiquiyunes: El presupuesto era ganar con un mill\u00f3n 200 mil votos\u2026 pero no estaba contemplado el efecto AMLO. Se consideraba mejor preparado a Pepe Yunes Zorrila por encima de Miguel \u00c1ngel Yunes y Cuitl\u00e1huac Garc\u00eda y los dos \u00faltimos lo rebasaron.<br>Es el sentir ciudadano. Por m\u00e1s que el candidato o la candidata exponga sus virtudes en la administraci\u00f3n p\u00fablica, privada, que sea un buen padre y amoroso esposo, que tenga el mejor proyecto para el desarrollo econ\u00f3mico de su pa\u00eds, entidad o municipio, esto sencillamente le vale a la democracia\u2026 la capacidad, lo dec\u00edamos ayer, muchas veces no tiene nada que hacer contra la voluntad popular. A veces la democracia no es lo m\u00e1s justo.<br>Ahora, pasemos la afirmaci\u00f3n de Claudia Sheinbaum a la aldea: \u00bfVeracruz est\u00e1 preparado para tener a una Gobernadora?<br>Primero tendr\u00edamos que visualizar a las posibles candidatas, incluida la zacatecana Roc\u00edo Nahle, a quien con una simple aplanadora de Morena en el Congreso y una que otra aduana legislativa, se le podr\u00eda dar su pasaporte de veracruzana.<br>\u00bfEn el PAN ven a alguna mujer que pueda alzar la mano? La senadora Indira, la alcaldesa electa Patricia Lobeira, Montserrat Ortega (que dicho sea de paso, gran paso por el Congreso), Maryjose Gamboa y es posible que por all\u00ed se me escape alguna otra dama, tengan oportunidad de estar en condiciones de subirse al ring pol\u00edtico para medirse con Roc\u00edo Nahle\u2026<br>\u00bfY en el PRI? Quiz\u00e1s haya m\u00e1s, pero Anil\u00fa Ingram Vallines es la que por trayectoria y experiencia aparece primero en mi lista\u2026 los pri\u00edstas pueden encartar a las damas que igual consideren\u2026<br>Pero han de disculpar los claudistas, gobernar no es una cuesti\u00f3n de g\u00e9nero, lo que lleva a creer que la afirmaci\u00f3n de Claudia Sheinbaum est\u00e1 mal dirigida y quiz\u00e1s debiera estructurarse en forma de pregunta:<br>\u00bfClaudia Sheinbaum est\u00e1 preparada para ser candidata a la presidencia? Quiz\u00e1s los vecinos de la Ciudad de M\u00e9xico en este momento tengan la misma respuesta o vaya difiriendo al paso del tiempo, al cierre de su administraci\u00f3n.<br>Aunque bien vale la pena recordar esa frase que all\u00e1 en el 2017, dijo Margarita Zavala: \u201cM\u00e9xico est\u00e1 preparado para tener a una Presidenta\u201d, y al final, se baj\u00f3 del caballo y a medio r\u00edo\u2026<\/p>\n\n\n\n<p>smcainito@gmail.com<\/p>\n","protected":false},"excerpt":{"rendered":"<p>Salvador Mu\u00f1ozLos Pol\u00edticos M\u00e9xico est\u00e1 preparado para tener a una Presidenta, dice Claudia Sheinbaum que en buen castellano, se podr\u00eda traducir en alabanza en boca propia, es vituperio, por la simple raz\u00f3n de que ella es una de las mujeres que est\u00e1 se\u00f1alada a competir por la candidatura este 2024.Muy independiente de que si Claudia [&hellip;]<\/p>\n","protected":false},"author":2,"featured_media":81448,"comment_status":"closed","ping_status":"closed","sticky":false,"template":"","format":"standard","meta":{"_jetpack_newsletter_access":"","_jetpack_dont_email_post_to_subs":false,"_jetpack_newsletter_tier_id":0,"_jetpack_memberships_contains_paywalled_content":false,"_jetpack_memberships_contains_paid_content":false,"footnotes":""},"categories":[70],"tags":[618,1872,9627,1563,5506,1441,1937,1510,1026,28254,8131,3578,2646,195],"class_list":["post-81447","post","type-post","status-publish","format-standard","has-post-thumbnail","hentry","category-de-opinion","tag-andres-manuel-lopez-obrador","tag-anilu-ingram-vallines","tag-claudia-sheinbaum","tag-cuitlahuac-garcia-jimenez","tag-indira-rosales-san-roman","tag-margarita-zavala","tag-maryjose-gamboa","tag-miguel-angel-yunes","tag-morena","tag-patricia-lobeira","tag-pepe-yunes-zorrila","tag-rocio-nahle","tag-salvador-munoz","tag-veracruz"],"jetpack_featured_media_url":"https:\/\/lospoliticosveracruz.com.mx\/wp-content\/uploads\/2021\/11\/Claudia-Sheinbaum.jpg","jetpack_sharing_enabled":true,"jetpack_shortlink":"https:\/\/wp.me\/p4Qcd3-lbF","_links":{"self":[{"href":"https:\/\/lospoliticosveracruz.com.mx\/index.php?rest_route=\/wp\/v2\/posts\/81447","targetHints":{"allow":["GET"]}}],"collection":[{"href":"https:\/\/lospoliticosveracruz.com.mx\/index.php?rest_route=\/wp\/v2\/posts"}],"about":[{"href":"https:\/\/lospoliticosveracruz.com.mx\/index.php?rest_route=\/wp\/v2\/types\/post"}],"author":[{"embeddable":true,"href":"https:\/\/lospoliticosveracruz.com.mx\/index.php?rest_route=\/wp\/v2\/users\/2"}],"replies":[{"embeddable":true,"href":"https:\/\/lospoliticosveracruz.com.mx\/index.php?rest_route=%2Fwp%2Fv2%2Fcomments&post=81447"}],"version-history":[{"count":1,"href":"https:\/\/lospoliticosveracruz.com.mx\/index.php?rest_route=\/wp\/v2\/posts\/81447\/revisions"}],"predecessor-version":[{"id":81449,"href":"https:\/\/lospoliticosveracruz.com.mx\/index.php?rest_route=\/wp\/v2\/posts\/81447\/revisions\/81449"}],"wp:featuredmedia":[{"embeddable":true,"href":"https:\/\/lospoliticosveracruz.com.mx\/index.php?rest_route=\/wp\/v2\/media\/81448"}],"wp:attachment":[{"href":"https:\/\/lospoliticosveracruz.com.mx\/index.php?rest_route=%2Fwp%2Fv2%2Fmedia&parent=81447"}],"wp:term":[{"taxonomy":"category","embeddable":true,"href":"https:\/\/lospoliticosveracruz.com.mx\/index.php?rest_route=%2Fwp%2Fv2%2Fcategories&post=81447"},{"taxonomy":"post_tag","embeddable":true,"href":"https:\/\/lospoliticosveracruz.com.mx\/index.php?rest_route=%2Fwp%2Fv2%2Ftags&post=81447"}],"curies":[{"name":"wp","href":"https:\/\/api.w.org\/{rel}","templated":true}]}}