{"id":81506,"date":"2021-11-04T13:24:30","date_gmt":"2021-11-04T19:24:30","guid":{"rendered":"https:\/\/lospoliticosveracruz.com.mx\/?p=81506"},"modified":"2021-11-04T13:24:34","modified_gmt":"2021-11-04T19:24:34","slug":"la-sorprendente-citlali","status":"publish","type":"post","link":"https:\/\/lospoliticosveracruz.com.mx\/?p=81506","title":{"rendered":"La sorprendente Citlali"},"content":{"rendered":"\n<p><strong>Sergio Gonz\u00e1lez Levet<br><\/strong><em>Sin tacto<\/em><\/p>\n\n\n\n<p><br>\u00abEl hombre es \u00e9l y su circunstancia\u00bb, reza la famosa frase del fil\u00f3sofo espa\u00f1ol Jos\u00e9 Ortega y Gasset.<br>Pero para el lenguaje incluyente tendr\u00edamos que reconocer que tambi\u00e9n la mujer es ella y su circunstancia, aunque en un mundo masculinizado las f\u00e9minas se ven obligadas a construir ellas mismas su entorno, su realidad laboral y su lugar en la espiral del poder, es decir, su circunstancia.<br>Tal pareciera el caso de la recient\u00edsima ex alcaldesa de Tamiahua, quien este viernes 5 tomar\u00e1 posesi\u00f3n como diputada local plurinominal por el Partido Verde Ecologista de M\u00e9xico.<br>Y como parte de la construcci\u00f3n de su circunstancia, Citlali Medell\u00edn Careaga se reuni\u00f3 ayer con el Grupo de los Diez.<br>Los experimentados periodistas que conforman esta reuni\u00f3n le aventaron toda una metralla de preguntas, de la que sali\u00f3 no solamente airosa, sino reconocida con honores.<br>Citlali es una diputada que, lo dir\u00e9 como elogio, no parece emanada de un partido que est\u00e1 en alianza con Morena, con el grupo dominante que ha sido tan cuestionado por su proceder.<br>Ella se reconoce como una ciudadana que ama a su estado y que quiere lo mejor para sus gentes.Si me permiten (y me perdonan) el juego de palabras, si los hombres \u00abtienen dos\u00bb, ella tiene dos \u00abo varios\u00bb y lo ha demostrado en su actuaci\u00f3n como funcionaria municipal.<br>Y s\u00ed, fue la alcaldesa que enfrent\u00f3 la profunda misoginia del cacicazgo que se hab\u00eda apoderado de Tamiahua y se negaba a que tomara posesi\u00f3n una mujer como jefa del Ayuntamiento.<br>Y s\u00ed, fue la que enfrent\u00f3 valientemente a los pescadores de la laguna, soliviantados en contra de ella con mentiras e infamias<br>Y s\u00ed, fue la presidenta municipal que cerr\u00f3 el municipio a piedra y lodo para salvar a su pueblo de la Covid, al grado que de marzo a septiembre de 2020 no hubo ning\u00fan fallecido en Tamiahua a causa del coronavirus.<br>Pero no s\u00f3lo es el car\u00e1cter fuerte, la entereza, lo que prima en ella, sino la preparaci\u00f3n acad\u00e9mica, que se ha sumado en su persona a la inteligencia para saber mandar.<br>La maestra Medell\u00edn Careaga va a ser a partir de ma\u00f1ana una diputada de conciencia, una representante independiente frente a los intereses del partido en el poder, del grupo que quiere dominar en la Legislatura para llevar agua al molino del Ejecutivo estatal, un poder que debe ser respetuoso de los otros dos, pero no quiere serlo.<br>Un amigo incondicional de Citlali le augur\u00f3 que va a ser un dolor de cabeza para los pretendidos pastores del reba\u00f1o morenista y sus aliados.<br>Y lo ser\u00e1 porque se va a manejar con autonom\u00eda, con respeto a las causas populares y llena de congruencia.<br>Por eso la diputada Medell\u00edn va a ser un caso especial en la historia del Congreso veracruzano.<br>Ma\u00f1ana mismo lo empezaremos a ver.<br>Por esta\u2026<\/p>\n\n\n\n<p>sglevet@gmail.com<\/p>\n","protected":false},"excerpt":{"rendered":"<p>Sergio Gonz\u00e1lez LevetSin tacto \u00abEl hombre es \u00e9l y su circunstancia\u00bb, reza la famosa frase del fil\u00f3sofo espa\u00f1ol Jos\u00e9 Ortega y Gasset.Pero para el lenguaje incluyente tendr\u00edamos que reconocer que tambi\u00e9n la mujer es ella y su circunstancia, aunque en un mundo masculinizado las f\u00e9minas se ven obligadas a construir ellas mismas su entorno, su [&hellip;]<\/p>\n","protected":false},"author":2,"featured_media":81507,"comment_status":"closed","ping_status":"closed","sticky":false,"template":"","format":"standard","meta":{"_jetpack_newsletter_access":"","_jetpack_dont_email_post_to_subs":false,"_jetpack_newsletter_tier_id":0,"_jetpack_memberships_contains_paywalled_content":false,"_jetpack_memberships_contains_paid_content":false,"footnotes":""},"categories":[70],"tags":[8106,1282,2837],"class_list":["post-81506","post","type-post","status-publish","format-standard","has-post-thumbnail","hentry","category-de-opinion","tag-citlali-medellin-careaga","tag-sergio-gonzalez-levet","tag-tamiahua"],"jetpack_featured_media_url":"https:\/\/lospoliticosveracruz.com.mx\/wp-content\/uploads\/2021\/11\/Citlali-Medellin-Careaga.jpg","jetpack_sharing_enabled":true,"jetpack_shortlink":"https:\/\/wp.me\/p4Qcd3-lcC","_links":{"self":[{"href":"https:\/\/lospoliticosveracruz.com.mx\/index.php?rest_route=\/wp\/v2\/posts\/81506","targetHints":{"allow":["GET"]}}],"collection":[{"href":"https:\/\/lospoliticosveracruz.com.mx\/index.php?rest_route=\/wp\/v2\/posts"}],"about":[{"href":"https:\/\/lospoliticosveracruz.com.mx\/index.php?rest_route=\/wp\/v2\/types\/post"}],"author":[{"embeddable":true,"href":"https:\/\/lospoliticosveracruz.com.mx\/index.php?rest_route=\/wp\/v2\/users\/2"}],"replies":[{"embeddable":true,"href":"https:\/\/lospoliticosveracruz.com.mx\/index.php?rest_route=%2Fwp%2Fv2%2Fcomments&post=81506"}],"version-history":[{"count":1,"href":"https:\/\/lospoliticosveracruz.com.mx\/index.php?rest_route=\/wp\/v2\/posts\/81506\/revisions"}],"predecessor-version":[{"id":81508,"href":"https:\/\/lospoliticosveracruz.com.mx\/index.php?rest_route=\/wp\/v2\/posts\/81506\/revisions\/81508"}],"wp:featuredmedia":[{"embeddable":true,"href":"https:\/\/lospoliticosveracruz.com.mx\/index.php?rest_route=\/wp\/v2\/media\/81507"}],"wp:attachment":[{"href":"https:\/\/lospoliticosveracruz.com.mx\/index.php?rest_route=%2Fwp%2Fv2%2Fmedia&parent=81506"}],"wp:term":[{"taxonomy":"category","embeddable":true,"href":"https:\/\/lospoliticosveracruz.com.mx\/index.php?rest_route=%2Fwp%2Fv2%2Fcategories&post=81506"},{"taxonomy":"post_tag","embeddable":true,"href":"https:\/\/lospoliticosveracruz.com.mx\/index.php?rest_route=%2Fwp%2Fv2%2Ftags&post=81506"}],"curies":[{"name":"wp","href":"https:\/\/api.w.org\/{rel}","templated":true}]}}