{"id":81613,"date":"2021-11-07T15:51:25","date_gmt":"2021-11-07T21:51:25","guid":{"rendered":"https:\/\/lospoliticosveracruz.com.mx\/?p=81613"},"modified":"2021-11-07T15:52:58","modified_gmt":"2021-11-07T21:52:58","slug":"vacunas-a-lo-mas-recondito-de-veracruz","status":"publish","type":"post","link":"https:\/\/lospoliticosveracruz.com.mx\/?p=81613","title":{"rendered":"Vacunas, a lo m\u00e1s rec\u00f3ndito de Veracruz"},"content":{"rendered":"\n<p><em>Xalapa<\/em><br>El Delegado de Programas para el Desarrollo, Manuel Huerta Ladr\u00f3n de Guevara, inform\u00f3 que a partir de la pr\u00f3xima semana iniciar\u00e1 el operativo que ampliar\u00e1 las jornadas de vacunaci\u00f3n en 100 localidades m\u00e1s alejadas de 41 municipios para atender a la poblaci\u00f3n de 18 a\u00f1os en adelante que por alguna raz\u00f3n no hayan podido vacunarse; asimismo, continuar\u00e1n las aplicaciones de segundas dosis del biol\u00f3gico Astra-Zeneca en otras ciudades.<\/p>\n\n\n\n<p>Algunos de los municipios donde se vacunar\u00e1 a partir del 08 de noviembre, son: Tepetzintla, Tlapacoyan, Actopan, Amatl\u00e1n, Camerino Z. Mendoza, Rodr\u00edguez Clara, San Juan Evangelista y P\u00e1nuco que vacunar\u00e1 el 08 y el 09. Para el d\u00eda 09, Huerta coment\u00f3 que se vacunar\u00e1 en Naranjos, Tamiahua, Coatzintla, Tihuatl\u00e1n, Atoyac, R\u00edo Blanco, \u00c1ngel R. Cabada. El funcionario se\u00f1al\u00f3 que en estos operativos extraordinarios se aplicar\u00e1 el biol\u00f3gico unidosis Cansino.<\/p>\n\n\n\n<p>Adem\u00e1s, agreg\u00f3 que esta semana tambi\u00e9n se estar\u00e1n aplicando segundas dosis del biol\u00f3gico AstraZeneca para los j\u00f3venes de 18 a 29 a\u00f1os; del 08 al 11 se vacunar\u00e1 en C\u00f3rdoba; en Mart\u00ednez de la Torre del 08 al 10; en Tuxpan y Orizaba del 10 al 12 de noviembre. El servidor p\u00fablico a\u00f1adi\u00f3 que en estos puntos habr\u00e1 vacuna para los rezagados.<\/p>\n\n\n\n<p>Sobre la vacunaci\u00f3n a los menores de 12 a 17 a\u00f1os con comorbilidades, el Delegado se\u00f1al\u00f3 que hasta la fecha se han vacunado 13 mil 830 menores de un total de 20 mil; mencion\u00f3 que este operativo contin\u00faa en 19 hospitales en 11 municipios del Estado y record\u00f3 a la poblaci\u00f3n que desee vacunarse, que es necesario llevar documentaci\u00f3n que acredite el padecimiento del menor. Para cualquier duda, pueden comunicarse a los n\u00fameros 01-800-BIENESTAR y a las oficinas de Xalapa a los n\u00fameros: 2288139264, 2288135344, 2288129876, 2288135230, 2288125249, 2288125257, 2288127821, 2288125251, 2288125252, 2288125247, 2288125256, 2288129166 y 2288129478.<\/p>\n\n\n\n<p>Finalmente, coment\u00f3 que del 15 al 30 de noviembre se estar\u00e1n realizando los operativos para el pago de pensiones para adultos mayores que son de nueva incorporaci\u00f3n; asimismo, Huerta se\u00f1al\u00f3 que en los m\u00f3dulos de pago se abrir\u00e1n espacios para que la poblaci\u00f3n rezagada de primera o segunda dosis, pueda asistir a recibir su vacuna.<\/p>\n","protected":false},"excerpt":{"rendered":"<p>XalapaEl Delegado de Programas para el Desarrollo, Manuel Huerta Ladr\u00f3n de Guevara, inform\u00f3 que a partir de la pr\u00f3xima semana iniciar\u00e1 el operativo que ampliar\u00e1 las jornadas de vacunaci\u00f3n en 100 localidades m\u00e1s alejadas de 41 municipios para atender a la poblaci\u00f3n de 18 a\u00f1os en adelante que por alguna raz\u00f3n no hayan podido vacunarse; [&hellip;]<\/p>\n","protected":false},"author":2,"featured_media":0,"comment_status":"closed","ping_status":"closed","sticky":false,"template":"","format":"standard","meta":{"_jetpack_newsletter_access":"","_jetpack_dont_email_post_to_subs":false,"_jetpack_newsletter_tier_id":0,"_jetpack_memberships_contains_paywalled_content":false,"_jetpack_memberships_contains_paid_content":false,"footnotes":""},"categories":[73],"tags":[16673,260,1850,935,19347],"class_list":["post-81613","post","type-post","status-publish","format-standard","hentry","category-de-boleto","tag-covid-19","tag-javier-duarte-de-ochoa","tag-manuel-huerta-ladron-de-guevara","tag-panuco","tag-vacunacion"],"jetpack_featured_media_url":"","jetpack_sharing_enabled":true,"jetpack_shortlink":"https:\/\/wp.me\/p4Qcd3-lel","_links":{"self":[{"href":"https:\/\/lospoliticosveracruz.com.mx\/index.php?rest_route=\/wp\/v2\/posts\/81613","targetHints":{"allow":["GET"]}}],"collection":[{"href":"https:\/\/lospoliticosveracruz.com.mx\/index.php?rest_route=\/wp\/v2\/posts"}],"about":[{"href":"https:\/\/lospoliticosveracruz.com.mx\/index.php?rest_route=\/wp\/v2\/types\/post"}],"author":[{"embeddable":true,"href":"https:\/\/lospoliticosveracruz.com.mx\/index.php?rest_route=\/wp\/v2\/users\/2"}],"replies":[{"embeddable":true,"href":"https:\/\/lospoliticosveracruz.com.mx\/index.php?rest_route=%2Fwp%2Fv2%2Fcomments&post=81613"}],"version-history":[{"count":1,"href":"https:\/\/lospoliticosveracruz.com.mx\/index.php?rest_route=\/wp\/v2\/posts\/81613\/revisions"}],"predecessor-version":[{"id":81614,"href":"https:\/\/lospoliticosveracruz.com.mx\/index.php?rest_route=\/wp\/v2\/posts\/81613\/revisions\/81614"}],"wp:attachment":[{"href":"https:\/\/lospoliticosveracruz.com.mx\/index.php?rest_route=%2Fwp%2Fv2%2Fmedia&parent=81613"}],"wp:term":[{"taxonomy":"category","embeddable":true,"href":"https:\/\/lospoliticosveracruz.com.mx\/index.php?rest_route=%2Fwp%2Fv2%2Fcategories&post=81613"},{"taxonomy":"post_tag","embeddable":true,"href":"https:\/\/lospoliticosveracruz.com.mx\/index.php?rest_route=%2Fwp%2Fv2%2Ftags&post=81613"}],"curies":[{"name":"wp","href":"https:\/\/api.w.org\/{rel}","templated":true}]}}