{"id":81615,"date":"2021-11-07T17:54:41","date_gmt":"2021-11-07T23:54:41","guid":{"rendered":"https:\/\/lospoliticosveracruz.com.mx\/?p=81615"},"modified":"2021-11-07T17:54:47","modified_gmt":"2021-11-07T23:54:47","slug":"hay-carino-de-marko-para-el-carino","status":"publish","type":"post","link":"https:\/\/lospoliticosveracruz.com.mx\/?p=81615","title":{"rendered":"Hay Cari\u00f1o de Marko para El Cari\u00f1o"},"content":{"rendered":"\n<p><em>Ciudad de M\u00e9xico<\/em><br>El Presidente Nacional del PAN, Marko Cort\u00e9s, nombr\u00f3 este d\u00eda al xalape\u00f1o Omar Miranda como nuevo Secretario Nacional para la Promoci\u00f3n y defensa de los Derechos Humanos. Esta nueva cartera del Comit\u00e9 Ejecutivo Nacional es un mensaje claro del nuevo rumbo que tomar\u00e1 Acci\u00f3n Nacional para fortalecer una cultura que respete y promueva los derechos humanos frente al r\u00e9gimen de MORENA.<\/p>\n\n\n\n<p>El ex coordinador de los diputados locales en el Congreso de Veracruz, agradeci\u00f3 al Presidente Nacional del PAN la oportunidad para crear esta secretar\u00eda que forma parte de la evoluci\u00f3n del CEN rumbo a la construcci\u00f3n de un partido m\u00e1s abierto a la sociedad donde el di\u00e1logo sea una fortaleza para la defensa de las personas.<\/p>\n\n\n\n<p>Omar Miranda record\u00f3 la importancia de un espacio dentro del partido para la defensa de los derechos humanos \u201cNos preocupa la amenaza sistematizada del r\u00e9gimen que vulner\u00f3 la autonom\u00eda de la CNDH, que persigue migrantes, que amenaza a periodistas por se\u00f1alar los errores del gobierno o que atenta contra la vida de pacientes que siguen sufriendo el desabasto de medicamentos. Es por eso que resulta urgente un espacio para la deliberaci\u00f3n seria que ponga al centro de cada decisi\u00f3n el respeto y reconocimiento de la dignidad de cada una de las personas que vivimos o transitan por este pa\u00eds\u201d.<\/p>\n\n\n\n<p>Asegur\u00f3 tambi\u00e9n que desde su fundaci\u00f3n, Acci\u00f3n Nacional tiene clara su doctrina que respeta la dignidad de la persona, raz\u00f3n por la cual hace diez a\u00f1os un gobierno panista fue el que promovi\u00f3 el avance jur\u00eddico m\u00e1s importante que ha tenido M\u00e9xico para optimizar el goce y ejercicio de los derechos humanos, con la Reforma Constitucional de 2011.<\/p>\n\n\n\n<p>El nuevo Secretario Nacional para la Promoci\u00f3n y defensa de los Derechos Humanos dijo que desde el CEN har\u00e1n valer el Estado de derecho, como una condici\u00f3n necesaria para la protecci\u00f3n de los derechos humanos en todo gobierno que diga respetarlos. Asegur\u00f3 que es fundamental que exista una discusi\u00f3n nacional para que existan las bases m\u00ednimas que garanticen a todas las personas la protecci\u00f3n y el reconocimiento de sus derechos fundamentales.<\/p>\n","protected":false},"excerpt":{"rendered":"<p>Ciudad de M\u00e9xicoEl Presidente Nacional del PAN, Marko Cort\u00e9s, nombr\u00f3 este d\u00eda al xalape\u00f1o Omar Miranda como nuevo Secretario Nacional para la Promoci\u00f3n y defensa de los Derechos Humanos. Esta nueva cartera del Comit\u00e9 Ejecutivo Nacional es un mensaje claro del nuevo rumbo que tomar\u00e1 Acci\u00f3n Nacional para fortalecer una cultura que respete y promueva [&hellip;]<\/p>\n","protected":false},"author":2,"featured_media":0,"comment_status":"closed","ping_status":"closed","sticky":false,"template":"","format":"standard","meta":{"_jetpack_newsletter_access":"","_jetpack_dont_email_post_to_subs":false,"_jetpack_newsletter_tier_id":0,"_jetpack_memberships_contains_paywalled_content":false,"_jetpack_memberships_contains_paid_content":false,"footnotes":""},"categories":[73],"tags":[4430,12562,12807,266],"class_list":["post-81615","post","type-post","status-publish","format-standard","hentry","category-de-boleto","tag-derechos-humanos","tag-marko-cortes","tag-omar-miranda","tag-pan"],"jetpack_featured_media_url":"","jetpack_sharing_enabled":true,"jetpack_shortlink":"https:\/\/wp.me\/p4Qcd3-len","_links":{"self":[{"href":"https:\/\/lospoliticosveracruz.com.mx\/index.php?rest_route=\/wp\/v2\/posts\/81615","targetHints":{"allow":["GET"]}}],"collection":[{"href":"https:\/\/lospoliticosveracruz.com.mx\/index.php?rest_route=\/wp\/v2\/posts"}],"about":[{"href":"https:\/\/lospoliticosveracruz.com.mx\/index.php?rest_route=\/wp\/v2\/types\/post"}],"author":[{"embeddable":true,"href":"https:\/\/lospoliticosveracruz.com.mx\/index.php?rest_route=\/wp\/v2\/users\/2"}],"replies":[{"embeddable":true,"href":"https:\/\/lospoliticosveracruz.com.mx\/index.php?rest_route=%2Fwp%2Fv2%2Fcomments&post=81615"}],"version-history":[{"count":1,"href":"https:\/\/lospoliticosveracruz.com.mx\/index.php?rest_route=\/wp\/v2\/posts\/81615\/revisions"}],"predecessor-version":[{"id":81617,"href":"https:\/\/lospoliticosveracruz.com.mx\/index.php?rest_route=\/wp\/v2\/posts\/81615\/revisions\/81617"}],"wp:attachment":[{"href":"https:\/\/lospoliticosveracruz.com.mx\/index.php?rest_route=%2Fwp%2Fv2%2Fmedia&parent=81615"}],"wp:term":[{"taxonomy":"category","embeddable":true,"href":"https:\/\/lospoliticosveracruz.com.mx\/index.php?rest_route=%2Fwp%2Fv2%2Fcategories&post=81615"},{"taxonomy":"post_tag","embeddable":true,"href":"https:\/\/lospoliticosveracruz.com.mx\/index.php?rest_route=%2Fwp%2Fv2%2Ftags&post=81615"}],"curies":[{"name":"wp","href":"https:\/\/api.w.org\/{rel}","templated":true}]}}