{"id":81740,"date":"2021-11-10T12:55:41","date_gmt":"2021-11-10T18:55:41","guid":{"rendered":"https:\/\/lospoliticosveracruz.com.mx\/?p=81740"},"modified":"2021-11-10T12:55:46","modified_gmt":"2021-11-10T18:55:46","slug":"piden-incremento-a-tarifas","status":"publish","type":"post","link":"https:\/\/lospoliticosveracruz.com.mx\/?p=81740","title":{"rendered":"Piden incremento a tarifas!"},"content":{"rendered":"\n<p><\/p>\n\n\n\n<p><\/p>\n\n\n\n<p><strong>Xalapa<\/strong><\/p>\n\n\n\n<p><br>Desde Coatzacoalcos, taxistas piden al gobierno del estado un aumento a las tarifas, ya que desde hace 20 a\u00f1os no se actualizan.<br>A trav\u00e9s de una carta enviada al gobernador Cuitl\u00e1huac Garc\u00eda Jim\u00e9nez, el pasado 5 de noviembre, el coordinador regional del Movimiento de transporte multidonal de la zona sur, Ger\u00f3nimo Z\u00e1rate Rodr\u00edguez, exponen la situaci\u00f3n complicada por la que atraviesa ese gremio.<br>\u00abSe\u00f1or gobernador solicitamos de la manera m\u00e1s atenta que de manera urgente se le d\u00e9 una adecuaci\u00f3n a las tarifas de taxis autorizadas en todo el estado, pues no queremos estar en la ilegalidad, y por otro lado no podemos cobrar las tarifas tan irrisorias que existen actualmente\u00bb.<br>El l\u00edder transportista, resalt\u00f3 que<br>las \u00abtarifas vigentes\u00bb actuales, datan desde el 2 de mayo del 2002 lo cual significa que tienen 19 a\u00f1os que no se actualizan<br>Es terrible, dijo, que un gremio que tanto lo apoyo, como el nuestro \u00abno tengamos la adecuaci\u00f3n, a los autobuses ya se les autoriz\u00f3 el aumento y a nosotros como taxistas no, adem\u00e1s de que cargamos con la competencia desleal que generan las aplicaciones de corridas y entregas\u00bb.<\/p>\n","protected":false},"excerpt":{"rendered":"<p>Xalapa Desde Coatzacoalcos, taxistas piden al gobierno del estado un aumento a las tarifas, ya que desde hace 20 a\u00f1os no se actualizan.A trav\u00e9s de una carta enviada al gobernador Cuitl\u00e1huac Garc\u00eda Jim\u00e9nez, el pasado 5 de noviembre, el coordinador regional del Movimiento de transporte multidonal de la zona sur, Ger\u00f3nimo Z\u00e1rate Rodr\u00edguez, exponen la [&hellip;]<\/p>\n","protected":false},"author":2,"featured_media":81741,"comment_status":"closed","ping_status":"closed","sticky":false,"template":"","format":"standard","meta":{"_jetpack_newsletter_access":"","_jetpack_dont_email_post_to_subs":false,"_jetpack_newsletter_tier_id":0,"_jetpack_memberships_contains_paywalled_content":false,"_jetpack_memberships_contains_paid_content":false,"footnotes":""},"categories":[6446],"tags":[371,1563,31154,195],"class_list":["post-81740","post","type-post","status-publish","format-standard","has-post-thumbnail","hentry","category-la-nota","tag-coatzacoalcos","tag-cuitlahuac-garcia-jimenez","tag-geronimo-zarate-rodriguez","tag-veracruz"],"jetpack_featured_media_url":"https:\/\/lospoliticosveracruz.com.mx\/wp-content\/uploads\/2021\/11\/PRI2.jpg","jetpack_sharing_enabled":true,"jetpack_shortlink":"https:\/\/wp.me\/p4Qcd3-lgo","_links":{"self":[{"href":"https:\/\/lospoliticosveracruz.com.mx\/index.php?rest_route=\/wp\/v2\/posts\/81740","targetHints":{"allow":["GET"]}}],"collection":[{"href":"https:\/\/lospoliticosveracruz.com.mx\/index.php?rest_route=\/wp\/v2\/posts"}],"about":[{"href":"https:\/\/lospoliticosveracruz.com.mx\/index.php?rest_route=\/wp\/v2\/types\/post"}],"author":[{"embeddable":true,"href":"https:\/\/lospoliticosveracruz.com.mx\/index.php?rest_route=\/wp\/v2\/users\/2"}],"replies":[{"embeddable":true,"href":"https:\/\/lospoliticosveracruz.com.mx\/index.php?rest_route=%2Fwp%2Fv2%2Fcomments&post=81740"}],"version-history":[{"count":1,"href":"https:\/\/lospoliticosveracruz.com.mx\/index.php?rest_route=\/wp\/v2\/posts\/81740\/revisions"}],"predecessor-version":[{"id":81742,"href":"https:\/\/lospoliticosveracruz.com.mx\/index.php?rest_route=\/wp\/v2\/posts\/81740\/revisions\/81742"}],"wp:featuredmedia":[{"embeddable":true,"href":"https:\/\/lospoliticosveracruz.com.mx\/index.php?rest_route=\/wp\/v2\/media\/81741"}],"wp:attachment":[{"href":"https:\/\/lospoliticosveracruz.com.mx\/index.php?rest_route=%2Fwp%2Fv2%2Fmedia&parent=81740"}],"wp:term":[{"taxonomy":"category","embeddable":true,"href":"https:\/\/lospoliticosveracruz.com.mx\/index.php?rest_route=%2Fwp%2Fv2%2Fcategories&post=81740"},{"taxonomy":"post_tag","embeddable":true,"href":"https:\/\/lospoliticosveracruz.com.mx\/index.php?rest_route=%2Fwp%2Fv2%2Ftags&post=81740"}],"curies":[{"name":"wp","href":"https:\/\/api.w.org\/{rel}","templated":true}]}}