{"id":81743,"date":"2021-11-10T13:34:31","date_gmt":"2021-11-10T19:34:31","guid":{"rendered":"https:\/\/lospoliticosveracruz.com.mx\/?p=81743"},"modified":"2021-11-10T13:34:41","modified_gmt":"2021-11-10T19:34:41","slug":"paty-espera-que-haya-apoyo-para-el-carnaval","status":"publish","type":"post","link":"https:\/\/lospoliticosveracruz.com.mx\/?p=81743","title":{"rendered":"Paty espera que haya apoyo para el Carnaval!"},"content":{"rendered":"\n<p><\/p>\n\n\n\n<p><\/p>\n\n\n\n<p><strong>Veracruz<\/strong><\/p>\n\n\n\n<p><br>Al asistir en el evento de inauguraci\u00f3n de la Expo Feria CANACO Buen Fin 2021, la alcaldesa electa del Puerto de Veracruz, Patricia Lobeira de Yunes, manifest\u00f3 que esto es algo muy positivo porque ayudar\u00e1 a reactivar la econom\u00eda en la ciudad.<\/p>\n\n\n\n<p>Sobre el tema de la realizaci\u00f3n del carnaval, Paty Lobeira manifest\u00f3 que se est\u00e1 analizando el tema, y hay intenci\u00f3n de hacerlo porque sabe que es un fiesta de mucho inter\u00e9s para los veracruzanos, para los comercios y para los hoteles.<\/p>\n\n\n\n<p>\u201cEstamos realizando un an\u00e1lisis exhaustivo de los n\u00fameros, del presupuesto para determinar su viabilidad, en cuanto tomemos una decisi\u00f3n definitiva se los haremos saber\u201d, inform\u00f3.<\/p>\n\n\n\n<p>Paty Lobeira sostuvo que est\u00e1 de acuerdo con lo expresado por el alcalde, Fernando Yunes, de que tiene que haber apoyo econ\u00f3mico por parte del Gobierno del Estado, ya que siempre lo ha habido porque se trata de una fiesta estatal, que se traduce en una derrama econ\u00f3mica importante para muchos municipios no solo para el Puerto de Veracruz.<\/p>\n\n\n\n<p>\u201cYo espero que s\u00ed haya apoyo no tiene por qu\u00e9 no haberlo, la verdad es que el Gobierno estatal ha apoyado en a\u00f1os anteriores y esperamos que este a\u00f1o lo haga tambi\u00e9n\u201d, expres\u00f3 la alcaldesa electa.<\/p>\n","protected":false},"excerpt":{"rendered":"<p>Veracruz Al asistir en el evento de inauguraci\u00f3n de la Expo Feria CANACO Buen Fin 2021, la alcaldesa electa del Puerto de Veracruz, Patricia Lobeira de Yunes, manifest\u00f3 que esto es algo muy positivo porque ayudar\u00e1 a reactivar la econom\u00eda en la ciudad. Sobre el tema de la realizaci\u00f3n del carnaval, Paty Lobeira manifest\u00f3 que [&hellip;]<\/p>\n","protected":false},"author":2,"featured_media":81744,"comment_status":"closed","ping_status":"closed","sticky":false,"template":"","format":"standard","meta":{"_jetpack_newsletter_access":"","_jetpack_dont_email_post_to_subs":false,"_jetpack_newsletter_tier_id":0,"_jetpack_memberships_contains_paywalled_content":false,"_jetpack_memberships_contains_paid_content":false,"footnotes":""},"categories":[73],"tags":[31155,6816,1563,266,28226,195],"class_list":["post-81743","post","type-post","status-publish","format-standard","has-post-thumbnail","hentry","category-de-boleto","tag-buen-fin-2021","tag-canaco","tag-cuitlahuac-garcia-jimenez","tag-pan","tag-paty-lobeira-de-yunes","tag-veracruz"],"jetpack_featured_media_url":"https:\/\/lospoliticosveracruz.com.mx\/wp-content\/uploads\/2021\/11\/PATY-1.jpg","jetpack_sharing_enabled":true,"jetpack_shortlink":"https:\/\/wp.me\/p4Qcd3-lgr","_links":{"self":[{"href":"https:\/\/lospoliticosveracruz.com.mx\/index.php?rest_route=\/wp\/v2\/posts\/81743","targetHints":{"allow":["GET"]}}],"collection":[{"href":"https:\/\/lospoliticosveracruz.com.mx\/index.php?rest_route=\/wp\/v2\/posts"}],"about":[{"href":"https:\/\/lospoliticosveracruz.com.mx\/index.php?rest_route=\/wp\/v2\/types\/post"}],"author":[{"embeddable":true,"href":"https:\/\/lospoliticosveracruz.com.mx\/index.php?rest_route=\/wp\/v2\/users\/2"}],"replies":[{"embeddable":true,"href":"https:\/\/lospoliticosveracruz.com.mx\/index.php?rest_route=%2Fwp%2Fv2%2Fcomments&post=81743"}],"version-history":[{"count":1,"href":"https:\/\/lospoliticosveracruz.com.mx\/index.php?rest_route=\/wp\/v2\/posts\/81743\/revisions"}],"predecessor-version":[{"id":81745,"href":"https:\/\/lospoliticosveracruz.com.mx\/index.php?rest_route=\/wp\/v2\/posts\/81743\/revisions\/81745"}],"wp:featuredmedia":[{"embeddable":true,"href":"https:\/\/lospoliticosveracruz.com.mx\/index.php?rest_route=\/wp\/v2\/media\/81744"}],"wp:attachment":[{"href":"https:\/\/lospoliticosveracruz.com.mx\/index.php?rest_route=%2Fwp%2Fv2%2Fmedia&parent=81743"}],"wp:term":[{"taxonomy":"category","embeddable":true,"href":"https:\/\/lospoliticosveracruz.com.mx\/index.php?rest_route=%2Fwp%2Fv2%2Fcategories&post=81743"},{"taxonomy":"post_tag","embeddable":true,"href":"https:\/\/lospoliticosveracruz.com.mx\/index.php?rest_route=%2Fwp%2Fv2%2Ftags&post=81743"}],"curies":[{"name":"wp","href":"https:\/\/api.w.org\/{rel}","templated":true}]}}