{"id":82008,"date":"2021-11-16T17:33:52","date_gmt":"2021-11-16T23:33:52","guid":{"rendered":"https:\/\/lospoliticosveracruz.com.mx\/?p=82008"},"modified":"2021-11-16T17:33:59","modified_gmt":"2021-11-16T23:33:59","slug":"amplio-debate-nacional-sobre-reforma-electrica","status":"publish","type":"post","link":"https:\/\/lospoliticosveracruz.com.mx\/?p=82008","title":{"rendered":"Amplio debate nacional sobre Reforma El\u00e9ctrica!"},"content":{"rendered":"\n<p><\/p>\n\n\n\n<p><\/p>\n\n\n\n<p><strong>Ciudad de M\u00e9xico<\/strong><\/p>\n\n\n\n<p><br>Una vez cerrado el cap\u00edtulo del Presupuesto en la C\u00e1mara de Diputados, el presidente de este cuerpo legislativo, el veracruzano Sergio Guti\u00e9rrez Luna, anunci\u00f3 el inicio de un amplio debate nacional sobre la Reforma El\u00e9ctrica, que no s\u00f3lo incluir\u00e1 a los partidos de oposici\u00f3n, sino a los propios generadores privados de electricidad y a la sociedad en su conjunto.<\/p>\n\n\n\n<p>El Presidente de la C\u00e1mara fue entrevistado la ma\u00f1ana de este martes a su salida de Palacio Nacional, donde Diputadas y Diputados Federales de Morena, Partido del Trabajo y Partido Verde se reunieron con el presidente Andr\u00e9s Manuel L\u00f3pez Obrador, quien les agradeci\u00f3 personalmente el esfuerzo hecho y el patriotismo demostrado al aprobar el Presupuesto de Egresos de la Federaci\u00f3n.<\/p>\n\n\n\n<p>Precis\u00f3 que el objetivo del debate nacional es \u201cposicionar cu\u00e1l es la realidad de la Reforma y para que la gente conozca lo que pretendemos con ella\u201d.<\/p>\n\n\n\n<p>Respecto a la posibilidad de que el proyecto de Reforma experimente alguna modificaci\u00f3n, el morenista se\u00f1al\u00f3 que \u201cvamos viendo c\u00f3mo evoluciona el debate, vamos viendo qu\u00e9 va pasando, c\u00f3mo se da el intercambio de ideas, no s\u00f3lo entre partidos sino con la sociedad. Incluso ya el coordinador de Morena, Ignacio Mier, convoc\u00f3 a los due\u00f1os de las empresas productoras de electricidad o a sus altos directivos para que vengan a la C\u00e1mara y podamos debatir esta reforma tan importante para el pa\u00eds\u201d.<\/p>\n","protected":false},"excerpt":{"rendered":"<p>Ciudad de M\u00e9xico Una vez cerrado el cap\u00edtulo del Presupuesto en la C\u00e1mara de Diputados, el presidente de este cuerpo legislativo, el veracruzano Sergio Guti\u00e9rrez Luna, anunci\u00f3 el inicio de un amplio debate nacional sobre la Reforma El\u00e9ctrica, que no s\u00f3lo incluir\u00e1 a los partidos de oposici\u00f3n, sino a los propios generadores privados de electricidad [&hellip;]<\/p>\n","protected":false},"author":2,"featured_media":0,"comment_status":"closed","ping_status":"closed","sticky":false,"template":"","format":"standard","meta":{"_jetpack_newsletter_access":"","_jetpack_dont_email_post_to_subs":false,"_jetpack_newsletter_tier_id":0,"_jetpack_memberships_contains_paywalled_content":false,"_jetpack_memberships_contains_paid_content":false,"footnotes":""},"categories":[73],"tags":[618,2661,31231,1026,26326,16147,195],"class_list":["post-82008","post","type-post","status-publish","format-standard","hentry","category-de-boleto","tag-andres-manuel-lopez-obrador","tag-camara-de-diputados","tag-ignacio-mier","tag-morena","tag-reforma-electrica","tag-sergio-gutierrez-luna","tag-veracruz"],"jetpack_featured_media_url":"","jetpack_sharing_enabled":true,"jetpack_shortlink":"https:\/\/wp.me\/p4Qcd3-lkI","_links":{"self":[{"href":"https:\/\/lospoliticosveracruz.com.mx\/index.php?rest_route=\/wp\/v2\/posts\/82008","targetHints":{"allow":["GET"]}}],"collection":[{"href":"https:\/\/lospoliticosveracruz.com.mx\/index.php?rest_route=\/wp\/v2\/posts"}],"about":[{"href":"https:\/\/lospoliticosveracruz.com.mx\/index.php?rest_route=\/wp\/v2\/types\/post"}],"author":[{"embeddable":true,"href":"https:\/\/lospoliticosveracruz.com.mx\/index.php?rest_route=\/wp\/v2\/users\/2"}],"replies":[{"embeddable":true,"href":"https:\/\/lospoliticosveracruz.com.mx\/index.php?rest_route=%2Fwp%2Fv2%2Fcomments&post=82008"}],"version-history":[{"count":1,"href":"https:\/\/lospoliticosveracruz.com.mx\/index.php?rest_route=\/wp\/v2\/posts\/82008\/revisions"}],"predecessor-version":[{"id":82010,"href":"https:\/\/lospoliticosveracruz.com.mx\/index.php?rest_route=\/wp\/v2\/posts\/82008\/revisions\/82010"}],"wp:attachment":[{"href":"https:\/\/lospoliticosveracruz.com.mx\/index.php?rest_route=%2Fwp%2Fv2%2Fmedia&parent=82008"}],"wp:term":[{"taxonomy":"category","embeddable":true,"href":"https:\/\/lospoliticosveracruz.com.mx\/index.php?rest_route=%2Fwp%2Fv2%2Fcategories&post=82008"},{"taxonomy":"post_tag","embeddable":true,"href":"https:\/\/lospoliticosveracruz.com.mx\/index.php?rest_route=%2Fwp%2Fv2%2Ftags&post=82008"}],"curies":[{"name":"wp","href":"https:\/\/api.w.org\/{rel}","templated":true}]}}