{"id":82132,"date":"2021-11-19T09:16:03","date_gmt":"2021-11-19T15:16:03","guid":{"rendered":"https:\/\/lospoliticosveracruz.com.mx\/?p=82132"},"modified":"2021-11-19T09:16:10","modified_gmt":"2021-11-19T15:16:10","slug":"mas-priistas-tras-un-sueno","status":"publish","type":"post","link":"https:\/\/lospoliticosveracruz.com.mx\/?p=82132","title":{"rendered":"M\u00e1s priistas tras un sue\u00f1o"},"content":{"rendered":"\n<p><\/p>\n\n\n\n<p><strong>Sergio Gonz\u00e1lez Levet<br><\/strong><em>Sin tacto<\/em><\/p>\n\n\n\n<p><\/p>\n\n\n\n<p>Para Elsy, siempre<\/p>\n\n\n\n<p><\/p>\n\n\n\n<p>En nuestro repaso de los personajes del priismo veracruzano que aspiran o podr\u00edan aspirar a encabezar la cruzada de resurrecci\u00f3n del partido en Veracruz fueron mencionados ayer H\u00e9ctor Yunes Landa y Pepe Yunes Linares, de la vieja guardia, y Renato Alarc\u00f3n entre los protagonistas emergentes del cambio que viene.<br>\u200bHoy me sigo con Juan Manuel Diez Francos, el fact\u00f3tum del cambio m\u00e1gico de Orizaba.<br>\u200bHace 14 a\u00f1os, Juan Manuel lleg\u00f3 a la presidencia municipal despu\u00e9s de una campa\u00f1a de \u00a1cuatro d\u00edas! Por \u00e9sta.<br>\u200bEl candidato del PRI, V\u00edctor Castel\u00e1n Crivelli fue bajado de \u00faltimo momento por el Tribunal Electoral, y el gobernador Fidel Herrera Beltr\u00e1n volte\u00f3 la mirada hacia el exitoso empresario, que aprovech\u00f3 a las maravillas la admiraci\u00f3n que sus paisanos le ten\u00edan -y le tienen- a su eficiencia y su personalidad tan especial, muy atractiva aunque tocada por rasgos que parecen de soberbia.<br>\u200bPero Juan Manuel es as\u00ed, y la gente se lo acepta por su \u00e9xito personal y sus resultados como funcionario.<br>\u200bHoy, el jefe Diez se apresta a ser alcalde por tercera vez, y los habitantes de Pluviosilla est\u00e1n felices ante la perspectiva.<br>\u200bSaben y est\u00e1n seguros de que \u00e9l profundizar\u00e1 la transformaci\u00f3n magistral de Orizaba, lograda en cuatro ayuntamientos que han mantenido la continuidad.<br>\u200bOrizaba es un ejemplo y modelo para los municipios del pa\u00eds. Todos se quieren acercar para ver -y si es posible copiar- c\u00f3mo le hicieron para transformar un pueblo feo en una ciudad moderna y con servicios de alta calidad. Limpia, segura y atractiva.<br>\u200b\u00cdgor Roj\u00ed, el actual alcalde, comenta que este a\u00f1o ha recibido a 234 colegas que han llegado a preguntar c\u00f3mo le ha hecho para conseguir el milagro.<br>\u200bLa fama de Orizaba ha trascendido las fronteras estatales y ha llegado a todos los rincones de M\u00e9xico. Entonces, no ser\u00eda fantasioso suponer que la figura de Juan Manuel pudiera llegar a toda la geograf\u00eda estatal y encender los motores apagados del priismo hist\u00f3rico.<br>\u200bMuchos ven en el orizabe\u00f1o a un candidato muy competitivo del PRI para la gubernatura de 2024.<br>\u200bA\u00fan falta tiempo, pero es seguro que Diez Francos lo ocupar\u00e1 para ahondar en la modernizaci\u00f3n de su ciudad, que ahora es pueblo m\u00e1gico.<br>\u200bTal vez m\u00e1s que un l\u00edder, sus correligionarios ven en \u00e9l m\u00e1s a un candidato, y uno con muchas posibilidades de ganar.<br>\u200bYa lo iremos viendo.<br>\u200bVaya, esta serie en piso del l\u00edder priista se est\u00e1 volviendo interminable, pero es que no puedo dejar de hablar de una mujer priista que est\u00e1 rompiendo el molde desde adentro.<br>\u200bAs\u00ed que el lunes sigue Lorena.<\/p>\n\n\n\n<p>sglevet@gmail.com<\/p>\n","protected":false},"excerpt":{"rendered":"<p>Sergio Gonz\u00e1lez LevetSin tacto Para Elsy, siempre En nuestro repaso de los personajes del priismo veracruzano que aspiran o podr\u00edan aspirar a encabezar la cruzada de resurrecci\u00f3n del partido en Veracruz fueron mencionados ayer H\u00e9ctor Yunes Landa y Pepe Yunes Linares, de la vieja guardia, y Renato Alarc\u00f3n entre los protagonistas emergentes del cambio que [&hellip;]<\/p>\n","protected":false},"author":2,"featured_media":0,"comment_status":"closed","ping_status":"closed","sticky":false,"template":"","format":"standard","meta":{"_jetpack_newsletter_access":"","_jetpack_dont_email_post_to_subs":false,"_jetpack_newsletter_tier_id":0,"_jetpack_memberships_contains_paywalled_content":false,"_jetpack_memberships_contains_paid_content":false,"footnotes":""},"categories":[70],"tags":[348,8078,1640,251,3060,1282],"class_list":["post-82132","post","type-post","status-publish","format-standard","hentry","category-de-opinion","tag-hector-yunes-landa","tag-igor-roji","tag-juan-manuel-diez-francos","tag-pri","tag-renato-alarcon","tag-sergio-gonzalez-levet"],"jetpack_featured_media_url":"","jetpack_sharing_enabled":true,"jetpack_shortlink":"https:\/\/wp.me\/p4Qcd3-lmI","_links":{"self":[{"href":"https:\/\/lospoliticosveracruz.com.mx\/index.php?rest_route=\/wp\/v2\/posts\/82132","targetHints":{"allow":["GET"]}}],"collection":[{"href":"https:\/\/lospoliticosveracruz.com.mx\/index.php?rest_route=\/wp\/v2\/posts"}],"about":[{"href":"https:\/\/lospoliticosveracruz.com.mx\/index.php?rest_route=\/wp\/v2\/types\/post"}],"author":[{"embeddable":true,"href":"https:\/\/lospoliticosveracruz.com.mx\/index.php?rest_route=\/wp\/v2\/users\/2"}],"replies":[{"embeddable":true,"href":"https:\/\/lospoliticosveracruz.com.mx\/index.php?rest_route=%2Fwp%2Fv2%2Fcomments&post=82132"}],"version-history":[{"count":1,"href":"https:\/\/lospoliticosveracruz.com.mx\/index.php?rest_route=\/wp\/v2\/posts\/82132\/revisions"}],"predecessor-version":[{"id":82133,"href":"https:\/\/lospoliticosveracruz.com.mx\/index.php?rest_route=\/wp\/v2\/posts\/82132\/revisions\/82133"}],"wp:attachment":[{"href":"https:\/\/lospoliticosveracruz.com.mx\/index.php?rest_route=%2Fwp%2Fv2%2Fmedia&parent=82132"}],"wp:term":[{"taxonomy":"category","embeddable":true,"href":"https:\/\/lospoliticosveracruz.com.mx\/index.php?rest_route=%2Fwp%2Fv2%2Fcategories&post=82132"},{"taxonomy":"post_tag","embeddable":true,"href":"https:\/\/lospoliticosveracruz.com.mx\/index.php?rest_route=%2Fwp%2Fv2%2Ftags&post=82132"}],"curies":[{"name":"wp","href":"https:\/\/api.w.org\/{rel}","templated":true}]}}