{"id":82251,"date":"2021-11-22T11:35:25","date_gmt":"2021-11-22T17:35:25","guid":{"rendered":"https:\/\/lospoliticosveracruz.com.mx\/?p=82251"},"modified":"2021-11-22T11:35:33","modified_gmt":"2021-11-22T17:35:33","slug":"veracruz-de-los-veracruzanos-marlon","status":"publish","type":"post","link":"https:\/\/lospoliticosveracruz.com.mx\/?p=82251","title":{"rendered":"Veracruz, de los veracruzanos: Marlon"},"content":{"rendered":"\n<p><\/p>\n\n\n\n<p><\/p>\n\n\n\n<p><strong>Xalapa<\/strong><\/p>\n\n\n\n<p><br>Como veracruzano y como diputado del Grupo Legislativo del PRI, me reitero respetuoso de la investidura de quienes representan los poderes p\u00fablicos en M\u00e9xico y en Veracruz, pero repruebo de manera contundente, la injerencia fuera de las v\u00edas institucionales de actores pol\u00edticos nacionales en las decisiones de cualquiera de los poderes locales, puntualiz\u00f3 el legislador local, Marlon Ram\u00edrez Mar\u00edn.<\/p>\n\n\n\n<p>\u201cNo es con discursos publicitarios ante los medios de comunicaci\u00f3n como se abona a la libertad de los ciudadanos, sino mediante el correcto desempe\u00f1o de las funciones que el pueblo nos ha conferido. Y reitero que Veracruz es y debe ser de los veracruzanos\u201d, expres\u00f3 en entrevista posterior, a la instalaci\u00f3n de la Comisi\u00f3n Permanente de Justicia y Puntos Constitucionales, de la que es secretario.<\/p>\n\n\n\n<p>\u201cEstamos comprometidos con devolver a la pol\u00edtica su sentido de responsabilidad y dignidad, a luchar por cerrar los espacios de discrecionalidad, la corrupci\u00f3n y la opacidad\u201d, reiter\u00f3.<\/p>\n\n\n\n<p>Marlon Ram\u00edrez Mar\u00edn, se\u00f1al\u00f3 que un gobierno fuerte no lo es porque sus gobernantes lo sean, sino porque los ciudadanos lo respaldan y tiene en todo momento, la capacidad de abonar con sus propuestas a la soluci\u00f3n de sus problemas.<\/p>\n\n\n\n<p>Insisti\u00f3 en que la Comisi\u00f3n de Justicia y Puntos Constitucionales, es un espacio siempre abierto al dialogo y a la discusi\u00f3n sin prejuicios, \u201cen lo personal, pondr\u00e9 mi voluntad y trabajo para estar a la altura de los ciudadanos que han confiado en el voto como la forma correcta de alcanzar la regularidad democr\u00e1tica de Veracruz.\u201d<\/p>\n\n\n\n<p>Refiri\u00f3 que corresponde a esta comisi\u00f3n, ampliar el marco de libertades, armonizar las leyes y velar por la correcta aplicaci\u00f3n del entramado constitucional que nos define como rep\u00fablica representativa, democr\u00e1tica y federal, compuesta por estados libres y soberanos unidos en una federaci\u00f3n, privilegiando el an\u00e1lisis a fondo en todos los casos del esp\u00edritu de nuestro constituyente local, de su sapiencia y templanza, ante la inmediatez de soluciones por aclamaci\u00f3n a las controversias sociales de nuestros d\u00edas.<\/p>\n\n\n\n<p>\u201cEstamos obligados a abogar por un marco legal m\u00e1s fuerte, m\u00e1s amplio y de mayor calidad, y al mismo tiempo lograr que su aplicaci\u00f3n sea menos onerosa y m\u00e1s funcional, sin olvidar que nada es m\u00e1s valioso para un individuo que la libertad y esta solo la puede limitar el Estado, por acci\u00f3n u omisi\u00f3n, por incapacidad de sus impartidores o por prescindir de las condiciones necesarias para su correcto desempe\u00f1o, teniendo como limitaciones los presupuestos p\u00fablicos, la seguridad personal o la de su familia, la certeza laboral e incluso la infraestructura con la que se cuenta para desarrollarse.\u201d<\/p>\n\n\n\n<p>Para concluir, subray\u00f3 que la democracia no es solamente una manera para elegir gobernantes y tomar decisiones, sino que es un instrumento esencialmente ciudadano para dar certidumbre y acompa\u00f1amiento para llevar adelante la tarea de gobernar.<\/p>\n","protected":false},"excerpt":{"rendered":"<p>Xalapa Como veracruzano y como diputado del Grupo Legislativo del PRI, me reitero respetuoso de la investidura de quienes representan los poderes p\u00fablicos en M\u00e9xico y en Veracruz, pero repruebo de manera contundente, la injerencia fuera de las v\u00edas institucionales de actores pol\u00edticos nacionales en las decisiones de cualquiera de los poderes locales, puntualiz\u00f3 el [&hellip;]<\/p>\n","protected":false},"author":2,"featured_media":0,"comment_status":"closed","ping_status":"closed","sticky":false,"template":"","format":"standard","meta":{"_jetpack_newsletter_access":"","_jetpack_dont_email_post_to_subs":false,"_jetpack_newsletter_tier_id":0,"_jetpack_memberships_contains_paywalled_content":false,"_jetpack_memberships_contains_paid_content":false,"footnotes":""},"categories":[73],"tags":[31315,2908,251],"class_list":["post-82251","post","type-post","status-publish","format-standard","hentry","category-de-boleto","tag-comision-permanente-de-justicia","tag-marlon-ramirez-marin","tag-pri"],"jetpack_featured_media_url":"","jetpack_sharing_enabled":true,"jetpack_shortlink":"https:\/\/wp.me\/p4Qcd3-loD","_links":{"self":[{"href":"https:\/\/lospoliticosveracruz.com.mx\/index.php?rest_route=\/wp\/v2\/posts\/82251","targetHints":{"allow":["GET"]}}],"collection":[{"href":"https:\/\/lospoliticosveracruz.com.mx\/index.php?rest_route=\/wp\/v2\/posts"}],"about":[{"href":"https:\/\/lospoliticosveracruz.com.mx\/index.php?rest_route=\/wp\/v2\/types\/post"}],"author":[{"embeddable":true,"href":"https:\/\/lospoliticosveracruz.com.mx\/index.php?rest_route=\/wp\/v2\/users\/2"}],"replies":[{"embeddable":true,"href":"https:\/\/lospoliticosveracruz.com.mx\/index.php?rest_route=%2Fwp%2Fv2%2Fcomments&post=82251"}],"version-history":[{"count":1,"href":"https:\/\/lospoliticosveracruz.com.mx\/index.php?rest_route=\/wp\/v2\/posts\/82251\/revisions"}],"predecessor-version":[{"id":82253,"href":"https:\/\/lospoliticosveracruz.com.mx\/index.php?rest_route=\/wp\/v2\/posts\/82251\/revisions\/82253"}],"wp:attachment":[{"href":"https:\/\/lospoliticosveracruz.com.mx\/index.php?rest_route=%2Fwp%2Fv2%2Fmedia&parent=82251"}],"wp:term":[{"taxonomy":"category","embeddable":true,"href":"https:\/\/lospoliticosveracruz.com.mx\/index.php?rest_route=%2Fwp%2Fv2%2Fcategories&post=82251"},{"taxonomy":"post_tag","embeddable":true,"href":"https:\/\/lospoliticosveracruz.com.mx\/index.php?rest_route=%2Fwp%2Fv2%2Ftags&post=82251"}],"curies":[{"name":"wp","href":"https:\/\/api.w.org\/{rel}","templated":true}]}}