{"id":82407,"date":"2021-11-25T14:33:20","date_gmt":"2021-11-25T20:33:20","guid":{"rendered":"https:\/\/lospoliticosveracruz.com.mx\/?p=82407"},"modified":"2021-11-25T14:35:30","modified_gmt":"2021-11-25T20:35:30","slug":"haran-sonar-su-voz","status":"publish","type":"post","link":"https:\/\/lospoliticosveracruz.com.mx\/?p=82407","title":{"rendered":"Har\u00e1n sonar su voz!"},"content":{"rendered":"\n<p><\/p>\n\n\n\n<p><strong>Xalapa<\/strong><\/p>\n\n\n\n<p><br>Ha concluido la etapa deliberativa en la que la militancia del Partido Revolucionario Institucional en Veracruz, present\u00f3 sus propuestas en los temas de: Proyecto de Pa\u00eds, Vida Interna del Partido, Estrategia Pol\u00edtica y Prospectiva de Partido, y se presentar\u00e1 una relator\u00eda de las mismas, en la plenaria que se efectuar\u00e1 el pr\u00f3ximo 27 de noviembre en la ciudad de Veracruz.<\/p>\n\n\n\n<p>En las cuatro mesas estatales, se dio una amplia participaci\u00f3n de militantes, quienes se registraron previamente de acuerdo a lo establecido en el Reglamento de Debates, publicado el 21 de octubre y aprobado por la Comisi\u00f3n Ejecutiva de la Coordinaci\u00f3n Nacional Organizadora.<\/p>\n\n\n\n<p>Cabe destacar que se escucharon las voces de muchas mujeres que participaron con diversas ponencias, y adem\u00e1s dos de las cuatro mesas tem\u00e1ticas fueron presididas por mujeres, porque en el PRI se trabaja para alcanzar la igualdad, as\u00ed como el acceso al desarrollo y a las oportunidades sin ning\u00fan tipo de violencia de g\u00e9nero.<\/p>\n\n\n\n<p>En la Asamblea Estatal, se dar\u00e1 la lectura de las relator\u00edas de la etapa deliberativa, por parte de las presidentas y presidentes de las mesas, y ser\u00e1n remitidas a la presidencia de la Mesa Directiva de la Comisi\u00f3n Nacional de Dictamen, para presentarse en la XXII Asamblea Nacional a efectuarse en el mes de diciembre.<\/p>\n\n\n\n<p>Asimismo, se realizar\u00e1 la elecci\u00f3n de las delegadas y delegados territoriales por planillas integradas entre quienes fueron electos en las asambleas municipales (regionales), y en su integraci\u00f3n se garantizar\u00e1 la paridad de g\u00e9nero, e inclusi\u00f3n de al menos una tercera parte de j\u00f3venes de hasta 35 a\u00f1os de edad; la planilla electa, asistir\u00e1 a la sesi\u00f3n plenaria de la Asamblea Nacional.<\/p>\n\n\n\n<p>Las mesas tem\u00e1ticas estatales estuvieron encabezadas por: Heidi Palmeros Villalba, presidenta de la mesa \u201cProspectiva del Partido\u201d; Nereida Santos Hern\u00e1ndez, presidenta de la mesa \u201cProyecto de Pa\u00eds\u201d; Renato Alarc\u00f3n Guevara, presidente de la mesa \u201cEstrategia Pol\u00edtica\u201d; y Ricardo Landa Cano, presidente de la mesa \u201cVida Interna del Partido\u201d.<\/p>\n","protected":false},"excerpt":{"rendered":"<p>Xalapa Ha concluido la etapa deliberativa en la que la militancia del Partido Revolucionario Institucional en Veracruz, present\u00f3 sus propuestas en los temas de: Proyecto de Pa\u00eds, Vida Interna del Partido, Estrategia Pol\u00edtica y Prospectiva de Partido, y se presentar\u00e1 una relator\u00eda de las mismas, en la plenaria que se efectuar\u00e1 el pr\u00f3ximo 27 de [&hellip;]<\/p>\n","protected":false},"author":2,"featured_media":0,"comment_status":"closed","ping_status":"closed","sticky":false,"template":"","format":"standard","meta":{"_jetpack_newsletter_access":"","_jetpack_dont_email_post_to_subs":false,"_jetpack_newsletter_tier_id":0,"_jetpack_memberships_contains_paywalled_content":false,"_jetpack_memberships_contains_paid_content":false,"footnotes":""},"categories":[73],"tags":[31040,25533,251],"class_list":["post-82407","post","type-post","status-publish","format-standard","hentry","category-de-boleto","tag-heidi-palmeros-villalba","tag-nereida-santos-hernandez","tag-pri"],"jetpack_featured_media_url":"","jetpack_sharing_enabled":true,"jetpack_shortlink":"https:\/\/wp.me\/p4Qcd3-lr9","_links":{"self":[{"href":"https:\/\/lospoliticosveracruz.com.mx\/index.php?rest_route=\/wp\/v2\/posts\/82407","targetHints":{"allow":["GET"]}}],"collection":[{"href":"https:\/\/lospoliticosveracruz.com.mx\/index.php?rest_route=\/wp\/v2\/posts"}],"about":[{"href":"https:\/\/lospoliticosveracruz.com.mx\/index.php?rest_route=\/wp\/v2\/types\/post"}],"author":[{"embeddable":true,"href":"https:\/\/lospoliticosveracruz.com.mx\/index.php?rest_route=\/wp\/v2\/users\/2"}],"replies":[{"embeddable":true,"href":"https:\/\/lospoliticosveracruz.com.mx\/index.php?rest_route=%2Fwp%2Fv2%2Fcomments&post=82407"}],"version-history":[{"count":2,"href":"https:\/\/lospoliticosveracruz.com.mx\/index.php?rest_route=\/wp\/v2\/posts\/82407\/revisions"}],"predecessor-version":[{"id":82410,"href":"https:\/\/lospoliticosveracruz.com.mx\/index.php?rest_route=\/wp\/v2\/posts\/82407\/revisions\/82410"}],"wp:attachment":[{"href":"https:\/\/lospoliticosveracruz.com.mx\/index.php?rest_route=%2Fwp%2Fv2%2Fmedia&parent=82407"}],"wp:term":[{"taxonomy":"category","embeddable":true,"href":"https:\/\/lospoliticosveracruz.com.mx\/index.php?rest_route=%2Fwp%2Fv2%2Fcategories&post=82407"},{"taxonomy":"post_tag","embeddable":true,"href":"https:\/\/lospoliticosveracruz.com.mx\/index.php?rest_route=%2Fwp%2Fv2%2Ftags&post=82407"}],"curies":[{"name":"wp","href":"https:\/\/api.w.org\/{rel}","templated":true}]}}