{"id":82411,"date":"2021-11-25T14:41:40","date_gmt":"2021-11-25T20:41:40","guid":{"rendered":"https:\/\/lospoliticosveracruz.com.mx\/?p=82411"},"modified":"2021-11-25T14:41:46","modified_gmt":"2021-11-25T20:41:46","slug":"hace-la-tarea-diana","status":"publish","type":"post","link":"https:\/\/lospoliticosveracruz.com.mx\/?p=82411","title":{"rendered":"Hace la tarea Diana!"},"content":{"rendered":"\n<p><\/p>\n\n\n\n<ul class=\"wp-block-list\"><li><\/li><\/ul>\n\n\n\n<p>Veracruz<\/p>\n\n\n\n<p><br>En el marco de la conmemoraci\u00f3n del D\u00eda Internacional de la Eliminaci\u00f3n de la Violencia Contra la Mujer, la delegaci\u00f3n regional de la SEV, en coordinaci\u00f3n con el Centro de Control, Comando, Comunicaciones, C\u00f3mputo, Contacto Ciudadano e Inteligencia (C5i), llevaron a cabo la pl\u00e1tica \u201cViolencia de G\u00e9nero\u201d, impartido a los estudiantes de la escuela secundaria general n\u00famero 7 \u201cGral. Armando Esa\u00fa Toledo L\u00f3pez\u201d.<br>La delegada regional de la SEV, Diana Santiago Huesca asegur\u00f3 que este conversatorio se llev\u00f3 a cabo bajo las normas de prevenci\u00f3n y respeto de los protocolos de salud recomendados, en donde se promueve la prevenci\u00f3n de los delitos de violencia, as\u00ed como el uso de aplicaciones y de los n\u00fameros de emergencia como son 911 y 089, con la finalidad de ser atendidos de manera oportuna ante cualquier situaci\u00f3n de emergencia.<br>\u201cEs muy importante que desde j\u00f3venes se atienda la identificaci\u00f3n de actos de violencia y discriminaci\u00f3n, as\u00ed como maltratos de manera espec\u00edfica en los noviazgos para denunciar y erradicar ese tipo conductas que da\u00f1an a muchos j\u00f3venes y adolescentes en su desarrollo emocional\u201d, coment\u00f3 Diana Santiago Huesca.<br>La pl\u00e1tica corri\u00f3 a cargo del licenciado F\u00e9lix V\u00e1zquez L\u00f3pez, promotor de difusi\u00f3n del C5i, asimismo se cont\u00f3 con la presencia del jefe de sector n\u00famero 5 de secundarias generales, el maestro Venancio Rivera Hern\u00e1ndez y el supervisor zona 16 de secundarias generales, el doctor V\u00edctor Moreno Garc\u00eda y el maestro Gabriel Rodr\u00edguez director de la escuela secundaria general n\u00fam. 7. Del municipio de Boca del R\u00edo.<br>Agreg\u00f3 que este tipo de conversatorios se impulsar\u00e1n para llegar a m\u00e1s escuelas, con la firme intenci\u00f3n de promover valores como el respeto, la inclusi\u00f3n y prevenci\u00f3n de violencia en cualquiera de sus manifestaciones, ya que la educaci\u00f3n es la \u00fanica manera de consolidar la cultura de igualdad que debe prevalecer en toda sociedad.<br>En ese tenor, se\u00f1al\u00f3 que durante este d\u00eda de la eliminaci\u00f3n de la violencia contra mujeres y ni\u00f1as, la delegaci\u00f3n regional de la SEV zona Veracruz, realiz\u00f3 la inauguraci\u00f3n de un mural dedicado a generar conciencia, donde todos los sectores de la sociedad deben sumarse de manera activa.<br>\u201cHoy celebro que m\u00e1s hombres est\u00e1n sumados para contrarrestar esta violencia que existe contra las mujeres y las ni\u00f1as, en nuestra delegaci\u00f3n somos promotores firmes del respeto, la inclusi\u00f3n y no discriminaci\u00f3n, en este mural participaron todos los compa\u00f1eros, aportando ideas, as\u00ed como en su realizaci\u00f3n, porque el esfuerzo por consolidar la erradicaci\u00f3n de este mal, debe ser una iniciativa personal que repercuta con nuestros actos en lo social\u201d, finaliz\u00f3.<\/p>\n","protected":false},"excerpt":{"rendered":"<p>Veracruz En el marco de la conmemoraci\u00f3n del D\u00eda Internacional de la Eliminaci\u00f3n de la Violencia Contra la Mujer, la delegaci\u00f3n regional de la SEV, en coordinaci\u00f3n con el Centro de Control, Comando, Comunicaciones, C\u00f3mputo, Contacto Ciudadano e Inteligencia (C5i), llevaron a cabo la pl\u00e1tica \u201cViolencia de G\u00e9nero\u201d, impartido a los estudiantes de la escuela [&hellip;]<\/p>\n","protected":false},"author":2,"featured_media":0,"comment_status":"closed","ping_status":"closed","sticky":false,"template":"","format":"standard","meta":{"_jetpack_newsletter_access":"","_jetpack_dont_email_post_to_subs":false,"_jetpack_newsletter_tier_id":0,"_jetpack_memberships_contains_paywalled_content":false,"_jetpack_memberships_contains_paid_content":false,"footnotes":""},"categories":[73],"tags":[240,1026,88,195],"class_list":["post-82411","post","type-post","status-publish","format-standard","hentry","category-de-boleto","tag-diana-santiago-huesca","tag-morena","tag-sev","tag-veracruz"],"jetpack_featured_media_url":"","jetpack_sharing_enabled":true,"jetpack_shortlink":"https:\/\/wp.me\/p4Qcd3-lrd","_links":{"self":[{"href":"https:\/\/lospoliticosveracruz.com.mx\/index.php?rest_route=\/wp\/v2\/posts\/82411","targetHints":{"allow":["GET"]}}],"collection":[{"href":"https:\/\/lospoliticosveracruz.com.mx\/index.php?rest_route=\/wp\/v2\/posts"}],"about":[{"href":"https:\/\/lospoliticosveracruz.com.mx\/index.php?rest_route=\/wp\/v2\/types\/post"}],"author":[{"embeddable":true,"href":"https:\/\/lospoliticosveracruz.com.mx\/index.php?rest_route=\/wp\/v2\/users\/2"}],"replies":[{"embeddable":true,"href":"https:\/\/lospoliticosveracruz.com.mx\/index.php?rest_route=%2Fwp%2Fv2%2Fcomments&post=82411"}],"version-history":[{"count":1,"href":"https:\/\/lospoliticosveracruz.com.mx\/index.php?rest_route=\/wp\/v2\/posts\/82411\/revisions"}],"predecessor-version":[{"id":82413,"href":"https:\/\/lospoliticosveracruz.com.mx\/index.php?rest_route=\/wp\/v2\/posts\/82411\/revisions\/82413"}],"wp:attachment":[{"href":"https:\/\/lospoliticosveracruz.com.mx\/index.php?rest_route=%2Fwp%2Fv2%2Fmedia&parent=82411"}],"wp:term":[{"taxonomy":"category","embeddable":true,"href":"https:\/\/lospoliticosveracruz.com.mx\/index.php?rest_route=%2Fwp%2Fv2%2Fcategories&post=82411"},{"taxonomy":"post_tag","embeddable":true,"href":"https:\/\/lospoliticosveracruz.com.mx\/index.php?rest_route=%2Fwp%2Fv2%2Ftags&post=82411"}],"curies":[{"name":"wp","href":"https:\/\/api.w.org\/{rel}","templated":true}]}}