{"id":82415,"date":"2021-11-25T14:54:35","date_gmt":"2021-11-25T20:54:35","guid":{"rendered":"https:\/\/lospoliticosveracruz.com.mx\/?p=82415"},"modified":"2021-11-25T15:50:36","modified_gmt":"2021-11-25T21:50:36","slug":"en-la-nueva-era-del-pan-el-liderazgo-no-tiene-genero","status":"publish","type":"post","link":"https:\/\/lospoliticosveracruz.com.mx\/?p=82415","title":{"rendered":"En la nueva era del PAN, el liderazgo no tiene g\u00e9nero"},"content":{"rendered":"\n<p><em>Xalapa<\/em><br>El liderazgo no tiene g\u00e9nero, asegur\u00f3 el Candidato a la Presidencia del Comit\u00e9 Directivo Estatal del PAN, Joaqu\u00edn Rosendo Guzm\u00e1n Avil\u00e9s, quien se comprometi\u00f3 a que en la nueva era del partido no habr\u00e1 sobrerrepresentaci\u00f3n.<\/p>\n\n\n\n<p>\u201cDeberemos todas y todos concluir nuestros per\u00edodos ante los cargos, para evitar que se acaparen lugares\u201d.<\/p>\n\n\n\n<p>En el marco del d\u00eda de la Elimicaci\u00f3n de la Violencia contra la Mujer, se comprometi\u00f3 a dar un trato digno y justo para las militantes de Acci\u00f3n Nacional, pues sostuvo que existe en cada una de ellas, una mujer empoderada por naturaleza.<\/p>\n\n\n\n<p>\u201cReconozco que el liderazgo no tiene g\u00e9nero, y en cada militante veo una mujer empoderada por naturaleza, que no ocupar\u00eda un d\u00eda para saber que la vulnerabilidad de sus derechos es un paradigma que obedece para exigir igualdad de derechos y obligaciones, nada m\u00e1s, pero tampoco nada menos\u201d.<\/p>\n\n\n\n<p>Record\u00f3 que este a\u00f1o la Comisi\u00f3n Nacional de Derechos Humanos, se\u00f1al\u00f3 que Veracruz ocupa el segundo lugar en feminicidios, por lo que es urgente desarrollar estrategias que ayuden a disminuir esta problem\u00e1tica que atenta contra la seguridad y tranquilidad de las mujeres.<\/p>\n\n\n\n<p>\u201cVamos a tomarnos esto en serio, a desarrollar lideresas combativas, tenemos mujeres militantes que llevan a\u00f1os haciendo fila y dando grandes triunfos al Partido. Ha llegado su momento, hoy vamos con la fuerza de todas y todos\u201d.<\/p>\n\n\n\n<p>Por \u00faltimo, dijo, que las panistas tendr\u00e1n el apoyo para que lleguen a los puestos que merecen, por ello resalt\u00f3 que en su planilla lo acompa\u00f1an grandes mujeres con una gran trayectoria dentro del partido y, juntos seguir\u00e1n trabajando para impulsar a todas.<\/p>\n","protected":false},"excerpt":{"rendered":"<p>XalapaEl liderazgo no tiene g\u00e9nero, asegur\u00f3 el Candidato a la Presidencia del Comit\u00e9 Directivo Estatal del PAN, Joaqu\u00edn Rosendo Guzm\u00e1n Avil\u00e9s, quien se comprometi\u00f3 a que en la nueva era del partido no habr\u00e1 sobrerrepresentaci\u00f3n. \u201cDeberemos todas y todos concluir nuestros per\u00edodos ante los cargos, para evitar que se acaparen lugares\u201d. En el marco del [&hellip;]<\/p>\n","protected":false},"author":2,"featured_media":0,"comment_status":"closed","ping_status":"closed","sticky":false,"template":"","format":"standard","meta":{"_jetpack_newsletter_access":"","_jetpack_dont_email_post_to_subs":false,"_jetpack_newsletter_tier_id":0,"_jetpack_memberships_contains_paywalled_content":false,"_jetpack_memberships_contains_paid_content":false,"footnotes":""},"categories":[73],"tags":[3288,266,195],"class_list":["post-82415","post","type-post","status-publish","format-standard","hentry","category-de-boleto","tag-joaquin-guzman-aviles","tag-pan","tag-veracruz"],"jetpack_featured_media_url":"","jetpack_sharing_enabled":true,"jetpack_shortlink":"https:\/\/wp.me\/p4Qcd3-lrh","_links":{"self":[{"href":"https:\/\/lospoliticosveracruz.com.mx\/index.php?rest_route=\/wp\/v2\/posts\/82415","targetHints":{"allow":["GET"]}}],"collection":[{"href":"https:\/\/lospoliticosveracruz.com.mx\/index.php?rest_route=\/wp\/v2\/posts"}],"about":[{"href":"https:\/\/lospoliticosveracruz.com.mx\/index.php?rest_route=\/wp\/v2\/types\/post"}],"author":[{"embeddable":true,"href":"https:\/\/lospoliticosveracruz.com.mx\/index.php?rest_route=\/wp\/v2\/users\/2"}],"replies":[{"embeddable":true,"href":"https:\/\/lospoliticosveracruz.com.mx\/index.php?rest_route=%2Fwp%2Fv2%2Fcomments&post=82415"}],"version-history":[{"count":3,"href":"https:\/\/lospoliticosveracruz.com.mx\/index.php?rest_route=\/wp\/v2\/posts\/82415\/revisions"}],"predecessor-version":[{"id":82419,"href":"https:\/\/lospoliticosveracruz.com.mx\/index.php?rest_route=\/wp\/v2\/posts\/82415\/revisions\/82419"}],"wp:attachment":[{"href":"https:\/\/lospoliticosveracruz.com.mx\/index.php?rest_route=%2Fwp%2Fv2%2Fmedia&parent=82415"}],"wp:term":[{"taxonomy":"category","embeddable":true,"href":"https:\/\/lospoliticosveracruz.com.mx\/index.php?rest_route=%2Fwp%2Fv2%2Fcategories&post=82415"},{"taxonomy":"post_tag","embeddable":true,"href":"https:\/\/lospoliticosveracruz.com.mx\/index.php?rest_route=%2Fwp%2Fv2%2Ftags&post=82415"}],"curies":[{"name":"wp","href":"https:\/\/api.w.org\/{rel}","templated":true}]}}