{"id":82420,"date":"2021-11-25T15:56:01","date_gmt":"2021-11-25T21:56:01","guid":{"rendered":"https:\/\/lospoliticosveracruz.com.mx\/?p=82420"},"modified":"2021-11-25T15:56:06","modified_gmt":"2021-11-25T21:56:06","slug":"unanue-apoyara-con-todo-el-carnaval","status":"publish","type":"post","link":"https:\/\/lospoliticosveracruz.com.mx\/?p=82420","title":{"rendered":"Un\u00e1nue apoyar\u00e1 con todo el Carnaval"},"content":{"rendered":"\n<p>Boca del R\u00edo<br>El Presidente Municipal electo de Boca del R\u00edo, Juan Manuel Un\u00e1nue Abascal, calific\u00f3 como muy positiva la realizaci\u00f3n del Carnaval 2022 y dijo que apoyar\u00e1 con todo no s\u00f3lo esta festividad, sino tambi\u00e9n trabajar\u00e1 de manera coordinada con la Alcaldesa electa del Puerto de Veracruz, Patricia Lobeira en cualquier otra festividad, as\u00ed como en programas, acciones y obras que sean en beneficio de los ciudadanos de la zona conurbada.<\/p>\n\n\n\n<p>Dijo que ante la incertidumbre del repunte del COVID que se est\u00e1 viviendo en otros pa\u00edses, la decisi\u00f3n que se ha tomado de realizar las fiestas del Carnaval en el mes de junio, con todas las medidas sanitarias, es muy responsable y es una decisi\u00f3n inteligente para la reactivaci\u00f3n econ\u00f3mica de diferentes sectores, adem\u00e1s de que tambi\u00e9n ayudar\u00e1 el clima al realizarse en el verano.<\/p>\n\n\n\n<p>Por otra parte, al reunirse con integrantes de la Canaco, encabezados por su presidente Jos\u00e9 Antonio Mendoza, el Alcalde electo, Juan Manuel Un\u00e1nue dijo que era importante esta reuni\u00f3n para analizar los temas que trat\u00f3 con ellos en campa\u00f1a y retomarlos al iniciar su gobierno.<\/p>\n\n\n\n<p>Apoyo al comercio organizado y a los emprendedores, impulsando beneficios fiscales, la simplificaci\u00f3n de tr\u00e1mites administrativos y brindar todas las facilidades para la apertura de nuevos negocios, adem\u00e1s de la seguridad y la realizaci\u00f3n de obras tur\u00edsticas relevantes en el municipio, fueron algunos de los temas tratados en la reuni\u00f3n.<\/p>\n\n\n\n<p>\u201cSabemos de las necesidades de la gente, sabemos tambi\u00e9n de las necesidades de los comerciantes, entonces tenemos que poner mucha atenci\u00f3n a estos temas al momento de tomar decisiones para que generemos derrama econ\u00f3mica y fomentemos el empleo en el municipio de Boca del R\u00edo\u201d, afirm\u00f3 Un\u00e1nue.<\/p>\n","protected":false},"excerpt":{"rendered":"<p>Boca del R\u00edoEl Presidente Municipal electo de Boca del R\u00edo, Juan Manuel Un\u00e1nue Abascal, calific\u00f3 como muy positiva la realizaci\u00f3n del Carnaval 2022 y dijo que apoyar\u00e1 con todo no s\u00f3lo esta festividad, sino tambi\u00e9n trabajar\u00e1 de manera coordinada con la Alcaldesa electa del Puerto de Veracruz, Patricia Lobeira en cualquier otra festividad, as\u00ed como [&hellip;]<\/p>\n","protected":false},"author":2,"featured_media":0,"comment_status":"closed","ping_status":"closed","sticky":false,"template":"","format":"standard","meta":{"_jetpack_newsletter_access":"","_jetpack_dont_email_post_to_subs":false,"_jetpack_newsletter_tier_id":0,"_jetpack_memberships_contains_paywalled_content":false,"_jetpack_memberships_contains_paid_content":false,"footnotes":""},"categories":[73],"tags":[601,1730,6732,266,195],"class_list":["post-82420","post","type-post","status-publish","format-standard","hentry","category-de-boleto","tag-boca-del-rio","tag-carnaval-de-veracruz","tag-juan-manuel-de-unanue","tag-pan","tag-veracruz"],"jetpack_featured_media_url":"","jetpack_sharing_enabled":true,"jetpack_shortlink":"https:\/\/wp.me\/p4Qcd3-lrm","_links":{"self":[{"href":"https:\/\/lospoliticosveracruz.com.mx\/index.php?rest_route=\/wp\/v2\/posts\/82420","targetHints":{"allow":["GET"]}}],"collection":[{"href":"https:\/\/lospoliticosveracruz.com.mx\/index.php?rest_route=\/wp\/v2\/posts"}],"about":[{"href":"https:\/\/lospoliticosveracruz.com.mx\/index.php?rest_route=\/wp\/v2\/types\/post"}],"author":[{"embeddable":true,"href":"https:\/\/lospoliticosveracruz.com.mx\/index.php?rest_route=\/wp\/v2\/users\/2"}],"replies":[{"embeddable":true,"href":"https:\/\/lospoliticosveracruz.com.mx\/index.php?rest_route=%2Fwp%2Fv2%2Fcomments&post=82420"}],"version-history":[{"count":1,"href":"https:\/\/lospoliticosveracruz.com.mx\/index.php?rest_route=\/wp\/v2\/posts\/82420\/revisions"}],"predecessor-version":[{"id":82422,"href":"https:\/\/lospoliticosveracruz.com.mx\/index.php?rest_route=\/wp\/v2\/posts\/82420\/revisions\/82422"}],"wp:attachment":[{"href":"https:\/\/lospoliticosveracruz.com.mx\/index.php?rest_route=%2Fwp%2Fv2%2Fmedia&parent=82420"}],"wp:term":[{"taxonomy":"category","embeddable":true,"href":"https:\/\/lospoliticosveracruz.com.mx\/index.php?rest_route=%2Fwp%2Fv2%2Fcategories&post=82420"},{"taxonomy":"post_tag","embeddable":true,"href":"https:\/\/lospoliticosveracruz.com.mx\/index.php?rest_route=%2Fwp%2Fv2%2Ftags&post=82420"}],"curies":[{"name":"wp","href":"https:\/\/api.w.org\/{rel}","templated":true}]}}