{"id":82480,"date":"2021-11-26T13:40:51","date_gmt":"2021-11-26T19:40:51","guid":{"rendered":"https:\/\/lospoliticosveracruz.com.mx\/?p=82480"},"modified":"2021-11-26T13:45:39","modified_gmt":"2021-11-26T19:45:39","slug":"naldy-es-la-jefa","status":"publish","type":"post","link":"https:\/\/lospoliticosveracruz.com.mx\/?p=82480","title":{"rendered":"Naldy es la Jefa!"},"content":{"rendered":"\n<p><\/p>\n\n\n\n<p><strong>Ciudad de M\u00e9xico<\/strong><\/p>\n\n\n\n<p><br>La comisionada presidenta del Instituto Veracruzano de Acceso a la Informaci\u00f3n y Protecci\u00f3n de Datos Personales (IVAI), Naldy Rodr\u00edguez Lagunes, fue electa este d\u00eda como coordinadora de la regi\u00f3n Sureste de los \u00d3rganos Garantes que integran el Sistema Nacional de Transparencia, cargo que desempe\u00f1ar\u00e1 por un periodo de un a\u00f1o.<\/p>\n\n\n\n<p>Al rendir protesta, Rodr\u00edguez Lagunes reconoci\u00f3 la labor realizada por el comisionado Julio Cesar Bonilla como Coordinador de los Organismos Garantes de las Entidades Federativas del SNT, as\u00ed como del comisionado presidente del Instituto Tabasque\u00f1o de Acceso a la Informaci\u00f3n P\u00fablica (ITAIP), Ricardo Le\u00f3n Caraveo, quien estuvo al frente de la regi\u00f3n Sureste.<\/p>\n\n\n\n<p>Destac\u00f3 que, desde la regi\u00f3n sur del pa\u00eds que hist\u00f3ricamente ha sido relegada, se busca incidir en el desarrollo social de los pueblos originarios, as\u00ed como de la poblaci\u00f3n rural y urbana, por lo que desde este espacio se buscar\u00e1 que la ciudadan\u00eda se apropie del derecho a la informaci\u00f3n como una herramienta para mejorar el entorno colectivo por medio de la transparencia y, a la vez, combatir la corrupci\u00f3n.<\/p>\n\n\n\n<p>\u201cEn esta regi\u00f3n nos estamos renovando y queremos abonar a la transformaci\u00f3n de M\u00e9xico para que hombres y mujeres gocen plenamente de sus derechos en condiciones de igualdad, acabar con la simulaci\u00f3n porque no somos los mismos de antes\u201d, enfatiz\u00f3.<\/p>\n\n\n\n<p>Se congratul\u00f3 que la coordinaci\u00f3n nacional, al igual que las coordinaciones regionales Norte, Centro y Centro Occidente, est\u00e9n ahora encabezadas por mujeres, pues ello es una prueba que desde el Sistema Nacional de Transparencia se trabaja a favor de la equidad. \u201cNo solo es empoderar en el discurso, hay que hacerlo realidad y segura estoy que los m\u00e1s importante es la toma de decisiones y as\u00ed se ver\u00e1 reflejado en la toma de decisiones\u201d.<\/p>\n\n\n\n<p>Durante el segundo d\u00eda de la Jornada Electiva 2021 de las Coordinaciones de las Instancias del SNT, se eligi\u00f3 a la comisionada presidenta del Instituto Duranguense de Acceso a la Informaci\u00f3n P\u00fablica y Protecci\u00f3n de Datos Personales (IDAIP), Luz Mar\u00eda Mariscal C\u00e1rdenas, como Coordinadora de los Organismos Garantes, as\u00ed como a las comisionadas Alma L\u00f3pez de la Torre, Myrna Moncada y Areli Navarrete, como coordinadoras de las regiones Norte, centro y Centro Occidente, respectivamente.<\/p>\n\n\n\n<p>La regi\u00f3n Sureste del Sistema Nacional de Transparencia (SNT) la integran los \u00d3rganos Garantes Locales de Campeche, Chiapas, Quintana Roo, Tabasco, Yucat\u00e1n y Veracruz.<\/p>\n","protected":false},"excerpt":{"rendered":"<p>Ciudad de M\u00e9xico La comisionada presidenta del Instituto Veracruzano de Acceso a la Informaci\u00f3n y Protecci\u00f3n de Datos Personales (IVAI), Naldy Rodr\u00edguez Lagunes, fue electa este d\u00eda como coordinadora de la regi\u00f3n Sureste de los \u00d3rganos Garantes que integran el Sistema Nacional de Transparencia, cargo que desempe\u00f1ar\u00e1 por un periodo de un a\u00f1o. Al rendir [&hellip;]<\/p>\n","protected":false},"author":2,"featured_media":0,"comment_status":"closed","ping_status":"closed","sticky":false,"template":"","format":"standard","meta":{"_jetpack_newsletter_access":"","_jetpack_dont_email_post_to_subs":false,"_jetpack_newsletter_tier_id":0,"_jetpack_memberships_contains_paywalled_content":false,"_jetpack_memberships_contains_paid_content":false,"footnotes":""},"categories":[73],"tags":[985,31374,31372,31375,5281,31373],"class_list":["post-82480","post","type-post","status-publish","format-standard","hentry","category-de-boleto","tag-ivai","tag-jornada-electiva-2021","tag-julio-cesar-bonilla","tag-luz-maria-mariscal-cardenas","tag-naldy-rodriguez","tag-ricardo-leon-caraveo"],"jetpack_featured_media_url":"","jetpack_sharing_enabled":true,"jetpack_shortlink":"https:\/\/wp.me\/p4Qcd3-lsk","_links":{"self":[{"href":"https:\/\/lospoliticosveracruz.com.mx\/index.php?rest_route=\/wp\/v2\/posts\/82480","targetHints":{"allow":["GET"]}}],"collection":[{"href":"https:\/\/lospoliticosveracruz.com.mx\/index.php?rest_route=\/wp\/v2\/posts"}],"about":[{"href":"https:\/\/lospoliticosveracruz.com.mx\/index.php?rest_route=\/wp\/v2\/types\/post"}],"author":[{"embeddable":true,"href":"https:\/\/lospoliticosveracruz.com.mx\/index.php?rest_route=\/wp\/v2\/users\/2"}],"replies":[{"embeddable":true,"href":"https:\/\/lospoliticosveracruz.com.mx\/index.php?rest_route=%2Fwp%2Fv2%2Fcomments&post=82480"}],"version-history":[{"count":1,"href":"https:\/\/lospoliticosveracruz.com.mx\/index.php?rest_route=\/wp\/v2\/posts\/82480\/revisions"}],"predecessor-version":[{"id":82482,"href":"https:\/\/lospoliticosveracruz.com.mx\/index.php?rest_route=\/wp\/v2\/posts\/82480\/revisions\/82482"}],"wp:attachment":[{"href":"https:\/\/lospoliticosveracruz.com.mx\/index.php?rest_route=%2Fwp%2Fv2%2Fmedia&parent=82480"}],"wp:term":[{"taxonomy":"category","embeddable":true,"href":"https:\/\/lospoliticosveracruz.com.mx\/index.php?rest_route=%2Fwp%2Fv2%2Fcategories&post=82480"},{"taxonomy":"post_tag","embeddable":true,"href":"https:\/\/lospoliticosveracruz.com.mx\/index.php?rest_route=%2Fwp%2Fv2%2Ftags&post=82480"}],"curies":[{"name":"wp","href":"https:\/\/api.w.org\/{rel}","templated":true}]}}