{"id":82669,"date":"2021-11-30T08:53:59","date_gmt":"2021-11-30T14:53:59","guid":{"rendered":"https:\/\/lospoliticosveracruz.com.mx\/?p=82669"},"modified":"2021-11-30T08:56:24","modified_gmt":"2021-11-30T14:56:24","slug":"el-enojo-presidencial-y-el-papel-de-los-medios","status":"publish","type":"post","link":"https:\/\/lospoliticosveracruz.com.mx\/?p=82669","title":{"rendered":"El enojo presidencial y el papel de los medios"},"content":{"rendered":"\n<p><strong>Emilio C\u00e1rdenas Escobosa<br><\/strong><em>De Inter\u00e9s P\u00fablico<\/em><\/p>\n\n\n\n<p><\/p>\n\n\n\n<p>En el m\u00e1s reciente episodio que exhibe la descompuesta relaci\u00f3n del presidente Andr\u00e9s Manuel L\u00f3pez Obrador con los medios y comunicadores que lo irritan cuando se publican reportajes o informaci\u00f3n que le desagrada, en la ma\u00f1anera de este lunes 29 de noviembre el primer mandatario calific\u00f3 a la periodista Carmen Aristegui de opositora a su gobierno por haber publicado el reportaje \u2018Sembrando vida y la f\u00e1brica de chocolates\u2019 junto con la revista Proceso y otros medios, en el que acusan a sus hijos de obtener beneficios del programa \u2018Sembrando vida\u2019 a trav\u00e9s de su finca \u201cEl Roc\u00edo\u201d.<\/p>\n\n\n\n<div class=\"wp-block-image\"><figure class=\"alignleft size-large is-resized\"><a href=\"https:\/\/lospoliticosveracruz.com.mx\/wp-content\/uploads\/2021\/10\/WhatsApp-Image-2021-10-02-at-15.20.25.jpeg\"><img loading=\"lazy\" decoding=\"async\" src=\"https:\/\/lospoliticosveracruz.com.mx\/wp-content\/uploads\/2021\/10\/WhatsApp-Image-2021-10-02-at-15.20.25-724x1024.jpeg\" alt=\"\" class=\"wp-image-80177\" width=\"250\" height=\"350\"\/><\/a><\/figure><\/div>\n\n\n\n<p><\/p>\n\n\n\n<p>Y es que este fin de semana, tanto en el portal de Proceso como el de Aristegui Noticias, sali\u00f3 la publicaci\u00f3n que caus\u00f3 la molestia del inquilino de Palacio Nacional y que en su parte medular se\u00f1ala que existe un conflicto de inter\u00e9s entre los hijos del jefe del Ejecutivo Federal con la administraci\u00f3n p\u00fablica, ya que \u2018Sembrando Vida\u2019 es un programa de inter\u00e9s social dedicado a la siembra de \u00e1rboles maderables y frutales en M\u00e9xico y Centroam\u00e9rica. En la investigaci\u00f3n publicada por Proceso y Aristegui Noticias en la que coadyuvaron los medios Notas sin Pauta, Eme Equis, Connectas y Mega Noticias, se afirma que parecer\u00eda innecesaria la ayuda social a las empresas de los hijos del presidente.<\/p>\n\n\n\n<p>El presidente L\u00f3pez Obrador, como era de esperarse, reproch\u00f3 el trabajo period\u00edstico detr\u00e1s de esta investigaci\u00f3n, y se lanz\u00f3 particularmente contra Proceso y Aristegui acusando que nunca han estado a favor de la Cuarta Transformaci\u00f3n ni del Movimiento de Regeneraci\u00f3n Nacional y que jam\u00e1s han sido medios ni periodistas independientes.<\/p>\n\n\n\n<p>\u201cProceso y Carmen Aristegui nunca han estado a favor de nuestro movimiento yo sostengo que son independientes pero independientes del pueblo, que nunca se han involucrado nunca han hecho un periodismo en favor del pueblo\u201d, se\u00f1al\u00f3 en conferencia de prensa desde Oaxaca.<\/p>\n\n\n\n<p>El presidente destac\u00f3 que Proceso y Carmen Aristegui presentaron una investigaci\u00f3n sin fundamentos sobre un terreno que sus hijos recibieron a trav\u00e9s de una herencia familiar.<\/p>\n\n\n\n<p>\u201cHicieron toda una investigaci\u00f3n mentirosa sin fundamentos para buscar mancharnos y la calumnia cuando no mancha tizna. Nada m\u00e1s aclarar que no es cierto lo que est\u00e1n planteando en su reportaje\u201d, manifest\u00f3.<\/p>\n\n\n\n<p>Extra\u00f1\u00f3 a muchos la dureza de la postura presidencial sobre todo si se recuerda el trabajo que a lo largo de su trayectoria ha realizado la periodista Carmen Aristegui y la historia del semanario Proceso, a quienes hasta donde se recuerda L\u00f3pez Obrador ten\u00eda en mejor consideraci\u00f3n.<\/p>\n\n\n\n<p>Respecto al trabajo de Aristegui, existen investigaciones period\u00edsticas y posturas pol\u00edticas con las que el mismo AMLO lleg\u00f3 a coincidir, como las relacionadas con el Caso Iguala y La Casa Blanca, e incluso L\u00f3pez Obrador extern\u00f3 su apoyo a la periodista cuando fue v\u00edctima de censura y su espacio radiof\u00f3nico cancelado como resultado del reportaje que hizo y que involucraba a la entonces esposa del presidente Enrique Pe\u00f1a Nieto, Ang\u00e9lica Rivera.<\/p>\n\n\n\n<p>Adem\u00e1s, debe recordarse, que, a un mes de haberse celebrado las elecciones presidenciales del 2018, el mandatario federal defendi\u00f3 a la periodista y asegur\u00f3 que durante su mandato procurar\u00eda su regreso a la radio.<\/p>\n\n\n\n<p>\u201cIniciar\u00e1s una nueva \u00e9poca, reivindicando el periodismo libre. Ahora s\u00ed que dando la recompensa a quien fue v\u00edctima de la censura, qu\u00e9 bien que los due\u00f1os de Radio Centro te abran este espacio, muy merecido. Con esto ganamos todos, mejora la vida p\u00fablica del pa\u00eds, y se hace valer la libertad de expresi\u00f3n\u201d, declar\u00f3 el tabasque\u00f1o en una entrevista telef\u00f3nica con la periodista.<\/p>\n\n\n\n<p>Sin embargo, eso ya se olvid\u00f3 y esta ma\u00f1ana asever\u00f3 que Carmen Aristegui no est\u00e1 a favor de su movimiento y que no existen \u201csimpat\u00edas\u201d tampoco entre su gobierno y Proceso.<\/p>\n\n\n\n<p>\u201cCarmen Aristegui escribe en Reforma y pertenece al grupo que apoya al bloque conservador. Ya no estamos en los tiempos de la simulaci\u00f3n y hay muchos en nuestro movimiento que piensan que son personas que han ayudado al movimiento o lo apoyan, pues no\u201d, afirm\u00f3.<\/p>\n\n\n\n<p>Aristegui, Ricardo Rocha, el semanario Proceso, entre otros, que eran sus cercanos o al menos simpatizaban con la posibilidad de que L\u00f3pez Obrador llegara a la presidencia de M\u00e9xico, o que fueron cr\u00edticos con los gobiernos del PRI y del PAN, ya cayeron de su gracia.<\/p>\n\n\n\n<p>Este episodio nos hace recordar el ejercicio de un presunto derecho de r\u00e9plica del presidente L\u00f3pez Obrador en sus conferencias ma\u00f1aneras llamado\u201d Qui\u00e9n es qui\u00e9n en las mentiras de la semana\u201d, en el que el gobierno federal responde o aclara lo que considera informaci\u00f3n tendenciosa o falsa que se publica para cuestionar decisiones, programas o acciones gubernamentales.<\/p>\n\n\n\n<p>Ya con varias semanas de llevarse a cabo esta secci\u00f3n de las ma\u00f1aneras, a cargo de Elizabeth Garc\u00eda Vilchis, queda claro que se cre\u00f3 para cuestionar o burlarse de comunicadores o medios que le apetezcan al presidente.<\/p>\n\n\n\n<p>Quienes se toman en serio este ejercicio inevitablemente hacen corajes. Unos porque creen reafirmar con ello su convicci\u00f3n de que son muchas las mentiras contenidas en los dichos presidenciales y de los de sus colaboradores. Otros de plano, como en el judo, utilizan la fuerza del oponente y ganan publicidad, auditorios o lectores al repetir sus reportajes o abrir nuevas vetas para explotarlos y causar la molestia de Palacio Nacional, y aprovechar salir en esta curiosa secci\u00f3n, como es claramente el caso de Carlos Loret de Mola y su sitio LatinUs.<\/p>\n\n\n\n<p>Lo que es un hecho es que no hay que tomarse tan a pecho ni la secci\u00f3n de marras ni los enojos y catilinarias que hace el Primer Mandatario en sus ma\u00f1aneras para refutar lo que le molesta de lo publicado en los medios. Es parte de su personal forma de ejercer el poder, y de su concepci\u00f3n de que quienes no comulgan acr\u00edticamente con el proyecto pol\u00edtico que enarbola o que publican asuntos que exhiben temas inc\u00f3modos al gobierno lopezobradorista son sus opositores o le hacen el juego a intereses conservadores o reaccionarios.<\/p>\n\n\n\n<p>Una prensa a modo es el deseo de todos quienes gobiernan y ello lo logran los gobiernos v\u00eda el apapacho, los apoyos en efectivo a comunicadores o los jugosos contratos de publicidad a los due\u00f1os de los medios, y esto de alguna manera lo ha logrado tambi\u00e9n este gobierno, lo mismo en el \u00e1mbito federal que en el local, en Veracruz.<\/p>\n\n\n\n<p>Ello se nota en los espacios y columnas donde se aplaude todo; como es evidente tambi\u00e9n la ruptura con medios y periodistas consentidos por anteriores gobiernos y que en este no encontraron acomodo, y que son, desde luego, los m\u00e1s ac\u00e9rrimos cr\u00edticos.<\/p>\n\n\n\n<p>Como es observable tambi\u00e9n, y a mi juicio es lo m\u00e1s saludable, atestiguar la distancia del coro de aplaudidores o de los cr\u00edticos contumaces y viscerales, en muchos casos, de opinadores, articulistas, medios y comunicadores para quienes el ejercicio period\u00edstico no puede ser panfletario o hacerle el juego deliberadamente a los adversarios pol\u00edticos del gobierno.<\/p>\n\n\n\n<p>Por eso en el episodio m\u00e1s reciente de las luchas de AMLO con los medios, es rescatable la respuesta dada por Carmen Aristegui:<\/p>\n\n\n\n<p>\u201cYo simple y llanamente dir\u00eda, para no darle muchas vueltas, que, efectivamente, se trata de no confundir y nadie quiere confundir en relaci\u00f3n a lo que es el papel de cada quien, presidente. En Aristegui Noticias no estamos ni a favor ni en contra de su movimiento. Este espacio es simple y sencillamente eso, un espacio de periodistas\u201d.<\/p>\n\n\n\n<p>Y la prensa, los medios impresos, digitales, los espacios de opini\u00f3n deben ser eso: espacios de periodistas. No veh\u00edculos o instrumentos para echar porras, quemar incienso, quedar bien o gritar loas. Ni canales para soltar los demonios internos, desprestigiar sin fundamento, decir medias verdades o mentiras completas en aras de satanizar al odiado personaje o partido pol\u00edtico.<\/p>\n\n\n\n<p>Sin equilibrio, mesura y objetividad, si es que la podemos encontrar, no se le da sentido al sentido social del ejercicio del periodismo. Y eso, es lo mejor sin duda, aunque se enoje quien se enoje.<\/p>\n\n\n\n<p>jecesco@hotmail.com<\/p>\n\n\n\n<p>www.deinterespublico.com<\/p>\n","protected":false},"excerpt":{"rendered":"<p>Emilio C\u00e1rdenas EscobosaDe Inter\u00e9s P\u00fablico En el m\u00e1s reciente episodio que exhibe la descompuesta relaci\u00f3n del presidente Andr\u00e9s Manuel L\u00f3pez Obrador con los medios y comunicadores que lo irritan cuando se publican reportajes o informaci\u00f3n que le desagrada, en la ma\u00f1anera de este lunes 29 de noviembre el primer mandatario calific\u00f3 a la periodista Carmen [&hellip;]<\/p>\n","protected":false},"author":2,"featured_media":82671,"comment_status":"closed","ping_status":"closed","sticky":false,"template":"","format":"standard","meta":{"_jetpack_newsletter_access":"","_jetpack_dont_email_post_to_subs":false,"_jetpack_newsletter_tier_id":0,"_jetpack_memberships_contains_paywalled_content":false,"_jetpack_memberships_contains_paid_content":false,"footnotes":""},"categories":[70],"tags":[618,1820,31435,14544,1026,334,31434],"class_list":["post-82669","post","type-post","status-publish","format-standard","has-post-thumbnail","hentry","category-de-opinion","tag-andres-manuel-lopez-obrador","tag-carmen-aristegui","tag-finca-el-rocio","tag-jose-emilio-cardenas-escobosa","tag-morena","tag-proceso","tag-sembrando-vida-y-la-fabrica-de-chocolates"],"jetpack_featured_media_url":"https:\/\/lospoliticosveracruz.com.mx\/wp-content\/uploads\/2021\/11\/AMLO-5.jpg","jetpack_sharing_enabled":true,"jetpack_shortlink":"https:\/\/wp.me\/p4Qcd3-lvn","_links":{"self":[{"href":"https:\/\/lospoliticosveracruz.com.mx\/index.php?rest_route=\/wp\/v2\/posts\/82669","targetHints":{"allow":["GET"]}}],"collection":[{"href":"https:\/\/lospoliticosveracruz.com.mx\/index.php?rest_route=\/wp\/v2\/posts"}],"about":[{"href":"https:\/\/lospoliticosveracruz.com.mx\/index.php?rest_route=\/wp\/v2\/types\/post"}],"author":[{"embeddable":true,"href":"https:\/\/lospoliticosveracruz.com.mx\/index.php?rest_route=\/wp\/v2\/users\/2"}],"replies":[{"embeddable":true,"href":"https:\/\/lospoliticosveracruz.com.mx\/index.php?rest_route=%2Fwp%2Fv2%2Fcomments&post=82669"}],"version-history":[{"count":1,"href":"https:\/\/lospoliticosveracruz.com.mx\/index.php?rest_route=\/wp\/v2\/posts\/82669\/revisions"}],"predecessor-version":[{"id":82670,"href":"https:\/\/lospoliticosveracruz.com.mx\/index.php?rest_route=\/wp\/v2\/posts\/82669\/revisions\/82670"}],"wp:featuredmedia":[{"embeddable":true,"href":"https:\/\/lospoliticosveracruz.com.mx\/index.php?rest_route=\/wp\/v2\/media\/82671"}],"wp:attachment":[{"href":"https:\/\/lospoliticosveracruz.com.mx\/index.php?rest_route=%2Fwp%2Fv2%2Fmedia&parent=82669"}],"wp:term":[{"taxonomy":"category","embeddable":true,"href":"https:\/\/lospoliticosveracruz.com.mx\/index.php?rest_route=%2Fwp%2Fv2%2Fcategories&post=82669"},{"taxonomy":"post_tag","embeddable":true,"href":"https:\/\/lospoliticosveracruz.com.mx\/index.php?rest_route=%2Fwp%2Fv2%2Ftags&post=82669"}],"curies":[{"name":"wp","href":"https:\/\/api.w.org\/{rel}","templated":true}]}}