{"id":82672,"date":"2021-11-30T09:02:17","date_gmt":"2021-11-30T15:02:17","guid":{"rendered":"https:\/\/lospoliticosveracruz.com.mx\/?p=82672"},"modified":"2021-11-30T09:02:22","modified_gmt":"2021-11-30T15:02:22","slug":"mafia-de-gruyeros","status":"publish","type":"post","link":"https:\/\/lospoliticosveracruz.com.mx\/?p=82672","title":{"rendered":"Mafia de gruyeros!"},"content":{"rendered":"\n<p><\/p>\n\n\n\n<p><\/p>\n\n\n\n<p><strong>Xalapa<br><\/strong>Decenas de ciudadanos cuyos automotores fueron \u00ablevantados\u00bb por gruyeros de la empresa \u00abCatsa\u00bb se\u00f1alaron que son m\u00e1s de cuatro horas las que tienen que esperar para poder sacar sus unidades del corral\u00f3n<\/p>\n\n\n\n<p>\u00abA mi me abordaron los de la Polic\u00eda en Coatepec y seg\u00fan que porque mi carro trae placas de Tlaxcala ameritaba el corral\u00f3n\u00bb.<\/p>\n\n\n\n<p>Los agobiados ciudadanos se\u00f1alaron que sin que existiera multa o presencia de personal de Tr\u00e1nsito, los uniformados ordenaron que la gr\u00faa se llevara sus carros.<\/p>\n\n\n\n<p>\u00bb Nos tienen aqu\u00ed desde las nueve de la ma\u00f1ana, ya son casi las dos y apenas me van a entregar mi auto\u00bb<\/p>\n\n\n\n<p><strong><em>Posible evasi\u00f3n del f\u00edsco<br><\/em><\/strong>Otros ciudadanos que lograron sacar sus autos, dijeron que la empresa Catsa les cobr\u00f3 5 mil pesos por llevarse el auto desde Coatepec y al ir a preguntar d\u00f3nde estaba, se lo llevaron a un corral\u00f3n en Dos R\u00edos, localidad de Emiliano Zapata y por ese monto, la empresa de las gr\u00faas no les entrega comprobante fiscal a nadie.<\/p>\n\n\n\n<p>\u00abTuve que exigir me dieran un comprobante por el pago y en ese momento imprimieron una hoja hechiza sin ninguna raz\u00f3n social, se nota que no reportan nada de estos ingresos a Hacienda\u00bb<\/p>\n\n\n\n<p>\u00abHacen su agosto con nosotros, los trabajadores, varios somos empleados de empresas y hasta maestros, se nota que van por nuestro aguinaldo\u00bb.<\/p>\n","protected":false},"excerpt":{"rendered":"<p>XalapaDecenas de ciudadanos cuyos automotores fueron \u00ablevantados\u00bb por gruyeros de la empresa \u00abCatsa\u00bb se\u00f1alaron que son m\u00e1s de cuatro horas las que tienen que esperar para poder sacar sus unidades del corral\u00f3n \u00abA mi me abordaron los de la Polic\u00eda en Coatepec y seg\u00fan que porque mi carro trae placas de Tlaxcala ameritaba el corral\u00f3n\u00bb. [&hellip;]<\/p>\n","protected":false},"author":2,"featured_media":82673,"comment_status":"closed","ping_status":"closed","sticky":false,"template":"","format":"standard","meta":{"_jetpack_newsletter_access":"","_jetpack_dont_email_post_to_subs":false,"_jetpack_newsletter_tier_id":0,"_jetpack_memberships_contains_paywalled_content":false,"_jetpack_memberships_contains_paid_content":false,"footnotes":""},"categories":[6446],"tags":[31436,31439,31437,31438],"class_list":["post-82672","post","type-post","status-publish","format-standard","has-post-thumbnail","hentry","category-la-nota","tag-catsa","tag-empresa-de-las-gruas","tag-gruyeros","tag-policia-en-coatepec"],"jetpack_featured_media_url":"https:\/\/lospoliticosveracruz.com.mx\/wp-content\/uploads\/2021\/11\/gruyeros.jpg","jetpack_sharing_enabled":true,"jetpack_shortlink":"https:\/\/wp.me\/p4Qcd3-lvq","_links":{"self":[{"href":"https:\/\/lospoliticosveracruz.com.mx\/index.php?rest_route=\/wp\/v2\/posts\/82672","targetHints":{"allow":["GET"]}}],"collection":[{"href":"https:\/\/lospoliticosveracruz.com.mx\/index.php?rest_route=\/wp\/v2\/posts"}],"about":[{"href":"https:\/\/lospoliticosveracruz.com.mx\/index.php?rest_route=\/wp\/v2\/types\/post"}],"author":[{"embeddable":true,"href":"https:\/\/lospoliticosveracruz.com.mx\/index.php?rest_route=\/wp\/v2\/users\/2"}],"replies":[{"embeddable":true,"href":"https:\/\/lospoliticosveracruz.com.mx\/index.php?rest_route=%2Fwp%2Fv2%2Fcomments&post=82672"}],"version-history":[{"count":1,"href":"https:\/\/lospoliticosveracruz.com.mx\/index.php?rest_route=\/wp\/v2\/posts\/82672\/revisions"}],"predecessor-version":[{"id":82674,"href":"https:\/\/lospoliticosveracruz.com.mx\/index.php?rest_route=\/wp\/v2\/posts\/82672\/revisions\/82674"}],"wp:featuredmedia":[{"embeddable":true,"href":"https:\/\/lospoliticosveracruz.com.mx\/index.php?rest_route=\/wp\/v2\/media\/82673"}],"wp:attachment":[{"href":"https:\/\/lospoliticosveracruz.com.mx\/index.php?rest_route=%2Fwp%2Fv2%2Fmedia&parent=82672"}],"wp:term":[{"taxonomy":"category","embeddable":true,"href":"https:\/\/lospoliticosveracruz.com.mx\/index.php?rest_route=%2Fwp%2Fv2%2Fcategories&post=82672"},{"taxonomy":"post_tag","embeddable":true,"href":"https:\/\/lospoliticosveracruz.com.mx\/index.php?rest_route=%2Fwp%2Fv2%2Ftags&post=82672"}],"curies":[{"name":"wp","href":"https:\/\/api.w.org\/{rel}","templated":true}]}}