{"id":82753,"date":"2021-12-01T16:53:16","date_gmt":"2021-12-01T22:53:16","guid":{"rendered":"https:\/\/lospoliticosveracruz.com.mx\/?p=82753"},"modified":"2021-12-01T16:53:23","modified_gmt":"2021-12-01T22:53:23","slug":"de-12-en-adelante","status":"publish","type":"post","link":"https:\/\/lospoliticosveracruz.com.mx\/?p=82753","title":{"rendered":"De 12 en adelante!"},"content":{"rendered":"\n<p><\/p>\n\n\n\n<p><\/p>\n\n\n\n<p><strong>Ciudad de M\u00e9xico<\/strong><\/p>\n\n\n\n<p><br>Desde la Tribuna del Congreso Federal, la diputada Maryjose Gamboa Torales, exhort\u00f3 al Presidente Andr\u00e9s Manuel L\u00f3pez Obrador, para que en su calidad de m\u00e1xima autoridad sanitaria instruya a las autoridades competentes emprender las acciones necesarias para que sea incluida toda la poblaci\u00f3n, a partir de 12 a\u00f1os de edad, en la pol\u00edtica nacional de vacunaci\u00f3n contra el COVID-19.<\/p>\n\n\n\n<p>Advirti\u00f3 que contin\u00faa siendo muy peligroso que no se contemplen a los j\u00f3venes de 12 a 14, ya que lamentablemente han fallecido 700 menores en este rango de edad por complicaciones del COVID.<\/p>\n\n\n\n<p>La diputada federal se\u00f1al\u00f3 que a pesar de estas cifras y de que COFEPRIS desde el pasado 24 junio aprob\u00f3 la vacuna para ser aplicada a los adolescentes entre 12 y 17 a\u00f1os, adem\u00e1s de que est\u00e1 consagrado en la Constituci\u00f3n que todas las pol\u00edticas p\u00fablicas tengan como primer eje a la infancia, protegi\u00e9ndolas en su derecho fundamental a la salud, esta parte de la poblaci\u00f3n ha sido ignorada.<\/p>\n\n\n\n<p>\u201cHemos insistido en esto, seguiremos insistiendo y amparando a las y los j\u00f3venes que sean necesarios con tal de resguardar su integridad\u201d, expuso en Tribuna Maryjose Gamboa.<\/p>\n","protected":false},"excerpt":{"rendered":"<p>Ciudad de M\u00e9xico Desde la Tribuna del Congreso Federal, la diputada Maryjose Gamboa Torales, exhort\u00f3 al Presidente Andr\u00e9s Manuel L\u00f3pez Obrador, para que en su calidad de m\u00e1xima autoridad sanitaria instruya a las autoridades competentes emprender las acciones necesarias para que sea incluida toda la poblaci\u00f3n, a partir de 12 a\u00f1os de edad, en la [&hellip;]<\/p>\n","protected":false},"author":2,"featured_media":0,"comment_status":"closed","ping_status":"closed","sticky":false,"template":"","format":"standard","meta":{"_jetpack_newsletter_access":"","_jetpack_dont_email_post_to_subs":false,"_jetpack_newsletter_tier_id":0,"_jetpack_memberships_contains_paywalled_content":false,"_jetpack_memberships_contains_paid_content":false,"footnotes":""},"categories":[73],"tags":[26577,27136,6815,19347],"class_list":["post-82753","post","type-post","status-publish","format-standard","hentry","category-de-boleto","tag-covid-19-2","tag-maryjose-gamboa-torales-2","tag-maryjose-gamboa-torales","tag-vacunacion"],"jetpack_featured_media_url":"","jetpack_sharing_enabled":true,"jetpack_shortlink":"https:\/\/wp.me\/p4Qcd3-lwJ","_links":{"self":[{"href":"https:\/\/lospoliticosveracruz.com.mx\/index.php?rest_route=\/wp\/v2\/posts\/82753","targetHints":{"allow":["GET"]}}],"collection":[{"href":"https:\/\/lospoliticosveracruz.com.mx\/index.php?rest_route=\/wp\/v2\/posts"}],"about":[{"href":"https:\/\/lospoliticosveracruz.com.mx\/index.php?rest_route=\/wp\/v2\/types\/post"}],"author":[{"embeddable":true,"href":"https:\/\/lospoliticosveracruz.com.mx\/index.php?rest_route=\/wp\/v2\/users\/2"}],"replies":[{"embeddable":true,"href":"https:\/\/lospoliticosveracruz.com.mx\/index.php?rest_route=%2Fwp%2Fv2%2Fcomments&post=82753"}],"version-history":[{"count":1,"href":"https:\/\/lospoliticosveracruz.com.mx\/index.php?rest_route=\/wp\/v2\/posts\/82753\/revisions"}],"predecessor-version":[{"id":82755,"href":"https:\/\/lospoliticosveracruz.com.mx\/index.php?rest_route=\/wp\/v2\/posts\/82753\/revisions\/82755"}],"wp:attachment":[{"href":"https:\/\/lospoliticosveracruz.com.mx\/index.php?rest_route=%2Fwp%2Fv2%2Fmedia&parent=82753"}],"wp:term":[{"taxonomy":"category","embeddable":true,"href":"https:\/\/lospoliticosveracruz.com.mx\/index.php?rest_route=%2Fwp%2Fv2%2Fcategories&post=82753"},{"taxonomy":"post_tag","embeddable":true,"href":"https:\/\/lospoliticosveracruz.com.mx\/index.php?rest_route=%2Fwp%2Fv2%2Ftags&post=82753"}],"curies":[{"name":"wp","href":"https:\/\/api.w.org\/{rel}","templated":true}]}}