{"id":82849,"date":"2021-12-03T13:36:47","date_gmt":"2021-12-03T19:36:47","guid":{"rendered":"https:\/\/lospoliticosveracruz.com.mx\/?p=82849"},"modified":"2021-12-03T13:36:53","modified_gmt":"2021-12-03T19:36:53","slug":"ivai-da-clases-a-tecnos","status":"publish","type":"post","link":"https:\/\/lospoliticosveracruz.com.mx\/?p=82849","title":{"rendered":"IVAI da clases a Tecnos!"},"content":{"rendered":"\n<p><\/p>\n\n\n\n<p><\/p>\n\n\n\n<p><strong>Xalapa<\/strong><\/p>\n\n\n\n<p><br>Para dotarlos de las herramientas necesarias y cumplir con las disposiciones legales en materia de Transparencia, el Instituto Veracruzano de Acceso a la Informaci\u00f3n y Protecci\u00f3n de Datos Personales (IVAI) capacit\u00f3 a directores y titulares de las Unidades de Transparencia de los 25 Institutos Tecnol\u00f3gicos de la entidad.<\/p>\n\n\n\n<p>Durante la ceremonia de apertura de los trabajos que se realizaron en el auditorio del Instituto Tecnol\u00f3gico Superior de Xalapa (ITSX), la comisionada presidenta del IVAI, Naldy Rodr\u00edguez Lagunes, reiter\u00f3 que el compromiso de este \u00f3rgano garante es fortalecer la vinculaci\u00f3n con los Sujetos Obligados para que todos est\u00e9n en condiciones de cumplir con el marco normativo en la materia.<\/p>\n\n\n\n<p>Record\u00f3 que en el IVAI hay capacitaciones de forma permanente y agradeci\u00f3 a los presentes por el inter\u00e9s en actualizarse sobre las herramientas de las que se dispone para dar cumplimiento a las exigencias de la ciudadan\u00eda que cada vez muestra un mayor inter\u00e9s en conocer sobre el quehacer gubernamental y las instituciones que ejercen recursos p\u00fablicos.<\/p>\n\n\n\n<p>Rodr\u00edguez Lagunes refiri\u00f3 que desde el pasado mes de octubre, junto con la Direcci\u00f3n de Educaci\u00f3n Tecnol\u00f3gica de la Secretar\u00eda de Educaci\u00f3n de Veracruz, se estableci\u00f3 una agenda de trabajo para brindar asesor\u00edas tanto a los Institutos Tecnol\u00f3gicos como a los sindicatos que los conforman, pues ellos tambi\u00e9n forman parte de los sujetos que deben cumplir en materia de transparencia y protecci\u00f3n de datos personales.<\/p>\n\n\n\n<p>Asimismo, la comisionada presidenta del IVAI agradeci\u00f3 al director del ITSX, Walter Luis S\u00e1iz Gonz\u00e1lez, las facilidades para que personal de las direcciones de Transparencia, Datos Personales y de la Unidad de Sistemas Inform\u00e1ticos del IVAI impartieran este curso.<\/p>\n\n\n\n<p>Por su parte, Carlos Mateo Hern\u00e1ndez, jefe del Departamento Acad\u00e9mico de la Direcci\u00f3n de Educaci\u00f3n Tecnol\u00f3gica de la Secretar\u00eda de Educaci\u00f3n de Veracruz (SEV), destac\u00f3 la sinergia que se ha construido con el IVAI, coadyuvando con ello a fortalecer la cultura de la transparencia en el \u00e1mbito de la Educaci\u00f3n.<\/p>\n","protected":false},"excerpt":{"rendered":"<p>Xalapa Para dotarlos de las herramientas necesarias y cumplir con las disposiciones legales en materia de Transparencia, el Instituto Veracruzano de Acceso a la Informaci\u00f3n y Protecci\u00f3n de Datos Personales (IVAI) capacit\u00f3 a directores y titulares de las Unidades de Transparencia de los 25 Institutos Tecnol\u00f3gicos de la entidad. Durante la ceremonia de apertura de [&hellip;]<\/p>\n","protected":false},"author":2,"featured_media":0,"comment_status":"closed","ping_status":"closed","sticky":false,"template":"","format":"standard","meta":{"_jetpack_newsletter_access":"","_jetpack_dont_email_post_to_subs":false,"_jetpack_newsletter_tier_id":0,"_jetpack_memberships_contains_paywalled_content":false,"_jetpack_memberships_contains_paid_content":false,"footnotes":""},"categories":[73],"tags":[31486,31018,985,5753,88],"class_list":["post-82849","post","type-post","status-publish","format-standard","hentry","category-de-boleto","tag-carlos-mateo-hernandez","tag-itsx","tag-ivai","tag-naldy-rodriguez-lagunes","tag-sev"],"jetpack_featured_media_url":"","jetpack_sharing_enabled":true,"jetpack_shortlink":"https:\/\/wp.me\/p4Qcd3-lyh","_links":{"self":[{"href":"https:\/\/lospoliticosveracruz.com.mx\/index.php?rest_route=\/wp\/v2\/posts\/82849","targetHints":{"allow":["GET"]}}],"collection":[{"href":"https:\/\/lospoliticosveracruz.com.mx\/index.php?rest_route=\/wp\/v2\/posts"}],"about":[{"href":"https:\/\/lospoliticosveracruz.com.mx\/index.php?rest_route=\/wp\/v2\/types\/post"}],"author":[{"embeddable":true,"href":"https:\/\/lospoliticosveracruz.com.mx\/index.php?rest_route=\/wp\/v2\/users\/2"}],"replies":[{"embeddable":true,"href":"https:\/\/lospoliticosveracruz.com.mx\/index.php?rest_route=%2Fwp%2Fv2%2Fcomments&post=82849"}],"version-history":[{"count":1,"href":"https:\/\/lospoliticosveracruz.com.mx\/index.php?rest_route=\/wp\/v2\/posts\/82849\/revisions"}],"predecessor-version":[{"id":82851,"href":"https:\/\/lospoliticosveracruz.com.mx\/index.php?rest_route=\/wp\/v2\/posts\/82849\/revisions\/82851"}],"wp:attachment":[{"href":"https:\/\/lospoliticosveracruz.com.mx\/index.php?rest_route=%2Fwp%2Fv2%2Fmedia&parent=82849"}],"wp:term":[{"taxonomy":"category","embeddable":true,"href":"https:\/\/lospoliticosveracruz.com.mx\/index.php?rest_route=%2Fwp%2Fv2%2Fcategories&post=82849"},{"taxonomy":"post_tag","embeddable":true,"href":"https:\/\/lospoliticosveracruz.com.mx\/index.php?rest_route=%2Fwp%2Fv2%2Ftags&post=82849"}],"curies":[{"name":"wp","href":"https:\/\/api.w.org\/{rel}","templated":true}]}}