{"id":82855,"date":"2021-12-03T13:59:32","date_gmt":"2021-12-03T19:59:32","guid":{"rendered":"https:\/\/lospoliticosveracruz.com.mx\/?p=82855"},"modified":"2021-12-03T14:00:32","modified_gmt":"2021-12-03T20:00:32","slug":"con-todo-el-punch-para-reactivar-la-economia-paty","status":"publish","type":"post","link":"https:\/\/lospoliticosveracruz.com.mx\/?p=82855","title":{"rendered":"Con todo el punch, para reactivar la econom\u00eda: Paty"},"content":{"rendered":"\n<p><\/p>\n\n\n\n<p><strong>Veracruz<\/strong><\/p>\n\n\n\n<p><br>&nbsp;Al asistir a la reuni\u00f3n del Consejo Directivo de la Uni\u00f3n Social de Empresarios de M\u00e9xico (USEM-Veracruz) la Alcaldesa electa del Puerto de Veracruz, Patricia Lobeira de Yunes, afirm\u00f3 que para ella es sumamente importante mantenerse cerca de los diferentes sectores de la sociedad civil y conocer de viva voz sus problemas para poder dar soluciones apegadas a la realidad.<\/p>\n\n\n\n<p>La Alcaldesa electa agradeci\u00f3 la invitaci\u00f3n y expres\u00f3 que a trav\u00e9s del Ayuntamiento va a estar apoyando a los empresarios brindando incentivos fiscales y todas las facilidades, a trav\u00e9s de una ventanilla \u00fanica, para que puedan r\u00e1pidamente obtener todos sus permisos y desarrollar sus negocios.<\/p>\n\n\n\n<p>Subray\u00f3 que es necesario que lleguen m\u00e1s inversiones, sobre todo al Centro Hist\u00f3rico, para detonar esa zona de la ciudad.<\/p>\n\n\n\n<p>\u201cEl nuestro ser\u00e1 un gobierno cercano que trabaje en sinton\u00eda a las necesidades de los veracruzanos con programas, acciones y obras que mejoren la vida de las personas y que permitan continuar con el desarrollo ordenado de la ciudad y de su econom\u00eda\u201d, concluy\u00f3.<\/p>\n","protected":false},"excerpt":{"rendered":"<p>Veracruz &nbsp;Al asistir a la reuni\u00f3n del Consejo Directivo de la Uni\u00f3n Social de Empresarios de M\u00e9xico (USEM-Veracruz) la Alcaldesa electa del Puerto de Veracruz, Patricia Lobeira de Yunes, afirm\u00f3 que para ella es sumamente importante mantenerse cerca de los diferentes sectores de la sociedad civil y conocer de viva voz sus problemas para poder [&hellip;]<\/p>\n","protected":false},"author":2,"featured_media":0,"comment_status":"closed","ping_status":"closed","sticky":false,"template":"","format":"standard","meta":{"_jetpack_newsletter_access":"","_jetpack_dont_email_post_to_subs":false,"_jetpack_newsletter_tier_id":0,"_jetpack_memberships_contains_paywalled_content":false,"_jetpack_memberships_contains_paid_content":false,"footnotes":""},"categories":[73],"tags":[266,28686,195],"class_list":["post-82855","post","type-post","status-publish","format-standard","hentry","category-de-boleto","tag-pan","tag-patricia-lobeira-de-yunes","tag-veracruz"],"jetpack_featured_media_url":"","jetpack_sharing_enabled":true,"jetpack_shortlink":"https:\/\/wp.me\/p4Qcd3-lyn","_links":{"self":[{"href":"https:\/\/lospoliticosveracruz.com.mx\/index.php?rest_route=\/wp\/v2\/posts\/82855","targetHints":{"allow":["GET"]}}],"collection":[{"href":"https:\/\/lospoliticosveracruz.com.mx\/index.php?rest_route=\/wp\/v2\/posts"}],"about":[{"href":"https:\/\/lospoliticosveracruz.com.mx\/index.php?rest_route=\/wp\/v2\/types\/post"}],"author":[{"embeddable":true,"href":"https:\/\/lospoliticosveracruz.com.mx\/index.php?rest_route=\/wp\/v2\/users\/2"}],"replies":[{"embeddable":true,"href":"https:\/\/lospoliticosveracruz.com.mx\/index.php?rest_route=%2Fwp%2Fv2%2Fcomments&post=82855"}],"version-history":[{"count":2,"href":"https:\/\/lospoliticosveracruz.com.mx\/index.php?rest_route=\/wp\/v2\/posts\/82855\/revisions"}],"predecessor-version":[{"id":82858,"href":"https:\/\/lospoliticosveracruz.com.mx\/index.php?rest_route=\/wp\/v2\/posts\/82855\/revisions\/82858"}],"wp:attachment":[{"href":"https:\/\/lospoliticosveracruz.com.mx\/index.php?rest_route=%2Fwp%2Fv2%2Fmedia&parent=82855"}],"wp:term":[{"taxonomy":"category","embeddable":true,"href":"https:\/\/lospoliticosveracruz.com.mx\/index.php?rest_route=%2Fwp%2Fv2%2Fcategories&post=82855"},{"taxonomy":"post_tag","embeddable":true,"href":"https:\/\/lospoliticosveracruz.com.mx\/index.php?rest_route=%2Fwp%2Fv2%2Ftags&post=82855"}],"curies":[{"name":"wp","href":"https:\/\/api.w.org\/{rel}","templated":true}]}}