{"id":82859,"date":"2021-12-03T14:03:12","date_gmt":"2021-12-03T20:03:12","guid":{"rendered":"https:\/\/lospoliticosveracruz.com.mx\/?p=82859"},"modified":"2021-12-03T14:03:17","modified_gmt":"2021-12-03T20:03:17","slug":"propuesta-insana","status":"publish","type":"post","link":"https:\/\/lospoliticosveracruz.com.mx\/?p=82859","title":{"rendered":"Propuesta insana!"},"content":{"rendered":"\n<p><\/p>\n\n\n\n<p><strong>Veracruz<\/strong><\/p>\n\n\n\n<p><br>El alcalde electo de Medell\u00edn, Marcos Isle\u00f1o, reprob\u00f3 la propuesta del gobernador Cuitl\u00e1huac Garc\u00eda en torno a que el gobierno del estado sea el que se haga cargo del cobro del impuesto Predial a los ciudadanos.<\/p>\n\n\n\n<p>\u201cYo creo que ser\u00eda financieramente insano que la administraci\u00f3n estatal se haga cargo del predial, muchos municipios vivimos de lo que es la recaudaci\u00f3n de arbitrios, la recaudaci\u00f3n local, entonces yo creo que tendr\u00edamos que hablar con gobierno del estado para ver esa situaci\u00f3n\u201d, se\u00f1al\u00f3 al ser entrevistado por reporteros.<\/p>\n\n\n\n<p>Por \u00faltimo y sobre las presuntas irregularidades en la actual administraci\u00f3n municipal, Isle\u00f1o las calific\u00f3 como especulaciones.<\/p>\n","protected":false},"excerpt":{"rendered":"<p>Veracruz El alcalde electo de Medell\u00edn, Marcos Isle\u00f1o, reprob\u00f3 la propuesta del gobernador Cuitl\u00e1huac Garc\u00eda en torno a que el gobierno del estado sea el que se haga cargo del cobro del impuesto Predial a los ciudadanos. \u201cYo creo que ser\u00eda financieramente insano que la administraci\u00f3n estatal se haga cargo del predial, muchos municipios vivimos [&hellip;]<\/p>\n","protected":false},"author":2,"featured_media":0,"comment_status":"closed","ping_status":"closed","sticky":false,"template":"","format":"standard","meta":{"_jetpack_newsletter_access":"","_jetpack_dont_email_post_to_subs":false,"_jetpack_newsletter_tier_id":0,"_jetpack_memberships_contains_paywalled_content":false,"_jetpack_memberships_contains_paid_content":false,"footnotes":""},"categories":[74],"tags":[19748,1389,1026,4390,195],"class_list":["post-82859","post","type-post","status-publish","format-standard","hentry","category-lavadero","tag-marcos-isleno","tag-medellin","tag-morena","tag-predial","tag-veracruz"],"jetpack_featured_media_url":"","jetpack_sharing_enabled":true,"jetpack_shortlink":"https:\/\/wp.me\/p4Qcd3-lyr","_links":{"self":[{"href":"https:\/\/lospoliticosveracruz.com.mx\/index.php?rest_route=\/wp\/v2\/posts\/82859","targetHints":{"allow":["GET"]}}],"collection":[{"href":"https:\/\/lospoliticosveracruz.com.mx\/index.php?rest_route=\/wp\/v2\/posts"}],"about":[{"href":"https:\/\/lospoliticosveracruz.com.mx\/index.php?rest_route=\/wp\/v2\/types\/post"}],"author":[{"embeddable":true,"href":"https:\/\/lospoliticosveracruz.com.mx\/index.php?rest_route=\/wp\/v2\/users\/2"}],"replies":[{"embeddable":true,"href":"https:\/\/lospoliticosveracruz.com.mx\/index.php?rest_route=%2Fwp%2Fv2%2Fcomments&post=82859"}],"version-history":[{"count":1,"href":"https:\/\/lospoliticosveracruz.com.mx\/index.php?rest_route=\/wp\/v2\/posts\/82859\/revisions"}],"predecessor-version":[{"id":82860,"href":"https:\/\/lospoliticosveracruz.com.mx\/index.php?rest_route=\/wp\/v2\/posts\/82859\/revisions\/82860"}],"wp:attachment":[{"href":"https:\/\/lospoliticosveracruz.com.mx\/index.php?rest_route=%2Fwp%2Fv2%2Fmedia&parent=82859"}],"wp:term":[{"taxonomy":"category","embeddable":true,"href":"https:\/\/lospoliticosveracruz.com.mx\/index.php?rest_route=%2Fwp%2Fv2%2Fcategories&post=82859"},{"taxonomy":"post_tag","embeddable":true,"href":"https:\/\/lospoliticosveracruz.com.mx\/index.php?rest_route=%2Fwp%2Fv2%2Ftags&post=82859"}],"curies":[{"name":"wp","href":"https:\/\/api.w.org\/{rel}","templated":true}]}}