{"id":83405,"date":"2021-12-14T19:41:41","date_gmt":"2021-12-15T01:41:41","guid":{"rendered":"https:\/\/lospoliticosveracruz.com.mx\/?p=83405"},"modified":"2021-12-14T19:41:47","modified_gmt":"2021-12-15T01:41:47","slug":"fracaso-en-seguridad","status":"publish","type":"post","link":"https:\/\/lospoliticosveracruz.com.mx\/?p=83405","title":{"rendered":"Fracaso en seguridad!"},"content":{"rendered":"\n<p><\/p>\n\n\n\n<p><strong>Ciudad de M\u00e9xico<\/strong><\/p>\n\n\n\n<p><br>El Gobierno federal ve una realidad distinta a la que vivimos en materia de seguridad en nuestro pa\u00eds, asegur\u00f3 el coordinador de senadores del Grupo Parlamentario del Partido Acci\u00f3n Nacional (GPPAN), Julen Rementer\u00eda del Puerto, durante la discusi\u00f3n del dictamen por el que se aprueba el Informe que presenta el Ejecutivo federal de las actividades desarrolladas por la Guardia Nacional durante el a\u00f1o inmediato anterior.<\/p>\n\n\n\n<p>Rementer\u00eda del Puerto subray\u00f3 que, pese a que la seguridad tiene que ser un conjunto de cosas en las que participen los distintos \u00f3rdenes de gobierno, han transcurrido cerca de 31 meses, y en esta materia se ve el aut\u00e9ntico y total fracaso de este gobierno.<\/p>\n\n\n\n<p>\u201c\u00bfC\u00f3mo se puede pensar en un dictamen y adem\u00e1s pensar en aprobarlo, en un dictamen que francamente habla de una realidad distinta a lo que vivimos?, llevamos muchos meses con la Guardia Nacional, de eso se trata este informe y no hay manera de que se le pueda defender, no hay una estrategia de una seguridad, no existe, hay datos de m\u00e1s de 100 mil homicidios, pr\u00e1cticamente triplicando el n\u00famero de muertos muy lamentablemente respecto a los gobiernos anteriores\u201d, se\u00f1al\u00f3.<\/p>\n\n\n\n<p>Acabamos de ver en la aprobaci\u00f3n del Presupuesto para 2022 y donde pr\u00e1cticamente se extinguen fondos como el Fortaseg, se desestima la inversi\u00f3n para municipios y estados en esta materia, dijo el legislador veracruzano desde la tribuna parlamentaria.<\/p>\n\n\n\n<p>\u201cPor supuesto que no se puede pensar en que haya en los temas de seguridad resultados siquiera aceptables; ni siquiera se est\u00e1 avanzando por el camino adecuado, porque vemos c\u00f3mo va en aumento la delincuencia, los actos criminales y no hay forma de decir que vamos avanzando\u201d, remarc\u00f3.<\/p>\n\n\n\n<p>\u201cEn estos tres a\u00f1os de la presente administraci\u00f3n, todav\u00eda siguen hablando del pasado y no se hacen responsables por las tareas que ejercen en la actualidad, y as\u00ed no se le puede responder a los ciudadanos, enga\u00f1\u00e1ndolos, y estar a punto de militarizar todo en este pa\u00eds, no solamente la seguridad, sino hasta la construcci\u00f3n de aeropuertos, carreteras, y hasta el reparto de medicinas\u201d, concluy\u00f3 el senador del GPPAN.<\/p>\n","protected":false},"excerpt":{"rendered":"<p>Ciudad de M\u00e9xico El Gobierno federal ve una realidad distinta a la que vivimos en materia de seguridad en nuestro pa\u00eds, asegur\u00f3 el coordinador de senadores del Grupo Parlamentario del Partido Acci\u00f3n Nacional (GPPAN), Julen Rementer\u00eda del Puerto, durante la discusi\u00f3n del dictamen por el que se aprueba el Informe que presenta el Ejecutivo federal [&hellip;]<\/p>\n","protected":false},"author":2,"featured_media":0,"comment_status":"closed","ping_status":"closed","sticky":false,"template":"","format":"standard","meta":{"_jetpack_newsletter_access":"","_jetpack_dont_email_post_to_subs":false,"_jetpack_newsletter_tier_id":0,"_jetpack_memberships_contains_paywalled_content":false,"_jetpack_memberships_contains_paid_content":false,"footnotes":""},"categories":[73],"tags":[30752,13512,1569,31635],"class_list":["post-83405","post","type-post","status-publish","format-standard","hentry","category-de-boleto","tag-gppan","tag-guardia-nacional","tag-julen-rementeria-del-puerto","tag-presupuesto-para-2022"],"jetpack_featured_media_url":"","jetpack_sharing_enabled":true,"jetpack_shortlink":"https:\/\/wp.me\/p4Qcd3-lHf","_links":{"self":[{"href":"https:\/\/lospoliticosveracruz.com.mx\/index.php?rest_route=\/wp\/v2\/posts\/83405","targetHints":{"allow":["GET"]}}],"collection":[{"href":"https:\/\/lospoliticosveracruz.com.mx\/index.php?rest_route=\/wp\/v2\/posts"}],"about":[{"href":"https:\/\/lospoliticosveracruz.com.mx\/index.php?rest_route=\/wp\/v2\/types\/post"}],"author":[{"embeddable":true,"href":"https:\/\/lospoliticosveracruz.com.mx\/index.php?rest_route=\/wp\/v2\/users\/2"}],"replies":[{"embeddable":true,"href":"https:\/\/lospoliticosveracruz.com.mx\/index.php?rest_route=%2Fwp%2Fv2%2Fcomments&post=83405"}],"version-history":[{"count":1,"href":"https:\/\/lospoliticosveracruz.com.mx\/index.php?rest_route=\/wp\/v2\/posts\/83405\/revisions"}],"predecessor-version":[{"id":83407,"href":"https:\/\/lospoliticosveracruz.com.mx\/index.php?rest_route=\/wp\/v2\/posts\/83405\/revisions\/83407"}],"wp:attachment":[{"href":"https:\/\/lospoliticosveracruz.com.mx\/index.php?rest_route=%2Fwp%2Fv2%2Fmedia&parent=83405"}],"wp:term":[{"taxonomy":"category","embeddable":true,"href":"https:\/\/lospoliticosveracruz.com.mx\/index.php?rest_route=%2Fwp%2Fv2%2Fcategories&post=83405"},{"taxonomy":"post_tag","embeddable":true,"href":"https:\/\/lospoliticosveracruz.com.mx\/index.php?rest_route=%2Fwp%2Fv2%2Ftags&post=83405"}],"curies":[{"name":"wp","href":"https:\/\/api.w.org\/{rel}","templated":true}]}}