{"id":83462,"date":"2021-12-15T16:38:05","date_gmt":"2021-12-15T22:38:05","guid":{"rendered":"https:\/\/lospoliticosveracruz.com.mx\/?p=83462"},"modified":"2021-12-15T16:39:58","modified_gmt":"2021-12-15T22:39:58","slug":"ivai-pone-los-pone-al-corriente","status":"publish","type":"post","link":"https:\/\/lospoliticosveracruz.com.mx\/?p=83462","title":{"rendered":"IVAI los pone al corriente!"},"content":{"rendered":"\n<p><\/p>\n\n\n\n<ul class=\"wp-block-list\"><li><\/li><\/ul>\n\n\n\n<p><strong>Xalapa<\/strong><\/p>\n\n\n\n<p><br>Como parte de un ejercicio de rendici\u00f3n de cuentas, el Instituto Veracruzano de Acceso a la Informaci\u00f3n y Protecci\u00f3n de Datos Personales (IVAI) entreg\u00f3 a los poderes Legislativo y Ejecutivo el Informe de Actividades 2021.<\/p>\n\n\n\n<div class=\"wp-block-image\"><figure class=\"alignleft size-full\"><a href=\"https:\/\/lospoliticosveracruz.com.mx\/wp-content\/uploads\/2021\/12\/7CBE903B-5D3C-4C85-9F73-2A3F69DB02DB.jpeg\"><img decoding=\"async\" src=\"https:\/\/lospoliticosveracruz.com.mx\/wp-content\/uploads\/2021\/12\/7CBE903B-5D3C-4C85-9F73-2A3F69DB02DB.jpeg\" alt=\"\" class=\"wp-image-83464\"\/><\/a><\/figure><\/div>\n\n\n\n<p>Como lo mandata el art\u00edculo 67 de la Constituci\u00f3n local, dentro de los primeros quince d\u00edas del mes de diciembre, se entreg\u00f3 el documento que contiene 12 cap\u00edtulos en los que se detalla las acciones realizadas por este instituto dentro de su competencia legal, as\u00ed como estad\u00edsticas y metas alcanzadas en los \u00faltimos doce meses.<\/p>\n\n\n\n<p>En el periodo que se informa, el IVAI inici\u00f3 el saneamiento de sus finanzas; foment\u00f3 los derechos que le tocan tutelar desde la infancia; realiz\u00f3 alianzas con instituciones p\u00fablicas y asociaciones civiles para incentivar la participaci\u00f3n de j\u00f3venes y mujeres, y se emprendieron actividades para dar a conocer a la poblaci\u00f3n las funciones sustantivas del Instituto.<\/p>\n\n\n\n<p>La comisionada presidenta del Instituto Veracruzano de Acceso a la Informaci\u00f3n y Protecci\u00f3n de Datos Personales (IVAI), Naldy Rodr\u00edguez Lagunes, acompa\u00f1ada de los comisionados David Agust\u00edn Jim\u00e9nez Rojas y Jos\u00e9 Alfredo Corona Liz\u00e1rraga, entreg\u00f3 el Informe a la presidenta de la Mesa Directiva del Congreso del Estado, Cecilia Josefina Guevara Guembe, al igual que a los diputados Lidia Irma Mezhua Campos y Marco Antonio Mart\u00ednez, integrantes de la comisi\u00f3n permanente de Transparencia, Acceso a la Informaci\u00f3n y Parlamento Abierto.<\/p>\n\n\n\n<p>Un d\u00eda antes, el gobernador Cuitl\u00e1huac Garc\u00eda Jim\u00e9nez recibi\u00f3 a la comisionada Rodr\u00edguez Lagunes que le hizo entrega del Informe de Labores 2021.<\/p>\n\n\n\n<p>En el documento se destaca el orden administrativo y la disciplina financiera que permitieron dar viabilidad a este organismo aut\u00f3nomo, pues se arrastran pasivos de a\u00f1os anteriores que se han ido solventando, lo que a su vez ha dado paso a la consolidaci\u00f3n del IVAI como una instituci\u00f3n ordenada, eficiente, y con apego irrestricto a la legalidad.<\/p>\n","protected":false},"excerpt":{"rendered":"<p>Xalapa Como parte de un ejercicio de rendici\u00f3n de cuentas, el Instituto Veracruzano de Acceso a la Informaci\u00f3n y Protecci\u00f3n de Datos Personales (IVAI) entreg\u00f3 a los poderes Legislativo y Ejecutivo el Informe de Actividades 2021. Como lo mandata el art\u00edculo 67 de la Constituci\u00f3n local, dentro de los primeros quince d\u00edas del mes de [&hellip;]<\/p>\n","protected":false},"author":2,"featured_media":0,"comment_status":"closed","ping_status":"closed","sticky":false,"template":"","format":"standard","meta":{"_jetpack_newsletter_access":"","_jetpack_dont_email_post_to_subs":false,"_jetpack_newsletter_tier_id":0,"_jetpack_memberships_contains_paywalled_content":false,"_jetpack_memberships_contains_paid_content":false,"footnotes":""},"categories":[73],"tags":[31098,16170,985,14040,31122,5753],"class_list":["post-83462","post","type-post","status-publish","format-standard","hentry","category-de-boleto","tag-cecilia-josefina-guevara-guembe","tag-david-agustin-jimenez-rojas","tag-ivai","tag-jose-alfredo-corona-lizarraga","tag-lidia-irma-mezhua-campos","tag-naldy-rodriguez-lagunes"],"jetpack_featured_media_url":"","jetpack_sharing_enabled":true,"jetpack_shortlink":"https:\/\/wp.me\/p4Qcd3-lIa","_links":{"self":[{"href":"https:\/\/lospoliticosveracruz.com.mx\/index.php?rest_route=\/wp\/v2\/posts\/83462","targetHints":{"allow":["GET"]}}],"collection":[{"href":"https:\/\/lospoliticosveracruz.com.mx\/index.php?rest_route=\/wp\/v2\/posts"}],"about":[{"href":"https:\/\/lospoliticosveracruz.com.mx\/index.php?rest_route=\/wp\/v2\/types\/post"}],"author":[{"embeddable":true,"href":"https:\/\/lospoliticosveracruz.com.mx\/index.php?rest_route=\/wp\/v2\/users\/2"}],"replies":[{"embeddable":true,"href":"https:\/\/lospoliticosveracruz.com.mx\/index.php?rest_route=%2Fwp%2Fv2%2Fcomments&post=83462"}],"version-history":[{"count":2,"href":"https:\/\/lospoliticosveracruz.com.mx\/index.php?rest_route=\/wp\/v2\/posts\/83462\/revisions"}],"predecessor-version":[{"id":83466,"href":"https:\/\/lospoliticosveracruz.com.mx\/index.php?rest_route=\/wp\/v2\/posts\/83462\/revisions\/83466"}],"wp:attachment":[{"href":"https:\/\/lospoliticosveracruz.com.mx\/index.php?rest_route=%2Fwp%2Fv2%2Fmedia&parent=83462"}],"wp:term":[{"taxonomy":"category","embeddable":true,"href":"https:\/\/lospoliticosveracruz.com.mx\/index.php?rest_route=%2Fwp%2Fv2%2Fcategories&post=83462"},{"taxonomy":"post_tag","embeddable":true,"href":"https:\/\/lospoliticosveracruz.com.mx\/index.php?rest_route=%2Fwp%2Fv2%2Ftags&post=83462"}],"curies":[{"name":"wp","href":"https:\/\/api.w.org\/{rel}","templated":true}]}}