{"id":83688,"date":"2021-12-20T15:51:38","date_gmt":"2021-12-20T21:51:38","guid":{"rendered":"https:\/\/lospoliticosveracruz.com.mx\/?p=83688"},"modified":"2021-12-20T15:51:57","modified_gmt":"2021-12-20T21:51:57","slug":"paty-lobeira-alcaldesa-de-veracruz","status":"publish","type":"post","link":"https:\/\/lospoliticosveracruz.com.mx\/?p=83688","title":{"rendered":"Paty Lobeira, Alcaldesa de Veracruz"},"content":{"rendered":"\n<p><\/p>\n\n\n\n<p><strong>Veracruz<\/strong><\/p>\n\n\n\n<p><br>El d\u00eda de hoy, por unanimidad, los magistrados de la Sala Regional Xalapa del Tribunal Electoral del Poder Judicial de la Federaci\u00f3n revocan la infundada resoluci\u00f3n del Tribunal Electoral de Veracruz por medio de la cual se anulaba la elecci\u00f3n del Puerto de Veracruz y se le regresa el triunfo a la coalici\u00f3n \u201cVeracruz Va\u201d, encabezada por Patricia Lobeira Rodr\u00edguez.<\/p>\n\n\n\n<p>De esta manera, qued\u00f3 en evidencia la red de corrupci\u00f3n de los magistrados Roberto Sigala y Tania V\u00e1zquez -a las \u00f3rdenes del Gobernador Cuitl\u00e1huac Garc\u00eda- al pretender quitarle la Alcald\u00eda a la candidata electa de Veracruz, Patricia Lobeira.<\/p>\n\n\n\n<p>De igual forma, la Sala Regional determina la existencia de violaciones en raz\u00f3n de g\u00e9nero en contra de Patricia Lobeira por parte del candidato perdedor Ricardo Exsome, quien pretendi\u00f3 denigrarla usando un lenguaje sexista.<\/p>\n\n\n\n<p>Adem\u00e1s, se revoca la remoci\u00f3n del Presidente del Consejo Municipal del OPLE en el Puerto de Veracruz, Roberto Castillo Guti\u00e9rrez, se\u00f1alado por Morena por presuntas irregularidades para intentar anular la votaci\u00f3n de la pasada elecci\u00f3n del 6 de junio.<\/p>\n","protected":false},"excerpt":{"rendered":"<p>Veracruz El d\u00eda de hoy, por unanimidad, los magistrados de la Sala Regional Xalapa del Tribunal Electoral del Poder Judicial de la Federaci\u00f3n revocan la infundada resoluci\u00f3n del Tribunal Electoral de Veracruz por medio de la cual se anulaba la elecci\u00f3n del Puerto de Veracruz y se le regresa el triunfo a la coalici\u00f3n \u201cVeracruz [&hellip;]<\/p>\n","protected":false},"author":2,"featured_media":0,"comment_status":"closed","ping_status":"closed","sticky":false,"template":"","format":"standard","meta":{"_jetpack_newsletter_access":"","_jetpack_dont_email_post_to_subs":false,"_jetpack_newsletter_tier_id":0,"_jetpack_memberships_contains_paywalled_content":false,"_jetpack_memberships_contains_paid_content":false,"footnotes":""},"categories":[73],"tags":[1563,1026,28179,14721,28781,14195,12731,195],"class_list":["post-83688","post","type-post","status-publish","format-standard","hentry","category-de-boleto","tag-cuitlahuac-garcia-jimenez","tag-morena","tag-patricia-lobeira-rodriguez","tag-ricardo-exsome","tag-roberto-castillo-gutierrez","tag-sala-regional-xalapa","tag-tribunal-electoral","tag-veracruz"],"jetpack_featured_media_url":"","jetpack_sharing_enabled":true,"jetpack_shortlink":"https:\/\/wp.me\/p4Qcd3-lLO","_links":{"self":[{"href":"https:\/\/lospoliticosveracruz.com.mx\/index.php?rest_route=\/wp\/v2\/posts\/83688","targetHints":{"allow":["GET"]}}],"collection":[{"href":"https:\/\/lospoliticosveracruz.com.mx\/index.php?rest_route=\/wp\/v2\/posts"}],"about":[{"href":"https:\/\/lospoliticosveracruz.com.mx\/index.php?rest_route=\/wp\/v2\/types\/post"}],"author":[{"embeddable":true,"href":"https:\/\/lospoliticosveracruz.com.mx\/index.php?rest_route=\/wp\/v2\/users\/2"}],"replies":[{"embeddable":true,"href":"https:\/\/lospoliticosveracruz.com.mx\/index.php?rest_route=%2Fwp%2Fv2%2Fcomments&post=83688"}],"version-history":[{"count":1,"href":"https:\/\/lospoliticosveracruz.com.mx\/index.php?rest_route=\/wp\/v2\/posts\/83688\/revisions"}],"predecessor-version":[{"id":83690,"href":"https:\/\/lospoliticosveracruz.com.mx\/index.php?rest_route=\/wp\/v2\/posts\/83688\/revisions\/83690"}],"wp:attachment":[{"href":"https:\/\/lospoliticosveracruz.com.mx\/index.php?rest_route=%2Fwp%2Fv2%2Fmedia&parent=83688"}],"wp:term":[{"taxonomy":"category","embeddable":true,"href":"https:\/\/lospoliticosveracruz.com.mx\/index.php?rest_route=%2Fwp%2Fv2%2Fcategories&post=83688"},{"taxonomy":"post_tag","embeddable":true,"href":"https:\/\/lospoliticosveracruz.com.mx\/index.php?rest_route=%2Fwp%2Fv2%2Ftags&post=83688"}],"curies":[{"name":"wp","href":"https:\/\/api.w.org\/{rel}","templated":true}]}}