{"id":83753,"date":"2021-12-22T10:21:36","date_gmt":"2021-12-22T16:21:36","guid":{"rendered":"https:\/\/lospoliticosveracruz.com.mx\/?p=83753"},"modified":"2021-12-22T10:21:41","modified_gmt":"2021-12-22T16:21:41","slug":"aguas-con-el-agua-2","status":"publish","type":"post","link":"https:\/\/lospoliticosveracruz.com.mx\/?p=83753","title":{"rendered":"Aguas con el agua!"},"content":{"rendered":"\n<p><\/p>\n\n\n\n<p><strong>Xalapa<\/strong><\/p>\n\n\n\n<p><br>En 18 a\u00f1os, los habitantes de Xalapa podr\u00edan enfrentar una reducci\u00f3n importante en disponibilidad de agua como resultado del cambio clim\u00e1tico.<\/p>\n\n\n\n<p>El proyecto CityAdapt ONU Medio Ambiente llam\u00f3 a implementar proyectos de captaci\u00f3n de agua lluvia, restauraci\u00f3n de humedales naturales y construcci\u00f3n de humedales artificiales para eficientar el manejo y aprovechamiento de agua y enfrentar la baja en disponibilidad de agua para el 2039<\/p>\n\n\n\n<p>La organizaci\u00f3n emprendi\u00f3 una serie de proyectos pilotos en la ciudad de Xalapa para conservar los servicios que proporcionan los ecosistemas, a trav\u00e9s de rehabilitaci\u00f3n cursos de agua (restauraci\u00f3n ecol\u00f3gica de laderas en el Arroyo Papas-Carneros y ANP de Molino de San Roque) y la construcci\u00f3n de humedales artificiales en el Instituto Tecnol\u00f3gico Superior de Xalapa (ISTX).<\/p>\n\n\n\n<p>Estudios recientes \u201cEstrategia para la Gesti\u00f3n Integrada del Recurso H\u00eddrico de Xalapa\u201d, (FMCN, 2019) y \u201cVulnerabilidad socioambiental ante el cambio clim\u00e1tico en los municipios de Xalapa y Tlalnelhuayocan\u201d (CityAdpat, 2019), coincidieron en que en escenarios de cambio clim\u00e1tico para el a\u00f1o 2039, la ciudad podr\u00eda enfrentar reducciones importantes en la disponibilidad de agua.<\/p>\n\n\n\n<p>Lo anterior debido a la disminuci\u00f3n en los niveles de precipitaci\u00f3n a nivel urbano, pero adem\u00e1s a los cambios en la precipitaci\u00f3n en las cuencas que abastecen a Xalapa, as\u00ed como aumentos en la temperatura (que inducen incrementos en los niveles de evapotranspiraci\u00f3n) y, la reducci\u00f3n en la cobertura forestal, con alta capacidad en la captaci\u00f3n e infiltraci\u00f3n de agua de lluvia.<\/p>\n\n\n\n<p>El proyecto piloto de tres humedales artificiales (sistema integral de reciclaje de agua residual) que se construyen en el ITSX, con una inversi\u00f3n de 1.8 millones de pesos del Fondo Mundial para el Medio Ambiente (FMAM), es una acci\u00f3n enfocada que debe replicarse para evitar consumir agua potable en actividades donde se puede utilizar agua tratada y as\u00ed solventar la escasez de agua en el futuro.<\/p>\n\n\n\n<p>El sistema de humedales artificiales tratar\u00e1 las aguas residuales del centro educativo con un biodigestor y fitodepuraci\u00f3n mediante el cultivo de plantas macr\u00f3fitas enraizadas sobre un lecho de grava, una vez tratada esta agua se reutilizar\u00e1 en el riesgo de \u00e1reas verdes del Tecnol\u00f3gico.<\/p>\n\n\n\n<p>El 98 por ciento del agua que usa la ciudad proviene de escurrimientos superficiales en las subcuencas de los r\u00edos Pixquiac (36 por ciento), Huitzilapan, Puebla (60 por ciento) y, el resto de los manantiales de la congregaci\u00f3n de Xalapa El Castillo y, del agua lluvia que cae, estimada en 1500 mm al a\u00f1o.<\/p>\n\n\n\n<p>No obstante, Xalapa vive una paradoja, pues a pesar de la abundante lluvia que cae, en la temporada de estiaje, el Ayuntamiento de Xalapa aplica una calendarizaci\u00f3n de tandeos, que repercute en desabasto de agua en toda la ciudad, que deriva en problem\u00e1ticas sociales y de salud. (afectando por igual a colonias de bajo y alto valor adquisitivo).<\/p>\n\n\n\n<p>El coordinador Nacional de CityAdapt ONU Medio Ambiente, Sergio Arg\u00f3n destac\u00f3 que el proyecto adem\u00e1s promueve el aprovechamiento del recurso h\u00eddrico en la ciudad a trav\u00e9s de la instalaci\u00f3n de sistemas de captaci\u00f3n de agua de lluvia (SCALL) en escuelas y edificios p\u00fablicos, acci\u00f3n que ha sido adoptada y promovida por el gobierno local junto con organizaciones de la sociedad civil como Sendas A.C. a nivel dom\u00e9stico.<\/p>\n","protected":false},"excerpt":{"rendered":"<p>Xalapa En 18 a\u00f1os, los habitantes de Xalapa podr\u00edan enfrentar una reducci\u00f3n importante en disponibilidad de agua como resultado del cambio clim\u00e1tico. El proyecto CityAdapt ONU Medio Ambiente llam\u00f3 a implementar proyectos de captaci\u00f3n de agua lluvia, restauraci\u00f3n de humedales naturales y construcci\u00f3n de humedales artificiales para eficientar el manejo y aprovechamiento de agua y [&hellip;]<\/p>\n","protected":false},"author":2,"featured_media":0,"comment_status":"closed","ping_status":"closed","sticky":false,"template":"","format":"standard","meta":{"_jetpack_newsletter_access":"","_jetpack_dont_email_post_to_subs":false,"_jetpack_newsletter_tier_id":0,"_jetpack_memberships_contains_paywalled_content":false,"_jetpack_memberships_contains_paid_content":false,"footnotes":""},"categories":[6446],"tags":[3084,31702,31703,96],"class_list":["post-83753","post","type-post","status-publish","format-standard","hentry","category-la-nota","tag-cambio-climatico","tag-istx","tag-recurso-hidrico-de-xalapa","tag-xalapa"],"jetpack_featured_media_url":"","jetpack_sharing_enabled":true,"jetpack_shortlink":"https:\/\/wp.me\/p4Qcd3-lMR","_links":{"self":[{"href":"https:\/\/lospoliticosveracruz.com.mx\/index.php?rest_route=\/wp\/v2\/posts\/83753","targetHints":{"allow":["GET"]}}],"collection":[{"href":"https:\/\/lospoliticosveracruz.com.mx\/index.php?rest_route=\/wp\/v2\/posts"}],"about":[{"href":"https:\/\/lospoliticosveracruz.com.mx\/index.php?rest_route=\/wp\/v2\/types\/post"}],"author":[{"embeddable":true,"href":"https:\/\/lospoliticosveracruz.com.mx\/index.php?rest_route=\/wp\/v2\/users\/2"}],"replies":[{"embeddable":true,"href":"https:\/\/lospoliticosveracruz.com.mx\/index.php?rest_route=%2Fwp%2Fv2%2Fcomments&post=83753"}],"version-history":[{"count":1,"href":"https:\/\/lospoliticosveracruz.com.mx\/index.php?rest_route=\/wp\/v2\/posts\/83753\/revisions"}],"predecessor-version":[{"id":83755,"href":"https:\/\/lospoliticosveracruz.com.mx\/index.php?rest_route=\/wp\/v2\/posts\/83753\/revisions\/83755"}],"wp:attachment":[{"href":"https:\/\/lospoliticosveracruz.com.mx\/index.php?rest_route=%2Fwp%2Fv2%2Fmedia&parent=83753"}],"wp:term":[{"taxonomy":"category","embeddable":true,"href":"https:\/\/lospoliticosveracruz.com.mx\/index.php?rest_route=%2Fwp%2Fv2%2Fcategories&post=83753"},{"taxonomy":"post_tag","embeddable":true,"href":"https:\/\/lospoliticosveracruz.com.mx\/index.php?rest_route=%2Fwp%2Fv2%2Ftags&post=83753"}],"curies":[{"name":"wp","href":"https:\/\/api.w.org\/{rel}","templated":true}]}}