{"id":83842,"date":"2021-12-23T14:27:11","date_gmt":"2021-12-23T20:27:11","guid":{"rendered":"https:\/\/lospoliticosveracruz.com.mx\/?p=83842"},"modified":"2021-12-23T14:27:18","modified_gmt":"2021-12-23T20:27:18","slug":"ine-en-la-mira-de-la-fgr","status":"publish","type":"post","link":"https:\/\/lospoliticosveracruz.com.mx\/?p=83842","title":{"rendered":"INE, en la mira de la FGR"},"content":{"rendered":"\n<p><\/p>\n\n\n\n<p><\/p>\n\n\n\n<p><strong>Ciudad de M\u00e9xico<\/strong><\/p>\n\n\n\n<p><br>El Presidente de la C\u00e1mara de Diputados, Sergio Guti\u00e9rrez Luna, present\u00f3 este mi\u00e9rcoles una denuncia de hechos ante la Fiscal\u00eda General de la Rep\u00fablica por la probable comisi\u00f3n de delitos de coalici\u00f3n de servidores p\u00fablicos y abuso de autoridad por parte de algunos funcionarios del Instituto Nacional Electoral (INE).<\/p>\n\n\n\n<p>El legislador veracruzano tambi\u00e9n entreg\u00f3 una queja ante el \u00d3rgano Interno de Control del INE por probables irregularidades y faltas administrativas en las que supuestamente incurrieron algunos servidores p\u00fablicos del organismo nacional aut\u00f3nomo.<\/p>\n\n\n\n<p>De esta forma y por instrucciones de Sergio Guti\u00e9rrez Luna, la C\u00e1mara de Diputados continu\u00f3 con el despliegue de acciones jur\u00eddicas en defensa de sus facultades y del marco legal.<\/p>\n\n\n\n<p>Este mi\u00e9rcoles 22 de diciembre de 2021, personal de la Direcci\u00f3n General de Asuntos Jur\u00eddicos de la C\u00e1mara de Diputados entreg\u00f3 la denuncia respectiva en la Unidad Especializada en Investigaci\u00f3n de Delitos Cometidos por Servidores P\u00fablicos y Contra la Administraci\u00f3n de Justicia de la Fiscal\u00eda General de la Rep\u00fablica.<\/p>\n\n\n\n<p>De igual forma, hizo lo propio en las instalaciones del INE, donde la queja qued\u00f3 radicada en el \u00e1rea del \u00d3rgano Interno de Control.<\/p>\n\n\n\n<p>Ayer la Suprema Corte de Justicia de la Naci\u00f3n resolvi\u00f3 favorablemente el recurso interpuesto por el legislador veracruzano en contra de las acciones del INE.<\/p>\n","protected":false},"excerpt":{"rendered":"<p>Ciudad de M\u00e9xico El Presidente de la C\u00e1mara de Diputados, Sergio Guti\u00e9rrez Luna, present\u00f3 este mi\u00e9rcoles una denuncia de hechos ante la Fiscal\u00eda General de la Rep\u00fablica por la probable comisi\u00f3n de delitos de coalici\u00f3n de servidores p\u00fablicos y abuso de autoridad por parte de algunos funcionarios del Instituto Nacional Electoral (INE). El legislador veracruzano [&hellip;]<\/p>\n","protected":false},"author":2,"featured_media":0,"comment_status":"closed","ping_status":"closed","sticky":false,"template":"","format":"standard","meta":{"_jetpack_newsletter_access":"","_jetpack_dont_email_post_to_subs":false,"_jetpack_newsletter_tier_id":0,"_jetpack_memberships_contains_paywalled_content":false,"_jetpack_memberships_contains_paid_content":false,"footnotes":""},"categories":[73],"tags":[13146,554,1026,16147],"class_list":["post-83842","post","type-post","status-publish","format-standard","hentry","category-de-boleto","tag-fiscalia-general-de-la-republica","tag-ine","tag-morena","tag-sergio-gutierrez-luna"],"jetpack_featured_media_url":"","jetpack_sharing_enabled":true,"jetpack_shortlink":"https:\/\/wp.me\/p4Qcd3-lOi","_links":{"self":[{"href":"https:\/\/lospoliticosveracruz.com.mx\/index.php?rest_route=\/wp\/v2\/posts\/83842","targetHints":{"allow":["GET"]}}],"collection":[{"href":"https:\/\/lospoliticosveracruz.com.mx\/index.php?rest_route=\/wp\/v2\/posts"}],"about":[{"href":"https:\/\/lospoliticosveracruz.com.mx\/index.php?rest_route=\/wp\/v2\/types\/post"}],"author":[{"embeddable":true,"href":"https:\/\/lospoliticosveracruz.com.mx\/index.php?rest_route=\/wp\/v2\/users\/2"}],"replies":[{"embeddable":true,"href":"https:\/\/lospoliticosveracruz.com.mx\/index.php?rest_route=%2Fwp%2Fv2%2Fcomments&post=83842"}],"version-history":[{"count":1,"href":"https:\/\/lospoliticosveracruz.com.mx\/index.php?rest_route=\/wp\/v2\/posts\/83842\/revisions"}],"predecessor-version":[{"id":83844,"href":"https:\/\/lospoliticosveracruz.com.mx\/index.php?rest_route=\/wp\/v2\/posts\/83842\/revisions\/83844"}],"wp:attachment":[{"href":"https:\/\/lospoliticosveracruz.com.mx\/index.php?rest_route=%2Fwp%2Fv2%2Fmedia&parent=83842"}],"wp:term":[{"taxonomy":"category","embeddable":true,"href":"https:\/\/lospoliticosveracruz.com.mx\/index.php?rest_route=%2Fwp%2Fv2%2Fcategories&post=83842"},{"taxonomy":"post_tag","embeddable":true,"href":"https:\/\/lospoliticosveracruz.com.mx\/index.php?rest_route=%2Fwp%2Fv2%2Ftags&post=83842"}],"curies":[{"name":"wp","href":"https:\/\/api.w.org\/{rel}","templated":true}]}}