{"id":83846,"date":"2021-12-23T17:32:24","date_gmt":"2021-12-23T23:32:24","guid":{"rendered":"https:\/\/lospoliticosveracruz.com.mx\/?p=83846"},"modified":"2021-12-23T17:32:30","modified_gmt":"2021-12-23T23:32:30","slug":"piden-comision-para-investigar-persecucion-politica-en-veracruz","status":"publish","type":"post","link":"https:\/\/lospoliticosveracruz.com.mx\/?p=83846","title":{"rendered":"Piden Comisi\u00f3n para investigar Persecuci\u00f3n Pol\u00edtica en Veracruz"},"content":{"rendered":"\n<p><\/p>\n\n\n\n<p><\/p>\n\n\n\n<p><\/p>\n\n\n\n<p><strong>Ciudad de M\u00e9xico<\/strong><\/p>\n\n\n\n<p><br>El Grupo Parlamentario del Partido de la Revoluci\u00f3n Democr\u00e1tica (GPPRD), urgi\u00f3 a la Junta de Coordinaci\u00f3n Pol\u00edtica (Jucopo) en la C\u00e1mara de Diputados priorizar la creaci\u00f3n de una Comisi\u00f3n Especial para Investigar las Persecuciones Pol\u00edticas por parte del Gobierno de Veracruz, encabezado por el morenista Cuitl\u00e1huac Garc\u00eda Jim\u00e9nez, ante la persistente asechanza hacia personajes y adversarios pol\u00edticos.<\/p>\n\n\n\n<p>El Coordinador del GPPRD en la C\u00e1mara de Diputados, Luis E. Ch\u00e1zaro, manifest\u00f3 la importancia de que la Jucopo ponga este tema al centro de la mesa dentro de su agenda para el a\u00f1o 2022, debido a que sigue creciendo la lista de presos pol\u00edticos en el estado de Veracruz, lo anterior con relaci\u00f3n a la reciente aprobaci\u00f3n en el Senado de la Rep\u00fablica de una Comisi\u00f3n Especial para dar seguimiento a estas detenciones.<\/p>\n\n\n\n<p>Al respecto, el Diputado Federal integrante del GPPRD, Jes\u00fas Alberto Vel\u00e1zquez Flores, record\u00f3 que el primero en ser detenido de forma arbitraria, bajo la figura inconstitucional de ultrajes a la autoridad, fue el Diputado Federal perredista Rogelio Franco Cast\u00e1n, privado de su libertad en el mes de marzo y actualmente preso en el penal de La Toma en Amatl\u00e1n de Los Reyes, Veracruz, y a quien hoy se suman Azucena Rodr\u00edguez Zamora, Nicol\u00e1s Ruiz Rosset, Omar Ram\u00edrez Fuentes, Tito Delf\u00edn Cano y Gregorio G\u00f3mez, entre otros. En ese sentido, se\u00f1al\u00f3 que el estado de Veracruz vive un clima de represi\u00f3n pol\u00edtica orquestado desde el gobierno de Cuitl\u00e1huac Garc\u00eda, quien utiliza las leyes a modo para reprimir a los opositores y violentar el Estado de Derecho, por lo cual el tema requiere ser visto como una prioridad de relevancia nacional, y que desde el Poder Legislativo se d\u00e9 seguimiento a las violaciones reiteradas al debido proceso.<\/p>\n\n\n\n<p>El GPPRD hace un llamado a los \u00d3rganos de Gobierno de la C\u00e1mara baja para que apruebe la creaci\u00f3n de dicha Comisi\u00f3n, a fin de estar en condiciones de trabajar a la par con el Senado, dar cumplimiento a las recomendaciones realizadas por la Corte Interamericana de Derechos Humanos, lograr la libertad inmediata de quienes son considerados adversarios pol\u00edticos por parte del Gobierno de Veracruz, y que ceje la persecuci\u00f3n pol\u00edtica, garantizando el ejercicio pleno de las garant\u00edas constitucionales de todas y todos los ciudadanos.<\/p>\n\n\n\n<p>Cabe recordar que el GPPRD present\u00f3 un Punto de Acuerdo en ese mismo sentido, en voz del Diputado Jes\u00fas Alberto Vel\u00e1zquez Flores, el d\u00eda 21 de octubre de 2021, mismo fue turnado a comisiones y est\u00e1 en espera de que se concluya su proceso legislativo.<\/p>\n","protected":false},"excerpt":{"rendered":"<p>Ciudad de M\u00e9xico El Grupo Parlamentario del Partido de la Revoluci\u00f3n Democr\u00e1tica (GPPRD), urgi\u00f3 a la Junta de Coordinaci\u00f3n Pol\u00edtica (Jucopo) en la C\u00e1mara de Diputados priorizar la creaci\u00f3n de una Comisi\u00f3n Especial para Investigar las Persecuciones Pol\u00edticas por parte del Gobierno de Veracruz, encabezado por el morenista Cuitl\u00e1huac Garc\u00eda Jim\u00e9nez, ante la persistente asechanza [&hellip;]<\/p>\n","protected":false},"author":2,"featured_media":0,"comment_status":"closed","ping_status":"closed","sticky":false,"template":"","format":"standard","meta":{"_jetpack_newsletter_access":"","_jetpack_dont_email_post_to_subs":false,"_jetpack_newsletter_tier_id":0,"_jetpack_memberships_contains_paywalled_content":false,"_jetpack_memberships_contains_paid_content":false,"footnotes":""},"categories":[73],"tags":[1563,31724,6610,1026,808,195],"class_list":["post-83846","post","type-post","status-publish","format-standard","hentry","category-de-boleto","tag-cuitlahuac-garcia-jimenez","tag-gpprd","tag-jesus-alberto-velazquez-flores","tag-morena","tag-rogelio-franco-castan","tag-veracruz"],"jetpack_featured_media_url":"","jetpack_sharing_enabled":true,"jetpack_shortlink":"https:\/\/wp.me\/p4Qcd3-lOm","_links":{"self":[{"href":"https:\/\/lospoliticosveracruz.com.mx\/index.php?rest_route=\/wp\/v2\/posts\/83846","targetHints":{"allow":["GET"]}}],"collection":[{"href":"https:\/\/lospoliticosveracruz.com.mx\/index.php?rest_route=\/wp\/v2\/posts"}],"about":[{"href":"https:\/\/lospoliticosveracruz.com.mx\/index.php?rest_route=\/wp\/v2\/types\/post"}],"author":[{"embeddable":true,"href":"https:\/\/lospoliticosveracruz.com.mx\/index.php?rest_route=\/wp\/v2\/users\/2"}],"replies":[{"embeddable":true,"href":"https:\/\/lospoliticosveracruz.com.mx\/index.php?rest_route=%2Fwp%2Fv2%2Fcomments&post=83846"}],"version-history":[{"count":1,"href":"https:\/\/lospoliticosveracruz.com.mx\/index.php?rest_route=\/wp\/v2\/posts\/83846\/revisions"}],"predecessor-version":[{"id":83847,"href":"https:\/\/lospoliticosveracruz.com.mx\/index.php?rest_route=\/wp\/v2\/posts\/83846\/revisions\/83847"}],"wp:attachment":[{"href":"https:\/\/lospoliticosveracruz.com.mx\/index.php?rest_route=%2Fwp%2Fv2%2Fmedia&parent=83846"}],"wp:term":[{"taxonomy":"category","embeddable":true,"href":"https:\/\/lospoliticosveracruz.com.mx\/index.php?rest_route=%2Fwp%2Fv2%2Fcategories&post=83846"},{"taxonomy":"post_tag","embeddable":true,"href":"https:\/\/lospoliticosveracruz.com.mx\/index.php?rest_route=%2Fwp%2Fv2%2Ftags&post=83846"}],"curies":[{"name":"wp","href":"https:\/\/api.w.org\/{rel}","templated":true}]}}