{"id":83954,"date":"2021-12-29T10:19:46","date_gmt":"2021-12-29T16:19:46","guid":{"rendered":"https:\/\/lospoliticosveracruz.com.mx\/?p=83954"},"modified":"2021-12-29T10:19:53","modified_gmt":"2021-12-29T16:19:53","slug":"egresos-2022-congruente-y-austero-fararoni","status":"publish","type":"post","link":"https:\/\/lospoliticosveracruz.com.mx\/?p=83954","title":{"rendered":"Egresos 2022, congruente y austero: Fararoni"},"content":{"rendered":"\n<p><\/p>\n\n\n\n<p><\/p>\n\n\n\n<p><strong>Xalapa<\/strong><\/p>\n\n\n\n<p><br>El presupuesto de egresos 2022, es un presupuesto basado en las necesidades de los veracruzanos y los principios de austeridad del actual Gobierno de la Cuarta Transformaci\u00f3n, destac\u00f3 el diputado de Morena, Rafa Fararoni Maga\u00f1a.<\/p>\n\n\n\n<p>Este martes, con 40 votos a favor, fue aprobado el proyecto de egresos enviado por el Gobernador de Veracruz Cuitl\u00e1huac Garc\u00eda Jim\u00e9nez, el cual contempl\u00f3 incrementos significativos en varios rubros importantes para el buen desarrollo del Estado.<\/p>\n\n\n\n<p>\u201cFue una sesi\u00f3n muy productiva, aprobamos el presupuesto de egresos del pr\u00f3ximo a\u00f1o de 135 mil 763 millones 199 mil 169 pesos, ser\u00e1 el presupuesto para el pr\u00f3ximo a\u00f1o en el Estado y pues muy contentos, pues hay muchos rubros que se mejoran, aumentos considerables en medio ambiente, educaci\u00f3n, trabajo, turismo, hay un seguro de desastres naturales, infraestructura, espacios educativos, es un presupuesto congruente, todav\u00eda en sinton\u00eda con la austeridad\u201d.<\/p>\n\n\n\n<p>El legislador local celebr\u00f3, como secretario de la Comisi\u00f3n Permanente de Turismo y Cultura, que a SECTUR se le haya asignado 10.22 por ciento m\u00e1s de recursos respecto del a\u00f1o anterior, ya que es esencial continuar con el apoyo a empresarios del ramo, tanto en \u00e1reas como la capacitaci\u00f3n y tecnificaci\u00f3n, as\u00ed como en la promoci\u00f3n tur\u00edstica.<\/p>\n\n\n\n<p>De esa misma forma, aplaudi\u00f3 la decisi\u00f3n de aumentar el presupuesto para la Secretar\u00eda de Medio Ambiente, ya que de la mano con SECTUR se podr\u00e1 buscar alternativas que impulsen el ecoturismo en el Estado, \u201cpermitir\u00e1 que sigan haciendo capacitaciones que van de la mano de prestar el servicio de una buena manera y a su vez ser responsables con el Medio Ambiente; el turismo medioambiental con las riquezas naturales que tenemos en el Estado , se vuelve imperante que lo explotemos pero siempre cuidando a la naturaleza\u201d.<\/p>\n\n\n\n<p>Tambi\u00e9n, Fararoni Maga\u00f1a destac\u00f3 que, dentro del presupuesto asignado a organismos descentralizados, se consider\u00f3 un aumento del 6.57 por ciento para el \u00d3rgano de Fiscalizaci\u00f3n Superior del Estado.<\/p>\n\n\n\n<p>Para finalizar, el presidente de la Comisi\u00f3n Permanente de Administraci\u00f3n y Presupuesto del Congreso local, inform\u00f3 que el Poder Legislativo por cuarto a\u00f1o consecutivo no solicit\u00f3 incremento en el recurso que ejercer\u00e1 en el 2022, quedando en $747,611,038.00 pesos, variando en un porcentaje m\u00ednimo debido a la inflaci\u00f3n, respecto al a\u00f1o 2021.<\/p>\n","protected":false},"excerpt":{"rendered":"<p>Xalapa El presupuesto de egresos 2022, es un presupuesto basado en las necesidades de los veracruzanos y los principios de austeridad del actual Gobierno de la Cuarta Transformaci\u00f3n, destac\u00f3 el diputado de Morena, Rafa Fararoni Maga\u00f1a. Este martes, con 40 votos a favor, fue aprobado el proyecto de egresos enviado por el Gobernador de Veracruz [&hellip;]<\/p>\n","protected":false},"author":2,"featured_media":0,"comment_status":"closed","ping_status":"closed","sticky":false,"template":"","format":"standard","meta":{"_jetpack_newsletter_access":"","_jetpack_dont_email_post_to_subs":false,"_jetpack_newsletter_tier_id":0,"_jetpack_memberships_contains_paywalled_content":false,"_jetpack_memberships_contains_paid_content":false,"footnotes":""},"categories":[73],"tags":[1563,31743,1026,31573,2156,195],"class_list":["post-83954","post","type-post","status-publish","format-standard","hentry","category-de-boleto","tag-cuitlahuac-garcia-jimenez","tag-diputado-de-morena","tag-morena","tag-rafa-fararoni-magana","tag-sectur","tag-veracruz"],"jetpack_featured_media_url":"","jetpack_sharing_enabled":true,"jetpack_shortlink":"https:\/\/wp.me\/p4Qcd3-lQ6","_links":{"self":[{"href":"https:\/\/lospoliticosveracruz.com.mx\/index.php?rest_route=\/wp\/v2\/posts\/83954","targetHints":{"allow":["GET"]}}],"collection":[{"href":"https:\/\/lospoliticosveracruz.com.mx\/index.php?rest_route=\/wp\/v2\/posts"}],"about":[{"href":"https:\/\/lospoliticosveracruz.com.mx\/index.php?rest_route=\/wp\/v2\/types\/post"}],"author":[{"embeddable":true,"href":"https:\/\/lospoliticosveracruz.com.mx\/index.php?rest_route=\/wp\/v2\/users\/2"}],"replies":[{"embeddable":true,"href":"https:\/\/lospoliticosveracruz.com.mx\/index.php?rest_route=%2Fwp%2Fv2%2Fcomments&post=83954"}],"version-history":[{"count":1,"href":"https:\/\/lospoliticosveracruz.com.mx\/index.php?rest_route=\/wp\/v2\/posts\/83954\/revisions"}],"predecessor-version":[{"id":83956,"href":"https:\/\/lospoliticosveracruz.com.mx\/index.php?rest_route=\/wp\/v2\/posts\/83954\/revisions\/83956"}],"wp:attachment":[{"href":"https:\/\/lospoliticosveracruz.com.mx\/index.php?rest_route=%2Fwp%2Fv2%2Fmedia&parent=83954"}],"wp:term":[{"taxonomy":"category","embeddable":true,"href":"https:\/\/lospoliticosveracruz.com.mx\/index.php?rest_route=%2Fwp%2Fv2%2Fcategories&post=83954"},{"taxonomy":"post_tag","embeddable":true,"href":"https:\/\/lospoliticosveracruz.com.mx\/index.php?rest_route=%2Fwp%2Fv2%2Ftags&post=83954"}],"curies":[{"name":"wp","href":"https:\/\/api.w.org\/{rel}","templated":true}]}}