{"id":84229,"date":"2022-01-05T10:18:36","date_gmt":"2022-01-05T16:18:36","guid":{"rendered":"https:\/\/lospoliticosveracruz.com.mx\/?p=84229"},"modified":"2022-01-05T10:18:42","modified_gmt":"2022-01-05T16:18:42","slug":"el-gobierno-y-los-medios-2-xalapa-y-lili-bravo","status":"publish","type":"post","link":"https:\/\/lospoliticosveracruz.com.mx\/?p=84229","title":{"rendered":"El Gobierno y los medios. 2. Xalapa y Lil\u00ed Bravo"},"content":{"rendered":"\n<p>Sergio Gonz\u00e1lez Levet<\/p>\n\n\n\n<p>Sin tacto<\/p>\n\n\n\n<p><\/p>\n\n\n\n<p><\/p>\n\n\n\n<p>El problema del actual Gobierno del Estado y de los morenos que alcanzan a tener poder, es que no entienden el papel y la presencia de los medios de comunicaci\u00f3n en el entorno de la sociedad moderna.<br>\u200bAh\u00ed tenemos una raz\u00f3n por la que los disc\u00edpulos de Andr\u00e9s Manuel L\u00f3pez Obrador se mantienen tan alejados de los periodistas. Su primera consideraci\u00f3n ante ellos es que son corruptos y c\u00f3mplices de las mafias anteriores del poder, acusaci\u00f3n que repiten como loros sin ning\u00fan fundamento.<br>\u200bLo otro es el temor a lo desconocido. Como no los conocen, les tienen miedo, y prefieren por eso mantenerlos alejados, les huyen.<br>\u200bSin embargo, se est\u00e1 presentando un caso singular dentro del morenismo veracruzano: el \u00e1rea de comunicaci\u00f3n social del flamante Ayuntamiento de Xalapa.<br>\u200bAl frente de esa delicada \u00e1rea, Ricardo Ahued puso a una verdadera profesional, a una persona que conoce el medio y a sus protagonistas, a una reportera con experiencia, con talento y con una gran inteligencia emocional: Lil\u00ed Bravo.<br>\u200bPero adem\u00e1s, don Ricardo tuvo con ella un gesto de justicia, pues Lil\u00ed trabaj\u00f3 en verdad durante la precampa\u00f1a y la campa\u00f1a, y se gan\u00f3 la voluntad y el respeto del candidato, hoy alcalde, y de su equipo cercano.<br>\u200bPor su productividad, por su responsabilidad, por su cercan\u00eda con la informaci\u00f3n, Lil\u00ed Bravo resulta una jefa de prensa at\u00edpica en las filas del partido en el poder, cuando deber\u00eda ser lo contrario.<br>\u200bPor ejemplo, es una grata sorpresa para los periodistas veracruzanos ver y aprovechar el c\u00famulo de comunicados que ahora llegan desde la comuna de la capital. Y m\u00e1s: una informaci\u00f3n profesional, apegada a los hechos\u2026 sin mentiras ni exageraciones, que no las necesita Ahued Bardahuil porque es un funcionario probo, capaz y comprometido.<br>\u200bLil\u00ed Bravo es ejemplo para quienes encabezan las \u00e1reas de prensa en todo el Gobierno. Lo es y debiera ser el modelo a seguir. El problema es que esas oficinas est\u00e1n plagadas de farsantes que no conocen el medio ni el modo, y que llegaron ah\u00ed por recomendaciones y por \u201ccompromisos\u201d, pero que no conocen realmente la importante funci\u00f3n que deber\u00edan desempe\u00f1ar.<br>\u200bEn el Ayuntamiento de Xalapa, la comunicaci\u00f3n social s\u00ed funciona. Bravo por Lil\u00ed, porque demuestra a base de chamba que la relaci\u00f3n con los medios es posible y saludable.<br>\u200bFelicidades por ella\u2026 y por nosotros.<\/p>\n\n\n\n<p>sglevet@gmail.com<\/p>\n","protected":false},"excerpt":{"rendered":"<p>Sergio Gonz\u00e1lez Levet Sin tacto El problema del actual Gobierno del Estado y de los morenos que alcanzan a tener poder, es que no entienden el papel y la presencia de los medios de comunicaci\u00f3n en el entorno de la sociedad moderna.\u200bAh\u00ed tenemos una raz\u00f3n por la que los disc\u00edpulos de Andr\u00e9s Manuel L\u00f3pez Obrador [&hellip;]<\/p>\n","protected":false},"author":2,"featured_media":0,"comment_status":"closed","ping_status":"closed","sticky":false,"template":"","format":"standard","meta":{"_jetpack_newsletter_access":"","_jetpack_dont_email_post_to_subs":false,"_jetpack_newsletter_tier_id":0,"_jetpack_memberships_contains_paywalled_content":false,"_jetpack_memberships_contains_paid_content":false,"footnotes":""},"categories":[70],"tags":[1534,31808,1026,1282,96],"class_list":["post-84229","post","type-post","status-publish","format-standard","hentry","category-de-opinion","tag-ayuntamiento-de-xalapa","tag-lili-bravo","tag-morena","tag-sergio-gonzalez-levet","tag-xalapa"],"jetpack_featured_media_url":"","jetpack_sharing_enabled":true,"jetpack_shortlink":"https:\/\/wp.me\/p4Qcd3-lUx","_links":{"self":[{"href":"https:\/\/lospoliticosveracruz.com.mx\/index.php?rest_route=\/wp\/v2\/posts\/84229","targetHints":{"allow":["GET"]}}],"collection":[{"href":"https:\/\/lospoliticosveracruz.com.mx\/index.php?rest_route=\/wp\/v2\/posts"}],"about":[{"href":"https:\/\/lospoliticosveracruz.com.mx\/index.php?rest_route=\/wp\/v2\/types\/post"}],"author":[{"embeddable":true,"href":"https:\/\/lospoliticosveracruz.com.mx\/index.php?rest_route=\/wp\/v2\/users\/2"}],"replies":[{"embeddable":true,"href":"https:\/\/lospoliticosveracruz.com.mx\/index.php?rest_route=%2Fwp%2Fv2%2Fcomments&post=84229"}],"version-history":[{"count":1,"href":"https:\/\/lospoliticosveracruz.com.mx\/index.php?rest_route=\/wp\/v2\/posts\/84229\/revisions"}],"predecessor-version":[{"id":84231,"href":"https:\/\/lospoliticosveracruz.com.mx\/index.php?rest_route=\/wp\/v2\/posts\/84229\/revisions\/84231"}],"wp:attachment":[{"href":"https:\/\/lospoliticosveracruz.com.mx\/index.php?rest_route=%2Fwp%2Fv2%2Fmedia&parent=84229"}],"wp:term":[{"taxonomy":"category","embeddable":true,"href":"https:\/\/lospoliticosveracruz.com.mx\/index.php?rest_route=%2Fwp%2Fv2%2Fcategories&post=84229"},{"taxonomy":"post_tag","embeddable":true,"href":"https:\/\/lospoliticosveracruz.com.mx\/index.php?rest_route=%2Fwp%2Fv2%2Ftags&post=84229"}],"curies":[{"name":"wp","href":"https:\/\/api.w.org\/{rel}","templated":true}]}}