{"id":84340,"date":"2022-01-07T04:28:00","date_gmt":"2022-01-07T10:28:00","guid":{"rendered":"https:\/\/lospoliticosveracruz.com.mx\/?p=84340"},"modified":"2022-01-06T22:34:18","modified_gmt":"2022-01-07T04:34:18","slug":"periodismo","status":"publish","type":"post","link":"https:\/\/lospoliticosveracruz.com.mx\/?p=84340","title":{"rendered":"Periodismo"},"content":{"rendered":"\n<p><br><strong>Guadalupe H. Mar<br><\/strong><em>Mira Pol\u00edtica<\/em><\/p>\n\n\n\n<p><\/p>\n\n\n\n<p>ACTIVIDAD DE RIESGO\u2026 Desde finales del a\u00f1o pasado en que se conoci\u00f3 que el ingeniero civil y gobernador del estado de Jalisco, Enrique Alfaro Ram\u00edrez promover\u00eda una demanda en contra del periodista veracruzano Ricardo Ravelo Galo por presunto da\u00f1o moral, luego de que este publicara un par de columnas period\u00edsticas se\u00f1al\u00e1ndolo de tener nexos con el narcotr\u00e1fico, desde diversas partes del pa\u00eds se est\u00e1n alzando las voces de profesionales del periodismo solidariz\u00e1ndose con el comunicador.<br>Ravelo Galo, egresado de la facultad de Ciencias y T\u00e9cnicas de la Comunicaci\u00f3n de la Universidad Veracruzana, escribi\u00f3 en diciembre pasado las columnas tituladas \u201cJalisco: Aqu\u00ed manda el crimen\u201d y \u201cJalisco: Narco y negocios, a la sombra del poder\u201d, publicadas en Sin Embargo, donde abord\u00f3 la presunta relaci\u00f3n del gobernador de Jalisco con personajes del C\u00e1rtel Jalisco Nueva Generaci\u00f3n (CJNG), lo cual obviamente incomod\u00f3 al mandatario estatal jalisciense, quien anunci\u00f3 que demandar\u00eda a Ricardo por da\u00f1o moral.<br>De inmediato la organizaci\u00f3n ARTICLE 19 rechaz\u00f3 las amenazas de inicio de acciones legales en contra del reportero y periodista Ricardo Ravelo Galo cometidas por el gobernador de Jalisco, Enrique Alfaro.<br>En entrevista con ARTICLE 19 el periodista Ricardo Ravelo dijo: \u201cEs sumamente dif\u00edcil hacer periodismo de investigaci\u00f3n en un pa\u00eds donde hay v\u00ednculos entre gobierno y crimen organizado. Ante esta intimidaci\u00f3n de la que soy objeto, solicito a las autoridades su respaldo porque temo por mi integridad f\u00edsica\u201d.<br>EN LA MERA MATA \u2026 Por cierto, all\u00e1 en Jalisco, entidad federativa donde se registraron m\u00e1s de una veintena de agresiones a periodistas tan solo el a\u00f1o pasado, la Universidad de Guadalajara, cre\u00f3 el Observatorio sobre Libertad de Expresi\u00f3n y Violencia contra Periodistas, @ObservaLibertad como \u201cun aporte m\u00e1s de la universidad en un pa\u00eds que parece que nos est\u00e1n robando de las manos. En ocasiones, vemos a gobernantes poco sensibles, mal asesorados, con pol\u00edticas p\u00fablicas muy endebles en temas de seguridad\u201d, expuso el rector de la UdG, doctor Ricardo Villanueva Lomel\u00ed.<br>\u201cSin periodismo no hay democracia, sin informaci\u00f3n veraz, sin periodistas libres, con acoso hacia los medios. Vemos intolerancia, cerraz\u00f3n y c\u00f3mo se privilegia el uso de las redes sociales desde el anonimato para confundir a la sociedad\u201d, a\u00f1adi\u00f3 el rector de la m\u00e1xima casa de estudios del estado de Jalisco.<br>Por cierto, al frente de este observatorio estar\u00e1 la doctora Celia del Palacio Montiel, investigadora de la Universidad Veracruzana, nivel III del Sistema Nacional de Investigadores (SNI), quien explic\u00f3 por su parte que \u201cM\u00e9xico es el pa\u00eds con mayor n\u00famero de agresiones a la prensa en Am\u00e9rica Latina, pero tambi\u00e9n el quinto lugar en el mundo, seg\u00fan Reporteros sin Fronteras. Un nuevo informe dice que M\u00e9xico va emparejado con Afganist\u00e1n en el n\u00famero de asesinados\u201d.<br>AQU\u00cd TAMBI\u00c9N TENEMOS \u2026 A reserva de que otro d\u00eda con calma abordemos el tema del Observatorio sobre Libertad de Expresi\u00f3n y Violencia contra Periodistas creado por la Universidad de Guadalajara, aqu\u00ed en el estado de Veracruz est\u00e1n empezando a resurgir casos de gobernantes municipales que creen que el cargo ser\u00e1 para siempre y como bot\u00f3n que sirva de muestra tenemos el del presidente municipal de Medell\u00edn de Bravo, el expriista Marcos Isle\u00f1o Andrade, quien a trav\u00e9s de su cuenta de Twitter arremeti\u00f3 en contra de un medio de comunicaci\u00f3n y el reportero Rodrigo Barranco D\u00e9ctor, acus\u00e1ndolos de publicar notas period\u00edsticas falsas a cambio de unas monedas, estrategia tan com\u00fan de los actores pol\u00edticos en este estado donde reina la impunidad.<br>DISQUE DE CLASE MUNDIAL\u2026 Vecinos de las colonias Las Amapolas y Campestre, al norponiente de la ciudad de Veracruz, all\u00e1 por los rumbos de la zona del \u201cNuevo Veracruz\u201d, donde se ubicaba la antigua planta de Aluminio, se cansaron de que la disque empresa de clase mundial, la Comisi\u00f3n Federal de Electricidad (CFE), atienda y sobre todo solucione la falta y repentinas interrupciones del servicio en los \u00faltimos dos a\u00f1os.<br>Tan se cansaron de pagar por un p\u00e9simo servicio, los vecinos de esas colonias realizaron un plant\u00f3n de protesta en la oficina de la CFE del \u201cNuevo Veracruz\u201d, en demanda de que les hagan caso y, sobre todo, que, as\u00ed como son cobrones, cumplan con un buen servicio.<br>Pero el p\u00e9simo servicio de la CFE se da en todas partes, como por ejemplo en la zona residencial del municipio de Alvarado, \u201cLomas de la Rioja\u201d, donde debido a los constantes apagones decenas de aparatos electrodom\u00e9sticos se han descompuesto, lo que est\u00e1 obligando a los vecinos afectados a buscar la asesor\u00eda legal necesaria para demandar que la Comisi\u00f3n Federal de Electricidad responsa ya sea para la reposici\u00f3n de los equipos da\u00f1ados, o bien la reparaci\u00f3n de los mismos.<br>Seguramente en cuanto se presenten las primeras demandas de los usuarios afectados por el mal servicio de la CFE, se sumar\u00e1n otros m\u00e1s.<\/p>\n\n\n\n<p><br>D\u00cdGALO SIN MIEDO \u2026 Al correo electr\u00f3nico guadalupehmar@yahoo.com<\/p>\n","protected":false},"excerpt":{"rendered":"<p>Guadalupe H. MarMira Pol\u00edtica ACTIVIDAD DE RIESGO\u2026 Desde finales del a\u00f1o pasado en que se conoci\u00f3 que el ingeniero civil y gobernador del estado de Jalisco, Enrique Alfaro Ram\u00edrez promover\u00eda una demanda en contra del periodista veracruzano Ricardo Ravelo Galo por presunto da\u00f1o moral, luego de que este publicara un par de columnas period\u00edsticas se\u00f1al\u00e1ndolo [&hellip;]<\/p>\n","protected":false},"author":2,"featured_media":0,"comment_status":"closed","ping_status":"closed","sticky":false,"template":"","format":"standard","meta":{"_jetpack_newsletter_access":"","_jetpack_dont_email_post_to_subs":false,"_jetpack_newsletter_tier_id":0,"_jetpack_memberships_contains_paywalled_content":false,"_jetpack_memberships_contains_paid_content":false,"footnotes":""},"categories":[70],"tags":[31831,8627,14187,1606,3815,18727,1420,395,1394,5548,31830,31832],"class_list":["post-84340","post","type-post","status-publish","format-standard","hentry","category-de-opinion","tag-cartel-jalisco-nueva-generacion-2","tag-comision-federal-de-electricidad","tag-enrique-alfaro-ramirez","tag-guadalupe-h-mar","tag-jalisco","tag-marcos-isleno-andrade","tag-medellin-de-bravo","tag-mexico","tag-periodismo","tag-periodista","tag-ricardo-ravelo-galo","tag-rodrigo-barranco-dector"],"jetpack_featured_media_url":"","jetpack_sharing_enabled":true,"jetpack_shortlink":"https:\/\/wp.me\/p4Qcd3-lWk","_links":{"self":[{"href":"https:\/\/lospoliticosveracruz.com.mx\/index.php?rest_route=\/wp\/v2\/posts\/84340","targetHints":{"allow":["GET"]}}],"collection":[{"href":"https:\/\/lospoliticosveracruz.com.mx\/index.php?rest_route=\/wp\/v2\/posts"}],"about":[{"href":"https:\/\/lospoliticosveracruz.com.mx\/index.php?rest_route=\/wp\/v2\/types\/post"}],"author":[{"embeddable":true,"href":"https:\/\/lospoliticosveracruz.com.mx\/index.php?rest_route=\/wp\/v2\/users\/2"}],"replies":[{"embeddable":true,"href":"https:\/\/lospoliticosveracruz.com.mx\/index.php?rest_route=%2Fwp%2Fv2%2Fcomments&post=84340"}],"version-history":[{"count":1,"href":"https:\/\/lospoliticosveracruz.com.mx\/index.php?rest_route=\/wp\/v2\/posts\/84340\/revisions"}],"predecessor-version":[{"id":84342,"href":"https:\/\/lospoliticosveracruz.com.mx\/index.php?rest_route=\/wp\/v2\/posts\/84340\/revisions\/84342"}],"wp:attachment":[{"href":"https:\/\/lospoliticosveracruz.com.mx\/index.php?rest_route=%2Fwp%2Fv2%2Fmedia&parent=84340"}],"wp:term":[{"taxonomy":"category","embeddable":true,"href":"https:\/\/lospoliticosveracruz.com.mx\/index.php?rest_route=%2Fwp%2Fv2%2Fcategories&post=84340"},{"taxonomy":"post_tag","embeddable":true,"href":"https:\/\/lospoliticosveracruz.com.mx\/index.php?rest_route=%2Fwp%2Fv2%2Ftags&post=84340"}],"curies":[{"name":"wp","href":"https:\/\/api.w.org\/{rel}","templated":true}]}}