{"id":84434,"date":"2022-01-09T10:36:56","date_gmt":"2022-01-09T16:36:56","guid":{"rendered":"https:\/\/lospoliticosveracruz.com.mx\/?p=84434"},"modified":"2022-01-09T10:37:01","modified_gmt":"2022-01-09T16:37:01","slug":"se-lucieron","status":"publish","type":"post","link":"https:\/\/lospoliticosveracruz.com.mx\/?p=84434","title":{"rendered":"Se lucieron!"},"content":{"rendered":"\n<p><\/p>\n\n\n\n<p><\/p>\n\n\n\n<p><strong>Enrique Yasser Pompeyo<br><\/strong><em>Xalapa<\/em><\/p>\n\n\n\n<p><\/p>\n\n\n\n<p>El Ayuntamiento de Teocelo particip\u00f3 en la Feria de Ixhuac\u00e1n de los Reyes.<\/p>\n\n\n\n<p>Acudi\u00f3 dentro del programa cultural de la Feria en Honor a Los Reyes Magos con la presentaci\u00f3n del Ballet Folcl\u00f3rico de Teocelo, a cargo de la maestra Leslie Virginia Cambambia Ju\u00e1rez y el Taller de Canto Ocelotl a cargo del maestro Salvador Baizabal Mu\u00f1oz.<\/p>\n\n\n\n<p>Por tal motivo, las autoridades municipales agradecieron al Ayuntamiento de Ixhuac\u00e1n de los Reyes por la cordial invitaci\u00f3n para formar parte del parte del corredor artesanal.<\/p>\n\n\n\n<p>Del mismo modo, las autoridades de Teocelo agradecieron a las direcciones de Turismo y Cultura de ambas administraciones que hicieron posible este trabajo intermunicipal.<\/p>\n","protected":false},"excerpt":{"rendered":"<p>Enrique Yasser PompeyoXalapa El Ayuntamiento de Teocelo particip\u00f3 en la Feria de Ixhuac\u00e1n de los Reyes. Acudi\u00f3 dentro del programa cultural de la Feria en Honor a Los Reyes Magos con la presentaci\u00f3n del Ballet Folcl\u00f3rico de Teocelo, a cargo de la maestra Leslie Virginia Cambambia Ju\u00e1rez y el Taller de Canto Ocelotl a cargo [&hellip;]<\/p>\n","protected":false},"author":2,"featured_media":0,"comment_status":"closed","ping_status":"closed","sticky":false,"template":"","format":"standard","meta":{"_jetpack_newsletter_access":"","_jetpack_dont_email_post_to_subs":false,"_jetpack_newsletter_tier_id":0,"_jetpack_memberships_contains_paywalled_content":false,"_jetpack_memberships_contains_paid_content":false,"footnotes":""},"categories":[6446],"tags":[4821,31857,1296,31858,1452],"class_list":["post-84434","post","type-post","status-publish","format-standard","hentry","category-la-nota","tag-ixhuacan-de-los-reyes","tag-leslie-virginia-cambambia-juarez","tag-reyes-magos","tag-salvador-baizabal-munoz","tag-teocelo"],"jetpack_featured_media_url":"","jetpack_sharing_enabled":true,"jetpack_shortlink":"https:\/\/wp.me\/p4Qcd3-lXQ","_links":{"self":[{"href":"https:\/\/lospoliticosveracruz.com.mx\/index.php?rest_route=\/wp\/v2\/posts\/84434","targetHints":{"allow":["GET"]}}],"collection":[{"href":"https:\/\/lospoliticosveracruz.com.mx\/index.php?rest_route=\/wp\/v2\/posts"}],"about":[{"href":"https:\/\/lospoliticosveracruz.com.mx\/index.php?rest_route=\/wp\/v2\/types\/post"}],"author":[{"embeddable":true,"href":"https:\/\/lospoliticosveracruz.com.mx\/index.php?rest_route=\/wp\/v2\/users\/2"}],"replies":[{"embeddable":true,"href":"https:\/\/lospoliticosveracruz.com.mx\/index.php?rest_route=%2Fwp%2Fv2%2Fcomments&post=84434"}],"version-history":[{"count":1,"href":"https:\/\/lospoliticosveracruz.com.mx\/index.php?rest_route=\/wp\/v2\/posts\/84434\/revisions"}],"predecessor-version":[{"id":84436,"href":"https:\/\/lospoliticosveracruz.com.mx\/index.php?rest_route=\/wp\/v2\/posts\/84434\/revisions\/84436"}],"wp:attachment":[{"href":"https:\/\/lospoliticosveracruz.com.mx\/index.php?rest_route=%2Fwp%2Fv2%2Fmedia&parent=84434"}],"wp:term":[{"taxonomy":"category","embeddable":true,"href":"https:\/\/lospoliticosveracruz.com.mx\/index.php?rest_route=%2Fwp%2Fv2%2Fcategories&post=84434"},{"taxonomy":"post_tag","embeddable":true,"href":"https:\/\/lospoliticosveracruz.com.mx\/index.php?rest_route=%2Fwp%2Fv2%2Ftags&post=84434"}],"curies":[{"name":"wp","href":"https:\/\/api.w.org\/{rel}","templated":true}]}}