{"id":84628,"date":"2022-01-13T13:27:10","date_gmt":"2022-01-13T19:27:10","guid":{"rendered":"https:\/\/lospoliticosveracruz.com.mx\/?p=84628"},"modified":"2022-01-13T13:27:16","modified_gmt":"2022-01-13T19:27:16","slug":"apoyo-verde","status":"publish","type":"post","link":"https:\/\/lospoliticosveracruz.com.mx\/?p=84628","title":{"rendered":"Apoyo verde!"},"content":{"rendered":"\n<p><\/p>\n\n\n\n<p><\/p>\n\n\n\n<p><strong>Xalapa<\/strong><\/p>\n\n\n\n<p><br>Este mi\u00e9rcoles, Namiko Matzumoto Ben\u00edtez, presidenta de la Comisi\u00f3n Estatal de Derechos Humanos de Veracruz, CEDHV, inaugur\u00f3 la segunda exposici\u00f3n colectiva de trabajos fotogr\u00e1ficos itinerante 30 Fot\u00f3grafos, 30 Empresarios, en la Quinta Pico de Gallo y que promueve la asociaci\u00f3n civil Ruta de la Niebla, que encabeza la promotora cultural y conservacionista Leticia Arriaga Stransky.<\/p>\n\n\n\n<p>En su intervenci\u00f3n, la titular de la CEDHV, dijo que al principio pensaba que no tiene nada que hacer ah\u00ed \u201cpero el tema fue el derecho que tenemos a vivir en un ambiente sano y rescatar una reserva en riesgo, e interesar a las autoridades a valorar el Cerro de las Culebras para el esparcimiento, la salud, la cultura ambiental\u201d y felicit\u00f3 a Leticia Arriaga por el trabajo realizado en este proyecto, porque \u201ccada vez hay menos personas interesadas en el bien com\u00fan y el rescate de los temas ambientales\u201d.<\/p>\n\n\n\n<p>El derecho al medio ambiente se record\u00f3, se incluye en el texto del art\u00edculo 4 de la Constituci\u00f3n federal, desde 1999, y establece que: \u201cToda persona tiene derecho a un medio ambiente adecuado para su desarrollo y bienestar\u201d; por eso nuestro trabajo, al que se han sumado un importante n\u00famero de empresarios, \u201csi hay coordinaci\u00f3n y labor de convencimiento, se puede trabajar en armon\u00eda y difundir la cultura del medio ambiente, el derecho que todos tenemos a vivir en un ambiente m\u00e1s sano\u201d afirm\u00f3 Arriaga Stransky.<\/p>\n\n\n\n<p>Asisti\u00f3 tambi\u00e9n, a esta inauguraci\u00f3n, la Directora General de Gesti\u00f3n Ambiental y Recursos Naturales de la Secretar\u00eda de Medio Ambiente, SEDEMA, Elida Reyes Fentanes, quien reconoci\u00f3 la iniciativa del rescate del Cerro de las Culebras y destac\u00f3 que la labor de organizaciones como la Ruta de la Niebla \u201cson bienvenidas, porque son en beneficio de las \u00e1reas naturales protegidas\u201d, con que cuenta el Estado de Veracruz.<\/p>\n\n\n\n<p>Esta exposici\u00f3n, tiene un gran m\u00e9rito, dijo Arriaga Stransky, la participaci\u00f3n de treinta empresarios veracruzanos al apadrinarla, algo pocas veces visto, y que corrobora el inter\u00e9s de los mismos por apoyar la misi\u00f3n de la asociaci\u00f3n civil, en el rescate y preservaci\u00f3n del bosque mes\u00f3filo de monta\u00f1a, y dar a conocer la propuesta del Parque Tem\u00e1tico de la Reserva Ecol\u00f3gica del Cerro de las Culebras.<\/p>\n\n\n\n<p>Sobre el Cerro de las Culebras, reitero Leticia Arriaga, dijo que el proyecto tiene como objetivo \u201cdespertar la conciencia sobre la importancia del bosque que preserva, que es un reducto muy importante de bosque de niebla y refugio de aves residentes y migratorias, que en su ruta rumbo al sur, hacen escala en este santuario, para abastecerse y continuar su largo recorrido hacia el norte o sur del continente\u201d.<\/p>\n\n\n\n<p>La titular de la asociaci\u00f3n civil, Ruta de la Niebla, agradeci\u00f3 la participaci\u00f3n de los empresarios y el haber hecho posible esta exposici\u00f3n itinerante, entre ellos: Hotel Boutique Finca la Niebla, X\u00f3chitl Guzm\u00e1n Segundo; Complot de Ideas, Gabriela P\u00e9rez; Instituto de la Polic\u00eda Auxiliar y Protecci\u00f3n Patrimonial para el Estado de Veracruz, H\u00e9ctor Manuel Riveros; Salto de Xala, Margarita Hern\u00e1ndez Lucido; Casa Robertina, Alberto Rodr\u00edguez V\u00e1zquez; Olinca, Pablo Valderrama; Finca Don Marco, Antonio Andrade; La Estancia de los Tecajetes, Ana Mar\u00eda de la Cruz; Caf\u00e9 Don Justo, Manuel Fern\u00e1ndez \u00c1vila.<\/p>\n\n\n\n<p>As\u00ed como: La P\u00e9rgola, Arturo Murillo; Casa Bonilla, Vicente Bonilla; Risue\u00f1o, David Lynch; Menta Caf\u00e9, Elisa Monge Alarc\u00f3n; Tentempi\u00e9, Jes\u00fas Basurto Moreno; Imago, Mateo Rebolledo; Hotel Casa Real del Caf\u00e9, Roberto Morando Viveros; Casas Carp\u00edn; Protekno, Alberto Gonz\u00e1lez Gallina; Hotel Real del Marques, Rigoberto Amezcua; Boscuela, David Lynch y Andrea Le\u00f3n; Gama Fotograf\u00eda, Ang\u00e9lica Noble;\u200bCarrizal, Adolfo Contreras; Finca Don Silvano, Laura Caba\u00f1as; El Farolito, M\u00f3nica Remes; Los Timbales, Ferm\u00edn Hern\u00e1ndez; Quinta Pico de Gallo, X\u00f3chitl Guzm\u00e1n; Rutas de Veracruz, Leticia Arriaga Stransky; Senador Ernesto P\u00e9rez Astorga; y Colores y Sabores, Betzabe Jarvio Rosales.<\/p>\n","protected":false},"excerpt":{"rendered":"<p>Xalapa Este mi\u00e9rcoles, Namiko Matzumoto Ben\u00edtez, presidenta de la Comisi\u00f3n Estatal de Derechos Humanos de Veracruz, CEDHV, inaugur\u00f3 la segunda exposici\u00f3n colectiva de trabajos fotogr\u00e1ficos itinerante 30 Fot\u00f3grafos, 30 Empresarios, en la Quinta Pico de Gallo y que promueve la asociaci\u00f3n civil Ruta de la Niebla, que encabeza la promotora cultural y conservacionista Leticia Arriaga [&hellip;]<\/p>\n","protected":false},"author":2,"featured_media":0,"comment_status":"closed","ping_status":"closed","sticky":false,"template":"","format":"standard","meta":{"_jetpack_newsletter_access":"","_jetpack_dont_email_post_to_subs":false,"_jetpack_newsletter_tier_id":0,"_jetpack_memberships_contains_paywalled_content":false,"_jetpack_memberships_contains_paid_content":false,"footnotes":""},"categories":[1],"tags":[31916,21076,23628,12715,4389,1036],"class_list":["post-84628","post","type-post","status-publish","format-standard","hentry","category-sin-categoria","tag-cedhv","tag-cerro-de-las-culebras","tag-elida-reyes-fentanes","tag-leticia-arriaga-stransky","tag-namiko-matzumoto-benitez","tag-sedema"],"jetpack_featured_media_url":"","jetpack_sharing_enabled":true,"jetpack_shortlink":"https:\/\/wp.me\/p4Qcd3-m0Y","_links":{"self":[{"href":"https:\/\/lospoliticosveracruz.com.mx\/index.php?rest_route=\/wp\/v2\/posts\/84628","targetHints":{"allow":["GET"]}}],"collection":[{"href":"https:\/\/lospoliticosveracruz.com.mx\/index.php?rest_route=\/wp\/v2\/posts"}],"about":[{"href":"https:\/\/lospoliticosveracruz.com.mx\/index.php?rest_route=\/wp\/v2\/types\/post"}],"author":[{"embeddable":true,"href":"https:\/\/lospoliticosveracruz.com.mx\/index.php?rest_route=\/wp\/v2\/users\/2"}],"replies":[{"embeddable":true,"href":"https:\/\/lospoliticosveracruz.com.mx\/index.php?rest_route=%2Fwp%2Fv2%2Fcomments&post=84628"}],"version-history":[{"count":1,"href":"https:\/\/lospoliticosveracruz.com.mx\/index.php?rest_route=\/wp\/v2\/posts\/84628\/revisions"}],"predecessor-version":[{"id":84630,"href":"https:\/\/lospoliticosveracruz.com.mx\/index.php?rest_route=\/wp\/v2\/posts\/84628\/revisions\/84630"}],"wp:attachment":[{"href":"https:\/\/lospoliticosveracruz.com.mx\/index.php?rest_route=%2Fwp%2Fv2%2Fmedia&parent=84628"}],"wp:term":[{"taxonomy":"category","embeddable":true,"href":"https:\/\/lospoliticosveracruz.com.mx\/index.php?rest_route=%2Fwp%2Fv2%2Fcategories&post=84628"},{"taxonomy":"post_tag","embeddable":true,"href":"https:\/\/lospoliticosveracruz.com.mx\/index.php?rest_route=%2Fwp%2Fv2%2Ftags&post=84628"}],"curies":[{"name":"wp","href":"https:\/\/api.w.org\/{rel}","templated":true}]}}