{"id":84631,"date":"2022-01-13T14:21:45","date_gmt":"2022-01-13T20:21:45","guid":{"rendered":"https:\/\/lospoliticosveracruz.com.mx\/?p=84631"},"modified":"2022-01-13T14:21:52","modified_gmt":"2022-01-13T20:21:52","slug":"se-pasa-raymundo-de-ecoloco","status":"publish","type":"post","link":"https:\/\/lospoliticosveracruz.com.mx\/?p=84631","title":{"rendered":"Se pasa Raymundo de ecoloco!"},"content":{"rendered":"\n<p><\/p>\n\n\n\n<p><strong>Coatepec<\/strong><\/p>\n\n\n\n<p><br>Sin ser consultados por el presidente municipal de Coatepec, Raymundo Andrade, para instalar un centro de transferencia de basura, que es lo mismo que un tiradero a cielo abierto, vecinos de las comunidades de La Loma y Puerto Rico, del municipio de Coatepec, se concentraron esta ma\u00f1ana para externar su rechazo a la decisi\u00f3n del ayuntamiento.<br>Lamentan que la propia autoridad municipal deposita los desechos en terrenos aleda\u00f1os a comunidades sin prever riesgos, y lo m\u00e1s grave, exponiendo la salud de la gente.<br>La ma\u00f1ana de este jueves encabezados por el agente municipal, Alfredo Reyes Hern\u00e1ndez, de las comunidades la Loma y Puerto Rico los inconformes hicieron un llamado a las autoridades para que reconsideren y se les tome en cuenta en la b\u00fasqueda se soluciones, y piden la intervenci\u00f3n del Gobierno del Estado y del diputado local, Luis Ronaldo Zarate.<br>Advierten que los desechos adem\u00e1s de generar contaminaci\u00f3n a cultivos como ca\u00f1a, caf\u00e9, c\u00edtricos y otros, tambi\u00e9n pone en riesgo la salud de la poblaci\u00f3n dado adem\u00e1s de f\u00e9tidos olores y fauna nociva se afecta la calidad del aire y se genera la filtraci\u00f3n de contaminantes a la tierra y dem\u00e1s afectaciones ambientales.<br>El agente municipal, Alfredo Reyes Hern\u00e1ndez, dijo que como representante de las comunidades ya busc\u00f3 audiencia con el alcalde Raymundo Andrade pero no ha logrado que lo atienda pese a la gravedad del problema e inconformidad de la gente.<br>Asegur\u00f3 que son afectadas cerca de mil 600 familias, y aunque la inconformidad es generalizada, \u00abHay miedo de manifestarse y que nos echen a los granaderos, hoy una persona de la comunidad Puerto Rico nos vino a decirnos eso\u00bb.<br>La gente ya estaba lista para manifestarse este d\u00eda, pero se muri\u00f3 un vecino y muchas personas no llegaron pero nos vamos a organizar para hacer la protesta ciudadana aunque existe temor de alguna represi\u00f3n polic\u00edaca\u00bb.<br>Concluy\u00f3 que hay riesgo de que tambi\u00e9n se deposite en ese lugar basura de Xico y Emiliano Zapata, el propio alcalde as\u00ed lo dio a conocer en un comunicado.<\/p>\n","protected":false},"excerpt":{"rendered":"<p>Coatepec Sin ser consultados por el presidente municipal de Coatepec, Raymundo Andrade, para instalar un centro de transferencia de basura, que es lo mismo que un tiradero a cielo abierto, vecinos de las comunidades de La Loma y Puerto Rico, del municipio de Coatepec, se concentraron esta ma\u00f1ana para externar su rechazo a la decisi\u00f3n [&hellip;]<\/p>\n","protected":false},"author":2,"featured_media":0,"comment_status":"closed","ping_status":"closed","sticky":false,"template":"","format":"standard","meta":{"_jetpack_newsletter_access":"","_jetpack_dont_email_post_to_subs":false,"_jetpack_newsletter_tier_id":0,"_jetpack_memberships_contains_paywalled_content":false,"_jetpack_memberships_contains_paid_content":false,"footnotes":""},"categories":[6446],"tags":[277,13203],"class_list":["post-84631","post","type-post","status-publish","format-standard","hentry","category-la-nota","tag-coatepec","tag-raymundo-andrade-rivera"],"jetpack_featured_media_url":"","jetpack_sharing_enabled":true,"jetpack_shortlink":"https:\/\/wp.me\/p4Qcd3-m11","_links":{"self":[{"href":"https:\/\/lospoliticosveracruz.com.mx\/index.php?rest_route=\/wp\/v2\/posts\/84631","targetHints":{"allow":["GET"]}}],"collection":[{"href":"https:\/\/lospoliticosveracruz.com.mx\/index.php?rest_route=\/wp\/v2\/posts"}],"about":[{"href":"https:\/\/lospoliticosveracruz.com.mx\/index.php?rest_route=\/wp\/v2\/types\/post"}],"author":[{"embeddable":true,"href":"https:\/\/lospoliticosveracruz.com.mx\/index.php?rest_route=\/wp\/v2\/users\/2"}],"replies":[{"embeddable":true,"href":"https:\/\/lospoliticosveracruz.com.mx\/index.php?rest_route=%2Fwp%2Fv2%2Fcomments&post=84631"}],"version-history":[{"count":1,"href":"https:\/\/lospoliticosveracruz.com.mx\/index.php?rest_route=\/wp\/v2\/posts\/84631\/revisions"}],"predecessor-version":[{"id":84633,"href":"https:\/\/lospoliticosveracruz.com.mx\/index.php?rest_route=\/wp\/v2\/posts\/84631\/revisions\/84633"}],"wp:attachment":[{"href":"https:\/\/lospoliticosveracruz.com.mx\/index.php?rest_route=%2Fwp%2Fv2%2Fmedia&parent=84631"}],"wp:term":[{"taxonomy":"category","embeddable":true,"href":"https:\/\/lospoliticosveracruz.com.mx\/index.php?rest_route=%2Fwp%2Fv2%2Fcategories&post=84631"},{"taxonomy":"post_tag","embeddable":true,"href":"https:\/\/lospoliticosveracruz.com.mx\/index.php?rest_route=%2Fwp%2Fv2%2Ftags&post=84631"}],"curies":[{"name":"wp","href":"https:\/\/api.w.org\/{rel}","templated":true}]}}