{"id":84665,"date":"2022-01-14T10:06:54","date_gmt":"2022-01-14T16:06:54","guid":{"rendered":"https:\/\/lospoliticosveracruz.com.mx\/?p=84665"},"modified":"2022-01-14T10:06:58","modified_gmt":"2022-01-14T16:06:58","slug":"mier-y-nahle-en-distrito-iv","status":"publish","type":"post","link":"https:\/\/lospoliticosveracruz.com.mx\/?p=84665","title":{"rendered":"Mier y Nahle en Distrito IV"},"content":{"rendered":"\n<p><strong>Ignacio Alvarez<br><\/strong><em>Pluma Negra<\/em><\/p>\n\n\n\n<p>Los diputados federales de MORENA tienen la encomienda de realizar Asambleas en sus respectivos distritos para informar al pueblo sobre la reforma energ\u00e9tica que impulsa el Presidente Andr\u00e9s Manuel L\u00f3pez Obrador, en Veracruz, la legisladora Rosa Mar\u00eda Hern\u00e1ndez Espejo ya prepara la suya para el 29 de enero que contar\u00e1 con la presencia del Presidente de la Junta de Coordinaci\u00f3n Pol\u00edtica de la C\u00e1mara Baja, Ignacio Mier y tambi\u00e9n est\u00e1 invitada la propia Secretar\u00eda de Energ\u00eda, Roc\u00edo Nahle Garc\u00eda.<\/p>\n\n\n\n<p>MORENA busca legitimar a ras de suelo con la poblaci\u00f3n los beneficios de una reforma constitucional que espera aprobar con una mayor\u00eda contundente en la C\u00e1mara de Diputados y en el 50 por ciento m\u00e1s uno de los 32 Congresos Locales de las entidades del pa\u00eds.<\/p>\n\n\n\n<p>La importancia de Veracruz y el trabajo pol\u00edtico de la Diputada Hern\u00e1ndez har\u00e1 posible que lleguen al puerto, la titular de Energ\u00eda y el l\u00edder de la JUCOPO para explicar a los ciudadanos del distrito, las razones para modificar el sector de las energ\u00edas en el pa\u00eds.<\/p>\n\n\n\n<p>Se trata de un ejercicio in\u00e9dito de Parlamento Abierto que habr\u00e1 en el Congreso de la Uni\u00f3n, y comenzaron con la organizaci\u00f3n de m\u00e1s de 750 asambleas regionales, distritales y municipales para la difusi\u00f3n y an\u00e1lisis de la iniciativa del presidente Andr\u00e9s Manuel L\u00f3pez Obrador.<\/p>\n\n\n\n<p><strong>Permiso de COVID<\/strong><\/p>\n\n\n\n<p>La nueva variante del Covid-19 que protagoniza la cuarta ola de contagios en M\u00e9xico arroj\u00f3 un saldo el 13 de enero de 43 mil 523 nuevos casos y 148 muertes en las \u00faltimas 24 horas. La Secretar\u00eda de Salud inform\u00f3 que se aplicaron 917 mil 880 dosis de la vacuna para prevenir la enfermedad grave.<\/p>\n\n\n\n<p>En tanto, el IMSS, se\u00f1al\u00f3 que el Permiso COVID se implement\u00f3 en marzo de 2020 con el prop\u00f3sito de romper cadenas de contagio y que est\u00e1 vigente en esta cuarta ola.<br>Ayer, la Secretar\u00eda del Trabajo y Previsi\u00f3n Social (STPS) y el IMSS hicieron un llamado a los empleadores a reconocer el Permiso COVID para que los trabajadores contagiados accedan a una incapacidad laboral, pero sobretodo que se contenga la propagaci\u00f3n, por eso los laboratorios p\u00fablicos y privados se observaron abarrotados en Veracruz.<\/p>\n\n\n\n<p>Desde el lunes 10 de enero se puede realizar el tr\u00e1mite de Permiso COVID en l\u00ednea, donde a partir de hacer un cuestionario y sin necesidad de una prueba r\u00e1pida se genera el Permiso como evidencia para el empleador de que tiene que cubrirse la incapacidad.<\/p>\n\n\n\n<p>Y es que el 66.9 por ciento de las personas que han acudido en diciembre y enero en busca de pruebas r\u00e1pidas son trabajadores, pero ya no lo tienen que hacer.<\/p>\n\n\n\n<p><strong>La Tremenda de Cosamaloapan<\/strong><\/p>\n\n\n\n<p>Aun no se cumplen los 15 dias del gobierno de Gustavo Sant\u00edes Hern\u00e1ndez y ya la mayor\u00eda de los representantes de los medios de comunicaci\u00f3n locales de la Cuenca del Papaloapan, se quejan de los malos tratos y autoritarismo de su jefa de prensa,Iris Molina al\u00edas la Tremenda.<\/p>\n\n\n\n<p>Resulta que la Tremenda ofrece 200 pesos a la semana a los reporteros y les ordena que hablen maravillas del alcalde, al desconocer tremendamente sobre las funciones reales de un Enlace de Medios en una instituci\u00f3n como lo es una administraci\u00f3n municipal.<\/p>\n","protected":false},"excerpt":{"rendered":"<p>Ignacio AlvarezPluma Negra Los diputados federales de MORENA tienen la encomienda de realizar Asambleas en sus respectivos distritos para informar al pueblo sobre la reforma energ\u00e9tica que impulsa el Presidente Andr\u00e9s Manuel L\u00f3pez Obrador, en Veracruz, la legisladora Rosa Mar\u00eda Hern\u00e1ndez Espejo ya prepara la suya para el 29 de enero que contar\u00e1 con la [&hellip;]<\/p>\n","protected":false},"author":2,"featured_media":0,"comment_status":"closed","ping_status":"closed","sticky":false,"template":"","format":"standard","meta":{"_jetpack_newsletter_access":"","_jetpack_dont_email_post_to_subs":false,"_jetpack_newsletter_tier_id":0,"_jetpack_memberships_contains_paywalled_content":false,"_jetpack_memberships_contains_paid_content":false,"footnotes":""},"categories":[70],"tags":[618,17829,16673,31925,9418,1026,26717,11900,195],"class_list":["post-84665","post","type-post","status-publish","format-standard","hentry","category-de-opinion","tag-andres-manuel-lopez-obrador","tag-covid","tag-covid-19","tag-gustavo-santies-hernandez","tag-jucopo","tag-morena","tag-rocio-nahle-2","tag-rosa-maria-hernandez-espejo","tag-veracruz"],"jetpack_featured_media_url":"","jetpack_sharing_enabled":true,"jetpack_shortlink":"https:\/\/wp.me\/p4Qcd3-m1z","_links":{"self":[{"href":"https:\/\/lospoliticosveracruz.com.mx\/index.php?rest_route=\/wp\/v2\/posts\/84665","targetHints":{"allow":["GET"]}}],"collection":[{"href":"https:\/\/lospoliticosveracruz.com.mx\/index.php?rest_route=\/wp\/v2\/posts"}],"about":[{"href":"https:\/\/lospoliticosveracruz.com.mx\/index.php?rest_route=\/wp\/v2\/types\/post"}],"author":[{"embeddable":true,"href":"https:\/\/lospoliticosveracruz.com.mx\/index.php?rest_route=\/wp\/v2\/users\/2"}],"replies":[{"embeddable":true,"href":"https:\/\/lospoliticosveracruz.com.mx\/index.php?rest_route=%2Fwp%2Fv2%2Fcomments&post=84665"}],"version-history":[{"count":1,"href":"https:\/\/lospoliticosveracruz.com.mx\/index.php?rest_route=\/wp\/v2\/posts\/84665\/revisions"}],"predecessor-version":[{"id":84666,"href":"https:\/\/lospoliticosveracruz.com.mx\/index.php?rest_route=\/wp\/v2\/posts\/84665\/revisions\/84666"}],"wp:attachment":[{"href":"https:\/\/lospoliticosveracruz.com.mx\/index.php?rest_route=%2Fwp%2Fv2%2Fmedia&parent=84665"}],"wp:term":[{"taxonomy":"category","embeddable":true,"href":"https:\/\/lospoliticosveracruz.com.mx\/index.php?rest_route=%2Fwp%2Fv2%2Fcategories&post=84665"},{"taxonomy":"post_tag","embeddable":true,"href":"https:\/\/lospoliticosveracruz.com.mx\/index.php?rest_route=%2Fwp%2Fv2%2Ftags&post=84665"}],"curies":[{"name":"wp","href":"https:\/\/api.w.org\/{rel}","templated":true}]}}