{"id":8476,"date":"2009-09-13T22:00:00","date_gmt":"2009-09-13T22:00:00","guid":{"rendered":"http:\/\/www.lospoliticosveracruz.com.mx\/?p=8476"},"modified":"2014-10-08T19:04:52","modified_gmt":"2014-10-08T19:04:52","slug":"servicio-urbano-o-funerario","status":"publish","type":"post","link":"https:\/\/lospoliticosveracruz.com.mx\/?p=8476","title":{"rendered":"\u00bfServicio Urbano o Funerario?"},"content":{"rendered":"<p><strong>Salvador Mu\u00f1oz<\/strong><br \/><em>Los Pol\u00edticos<\/em><\/p>\n<p>Evito al m\u00e1ximo subirme a cualquier unidad del Servicio Urbano aqu\u00ed en Xalapa porque, sencillamente, me lleno de pavor. A mi hijo le encantan los \u201curbanos\u201d y mi esposa e hija acaban por convencerme para tomar un cami\u00f3n en lugar de taxi.<br \/>El viaje, de no ser por uno que otro tope, no pas\u00f3 a mayores.<br \/>De regreso, a la altura de la Comercial (Gol), tomamos otro \u201curbano\u201d\u2026<br \/>La temeridad con que conduc\u00eda el sujeto aterraba, no s\u00f3lo a m\u00ed, sino a mi familia.<br \/>Los topes no importaban y demostraba cada vez que pod\u00eda, la seguridad de sus frenos\u2026 en el cruce de Villahermosa con Miguel Alem\u00e1n, se emparej\u00f3 a otro \u201curbano\u201d cuyo chofer le pregunt\u00f3, a todo pulm\u00f3n \u201c\u00bfpor qu\u00e9 corres?\u201d Una risa de nuestro conductor, balbuce\u00f3 algo y en cuanto vio la luz verde, arranc\u00f3 a toda velocidad mientras le echaba materialmente la unidad a un veh\u00edculo peque\u00f1o.<br \/>Mi esposa grit\u00f3: \u00a1El viejito! Un anciano se hab\u00eda atravesado y qued\u00f3 entre los dos \u201curbanos\u201d para pedir pasaje, pues en la carrera de estos veh\u00edculos, no se detuvieron en lo que se cree es una \u201cparada\u201d.<br \/>Volteamos y el viejo sub\u00eda a media calle al otro \u201curbano\u201d\u2026 le dije a mi esposa: \u201cera lo m\u00ednimo que pod\u00eda hacer el conductor\u201d pues no hizo parada al anciano.<br \/>Mientras, la unidad que nos transportaba jalaba hacia el carril de la derecha. Por l\u00f3gica dije: Va a dar vuelta a la derecha pero mi hijo me aclar\u00f3: \u201cNo, da vuelta a la izqueirda\u201d\u2026 Entonces lo percib\u00ed: \u00a1Este animal se va a abrir para entrar desde la derecha y doblar a la izquierda!<br \/>Me dirig\u00ed a mi esposa e hijos: \u00a1Nos bajamos! (aunque no fuera parada pero no nos \u00edbamos a arriesgar a ser llevados por una bestia al volante), pero nos gan\u00f3 la luz verde que no hizo m\u00e1s que darme la raz\u00f3n con lo que hab\u00eda pensado: El conductor, del carril derecho empez\u00f3 a doblar a la izquierda sin importarle echarle encima su unidad a un jetta verde que fren\u00f3 y pit\u00f3\u2026 yo ya accionaba el timbre para bajar. Mientras, el conductor se hac\u00eda de palabras con aqu\u00e9l al que se le cerr\u00f3.<br \/>\u00bfPor qu\u00e9 conduce as\u00ed? Me pregunt\u00f3 mi hijo.<br \/>Ha de cargar con una frustraci\u00f3n incre\u00edble que s\u00f3lo puede superarla sinti\u00e9ndose poderoso manejando de ese modo\u2026 alcanc\u00e9 a decirle.<br \/>Entonces recuerdo a esa adolescente, que entre llanto, narra c\u00f3mo el conductor de un autob\u00fas de servicio urbano pasa en tres ocasiones por el cuerpo de su padre.<br \/>El motivo, un pensamiento est\u00fapido que dice que \u201csale m\u00e1s barato muerto que vivo\u201d.<br \/>Esto ocurri\u00f3 en el puerto jarocho la semana pasada.<br \/>Y me acuerdo de la convocatoria de Fernando Mendoza N\u00fa\u00f1ez, para crear una red civil\/social que ponga un alto a la \u201cmasacre\u201d (as\u00ed llama a los muertos por choferes de Urbano) de ese \u00bfservicio?<br \/>Mendoza N\u00fa\u00f1ez llama a la manifestaci\u00f3n y al llamado de cuentas a actores involucrados, en los que entiendo, est\u00e1n Tr\u00e1nsito Municipal, concesionarios del Servicio Urbano, Procuradur\u00eda General de Justicia, Diputados locales y sobre todo: Los ciudadanos, usuarios o no.<br \/>\u00bfSoluciones?<br \/>Por un lado, o\u00ed a Antonio G\u00f3mez Anell, platicar sobre Profesionalizar el oficio de Chofer de Urbano.<br \/>Ser\u00eda ideal que el Servicio Urbano contara con choferes y no con cafres.<br \/>Adem\u00e1s, al menos en Xalapa no los percibo, ser\u00eda interesante ver a patrulleros los s\u00e1bados y domingos que vigilaran las rutas en las que pueden tomar como pistas de carreras estos se\u00f1ores.<br \/>Igual, ser\u00eda bueno ver qu\u00e9 hacen nuestros diputados al respecto porque al menos, cada semana, hay m\u00e1s de dos muertos por responsabilidad de estos choferes.<br \/>All\u00ed hay un problema grave que ni los Tr\u00e1nsitos locales ni los diputados han hecho algo por frenar, como bien menciona Mendoza N\u00fa\u00f1ez, esta masacre.<br \/>Quiz\u00e1s el poco inter\u00e9s que tienen nuestras autoridades por atender este problema se deba a la comodidad de su veh\u00edculo. Incluso, se deber\u00eda pensar en que al menos, dos veces por semana, diputados y autoridades de tr\u00e1nsito municipal, ocupara este \u201cservicio\u201d y vieran lo que se siente\u2026<br \/>S\u00ed\u2026 a lo mejor no se hace nada, pero entonces, seguir\u00e1n familias en luto, las calles de Xalapa y Veracruz (no s\u00e9 si en su ciudad ocurra lo mismo) se estar\u00e1n manchando a\u00fan de sangre y dolor, viendo c\u00f3mo padres, hijos, esposas, esposos, lloran ante el cad\u00e1ver de su amado por alguien que, tras un volante, se siente el due\u00f1o del mundo.<br \/>Mientras, les aseguro, prefiero caminar, pero subirme a un servicio \u201curbano\u201d \u00a1ni loco!<\/p>\n<p>PD<br \/>Ah, quien quiera participar, opinar o hablar con Fernando Mendoza N\u00fa\u00f1ez, puede hacerlo, si vive en el Puerto, a este celular: 2291-61-51-68 o al correo electr\u00f3nico ttangoo_fer@hotmail.com<\/p>\n","protected":false},"excerpt":{"rendered":"<p>Salvador Mu\u00f1ozLos Pol\u00edticos Evito al m\u00e1ximo subirme a cualquier unidad del Servicio Urbano aqu\u00ed en Xalapa porque, sencillamente, me lleno de pavor. A mi hijo le encantan los \u201curbanos\u201d y mi esposa e hija acaban por convencerme para tomar un cami\u00f3n en lugar de taxi.El viaje, de no ser por uno que otro tope, no [&hellip;]<\/p>\n","protected":false},"author":1,"featured_media":0,"comment_status":"open","ping_status":"open","sticky":false,"template":"","format":"standard","meta":{"_jetpack_newsletter_access":"","_jetpack_dont_email_post_to_subs":false,"_jetpack_newsletter_tier_id":0,"_jetpack_memberships_contains_paywalled_content":false,"_jetpack_memberships_contains_paid_content":false,"footnotes":""},"categories":[1],"tags":[],"class_list":["post-8476","post","type-post","status-publish","format-standard","hentry","category-sin-categoria"],"jetpack_featured_media_url":"","jetpack_sharing_enabled":true,"jetpack_shortlink":"https:\/\/wp.me\/p4Qcd3-2cI","_links":{"self":[{"href":"https:\/\/lospoliticosveracruz.com.mx\/index.php?rest_route=\/wp\/v2\/posts\/8476","targetHints":{"allow":["GET"]}}],"collection":[{"href":"https:\/\/lospoliticosveracruz.com.mx\/index.php?rest_route=\/wp\/v2\/posts"}],"about":[{"href":"https:\/\/lospoliticosveracruz.com.mx\/index.php?rest_route=\/wp\/v2\/types\/post"}],"author":[{"embeddable":true,"href":"https:\/\/lospoliticosveracruz.com.mx\/index.php?rest_route=\/wp\/v2\/users\/1"}],"replies":[{"embeddable":true,"href":"https:\/\/lospoliticosveracruz.com.mx\/index.php?rest_route=%2Fwp%2Fv2%2Fcomments&post=8476"}],"version-history":[{"count":0,"href":"https:\/\/lospoliticosveracruz.com.mx\/index.php?rest_route=\/wp\/v2\/posts\/8476\/revisions"}],"wp:attachment":[{"href":"https:\/\/lospoliticosveracruz.com.mx\/index.php?rest_route=%2Fwp%2Fv2%2Fmedia&parent=8476"}],"wp:term":[{"taxonomy":"category","embeddable":true,"href":"https:\/\/lospoliticosveracruz.com.mx\/index.php?rest_route=%2Fwp%2Fv2%2Fcategories&post=8476"},{"taxonomy":"post_tag","embeddable":true,"href":"https:\/\/lospoliticosveracruz.com.mx\/index.php?rest_route=%2Fwp%2Fv2%2Ftags&post=8476"}],"curies":[{"name":"wp","href":"https:\/\/api.w.org\/{rel}","templated":true}]}}