{"id":8477,"date":"2009-09-13T21:04:00","date_gmt":"2009-09-13T21:04:00","guid":{"rendered":"http:\/\/www.lospoliticosveracruz.com.mx\/?p=8477"},"modified":"2014-10-08T19:04:52","modified_gmt":"2014-10-08T19:04:52","slug":"fundaciones-patito","status":"publish","type":"post","link":"https:\/\/lospoliticosveracruz.com.mx\/?p=8477","title":{"rendered":"Fundaciones Patito"},"content":{"rendered":"<p><strong>Claudia Guerrero Mart\u00ednez<\/strong><br \/><em>Entre lo ut\u00f3pico y lo verdadero<\/em><\/p>\n<p>Est\u00e1 proliferando una nueva  moda  entre los pol\u00edticos de Veracruz. Funcionarios en este gabinete y  actuales diputados   federales,  de repente est\u00e1n interesados en ayudar a los pobres y desvalidos, con el af\u00e1n \u201cdesinteresado\u201d de apoyar,  para que tengan,  una mejor calidad de vida. Este pensamiento filantr\u00f3pico  ser\u00eda excelente, ante tanta crisis, sino no tuviese el inter\u00e9s oscuro de ayudar,  a cambio del n\u00famero de credencial de elector, erradicando  as\u00ed, la realidad del objetivo.<br \/>Los intereses personales se anteponen ante la obligaci\u00f3n del servidor p\u00fablico, que est\u00e1 ah\u00ed para trabajar por los veracruzanos, encomienda olvidada cuando se jerarquiza la necesidad del partido pol\u00edtico en el poder.  La  integraci\u00f3n de Fundaciones AC, con la firme finalidad de ayudar \u201ca personas vulnerables\u201d, es una falacia, un chiste, pues s\u00f3lo quieren que el ciudadano vote por el candidato o por el partido. Esa es la realidad, pues somos utilizados con el firme prop\u00f3sito de ganar, a\u00fan cuando se tenga que regalar  l\u00e1minas, despensas, bicicletas, electrodom\u00e9sticos, becas,  medicinas, placas de taxi, y hasta casa de inter\u00e9s social. <br \/>Para entender lo que es una Fundaci\u00f3n,  el concepto que encontramos en la Real Academia de la lengua es: \u201cFundaci\u00f3n es una instituci\u00f3n patrimonial,  figura jur\u00eddica bajo el derecho civil como p\u00fablico, sin fines de lucro, apoyada en un individuo o un grupo, con el fin de estimular actividades filantr\u00f3picas de beneficio social, cultural, cient\u00edfico, entre otros,  por medio de becas y financiamiento de proyectos.  Puede ser  Asociaci\u00f3n, Patronato, Fundaci\u00f3n,  Comit\u00e9s, Centros, Uniones e  Institutos, con donataria autorizada o no permitida.<br \/>Las fundaciones no son nuevas. Desde hace 20 a\u00f1os, existen  algunas ya reconocidas  y que han ayudado a personas de bajos recursos, apol\u00edticas y en verdad tienen el inter\u00e9s de la filantrop\u00eda. Entre ellas Caritas AC,  Matraca AC  Fundaci\u00f3n Tony AC,  as\u00ed como Fundaci\u00f3n Tokoneme AC,  Fundaci\u00f3n Universidad Veracruzana AC, Fundaci\u00f3n Veracruzana Pro Asistencia Social Vera-Sol AC,  Fundaci\u00f3n CRIVER, I.A.P. Veracruz, entre otras. Algo muy importante, es que est\u00e1n  registradas en  el Centro Mexicano para la Filantrop\u00eda,  CEMEFI, con antig\u00fcedad de 20 a\u00f1os, quienes tienen en su censo a \u00e9stas fundaciones y  a mil trescientas m\u00e1s, en su m\u00e1s reciente actualizaci\u00f3n el 9 de septiembre. Esta lista la puede ver en la p\u00e1gina www.cemefi.org, en el apartado directorio,  de esta Organizaci\u00f3n  Civil privada, sin fines de lucro y reconocida por el Gobierno Federal.<br \/>En la pol\u00edtica, muy al contrario con estas  asociaciones civiles, algunos \u201cvivales\u201d  se dieron cuenta de las bondades  para  bajar recursos federales etiquetados  y donaciones de personas muy  cuestionadas por el origen de sus fortunas, sin un control federal exigente,  para  la integraci\u00f3n de una Fundaci\u00f3n AC, en  el rubro de ayuda a los m\u00e1s necesitados. Ante esto,   recientemente pululan  fundaciones de pol\u00edticos fugaces, que en sexenios anteriores no figuraban  y ahora, son grandes fil\u00e1ntropos interesados en \u201cAyudar a los m\u00e1s vulnerables. Estas nuevas fundaciones han figurado en medios de comunicaci\u00f3n  institucionales, para que sean  publicitadas, con fines propagand\u00edsticos, mareando a los ciudadanos y   vendi\u00e9ndoles  la idea de  ayudar a todo aquel que lo necesite.<br \/>Hay varias,  que saltan al escenario pol\u00edtico con un inter\u00e9s personal, como la  Fundaci\u00f3n Carolina Gudi\u00f1o, la cual fue inscrita en acta constitutiva el 3 de junio del 2006, ante el notario P\u00fablico  Pablo P\u00e9rez Kuri,  quien es a\u00f1ejo candidato  priista perdedor de varias candidaturas en Veracruz y es  integrada  por Constantino Ventura, Carmen Mat\u00edas S\u00e1mano, Bernardo Aguilera, Ivonne Moreno, Eligio Trejo y M\u00f3nica Mendoza. Esta Asociaci\u00f3n Civil es utilizada como plataforma para fines electorales y no ayud\u00f3 en la primera candidatura de la actual diputada federal,  pues perdi\u00f3 en el 2006, de manera estrepitosa. Aprendi\u00f3 la lecci\u00f3n y ahora, esta Fundaci\u00f3n entrega ayuda  que proviene del DIF Estatal y el Gobierno del Estado, para sostener los proyectos de esta elocuente pol\u00edtica, quien  goza  del  total respaldo de Fidel Herrera Beltr\u00e1n.<br \/>Otra m\u00e1s es la de Alfredo G\u00e1ndara Andrade, llamada Fundaci\u00f3n AGA, \u201cHagamos m\u00e1s por todos\u201d,  la cual trabaja exclusivamente en Poza Rica, regalando bicicletas, electrodom\u00e9sticos, despensas y l\u00e1minas, tambi\u00e9n provenientes del DIF Estatal. Este corpulento funcionario, quien su servidora ha cuestionado su capacidad en la Direcci\u00f3n de Comunicaci\u00f3n Social, pero adem\u00e1s, la caja chica que se maneja en esta dependencia, con el pago de facturas a medios fantasmas, el diezmo en publicaciones, el trueque con medios de comunicaci\u00f3n estatales y la represi\u00f3n absoluta a medios de comunicaci\u00f3n independientes.  Tambi\u00e9n hay que recalcar  que todo lo que regala en su municipio, al que desea ser  Alcalde o diputado local, proviene, en la mayor\u00eda de los casos, de los regalos que repart\u00edan a empleados de Comunicaci\u00f3n Social, a quienes  les dieron cero Reyes Magos; Cero D\u00eda de las Madres y  cero D\u00eda del Padre, s\u00f3lo un chocolate con la foto de la mam\u00e1 de Fidel Herrera Beltr\u00e1n. Por su sobrepeso y enfermedades cr\u00f3nicas, estamos seguros, no podr\u00e1 hacer campa\u00f1a, por eso su imperiosa justificaci\u00f3n de crear esta fundaci\u00f3n, para as\u00ed, minimizar la ola de malos  comentarios que tendr\u00e1 de la ciudadan\u00eda pozarricense. Adem\u00e1s, habr\u00e1 un candidato que le har\u00e1  sombra,  de nombre No\u00e9 P\u00e9rez, quien tambi\u00e9n quiere ser diputado local y cuenta con su Fundaci\u00f3n llamada  \u201cTiempo de Ayudar a Tiempo\u201d.<br \/>No debemos olvidar a Javier Duarte de Ochoa,  exsecretario de SEFIPLAN y todav\u00eda diputado federal. El hombre que siempre ha estado agradecido con Fidel Herrera, porque  vio en \u00e9l,  sus dotes  serviciales y la gran capacidad de ser fiel, a\u00fan cuando sea utilizado  para el golpeteo y desv\u00edo de atenci\u00f3n  medi\u00e1tica rumbo al 201o. Duarte de Ochoa,  crey\u00f3  en  la promesa  firmada en el hielo y  crea la Fundaci\u00f3n \u201cJuntos Decidimos\u201d, fincada en C\u00f3rdoba, en la cual ha regalado,  al igual que los antes citados, despensas, medicinas, l\u00e1minas, bicicletas, provenientes del DIF Estatal. <br \/>Adem\u00e1s, la creaci\u00f3n del proyecto   \u201cSigue\u201d, en la que entreg\u00f3 cinco mil becas, mismas provenientes de Universidades y  Escuelas  Privadas, las cuales   por ley,  se deben  dar el 20% de becas  cada ciclo escolar. Esto lo tradujeron y manipularon  para su conveniencia pol\u00edtica, poniendo la cereza en el pastel con  la asistencia del Gobernador Fidel Herrera Beltr\u00e1n,  quien se supo,  pidi\u00f3 apoyo a Televisa y a la empresa NN Veracruz. Mientras,  no qued\u00f3 clara  la lista de afortunados por estas becas, s\u00f3lo los 30 j\u00f3venes a quienes se les entregaron simb\u00f3licamente y lo dem\u00e1s,  qued\u00f3 en el limbo. Lo que en  verdad jal\u00f3 multitudes, no fue ni  Javier Duarte, ni Fidel Herrera, ni los alcaldes , funcionarios y diputados obligados a la asistencia, sino el concierto de Emmanuel, quien todav\u00eda sigue levantando suspiros, sus canciones est\u00e1n vigentes y el peque\u00f1o detalle de ser el yerno de Miguel Alem\u00e1n Velasco, priista de coraz\u00f3n. <br \/>En la p\u00e1gina institucional de Javier Duarte www.juntosdecidimos.com, es un compendio de egolatr\u00eda con fotos en forma de colage y una visi\u00f3n-misi\u00f3n poco entendible, en la cual expone textualmente: \u201cIndependientemente de su credo, ideolog\u00eda o filiaci\u00f3n pol\u00edtica,  tenga vocaci\u00f3n de servicio y algo que aportar a su comunidad, ya sea trabajo, recursos, talento y servicios de diversa \u00edndole\u201d,  adem\u00e1s,  no se comprende la verdadera intenci\u00f3n de la creaci\u00f3n de la Fundaci\u00f3n Juntos Decidimos. En la p\u00e1gina  www.nnveracruz.com, bajo la direcci\u00f3n de Ignacio Nolasco,  tambi\u00e9n  publicita  la Fundaci\u00f3n de Javier Duarte,  adem\u00e1s de fotos  elocuentes y es una de las tantas plataformas que le apuestan a Duarte de Ochoa como candidato a la Gobernatura de Veracruz, a\u00fan cuando la decisi\u00f3n,  proviene de las altas esferas pol\u00edticas nacionales.<br \/>Cabe mencionar, que estas  fundaciones trabajan en forma ilegal, pues  ocupan la irregularidad, vestida y maquillada de una  legalidad d\u00e9bil, ya que  los recursos que bajan para una ficticia ayuda a personas vulnerables, son en verdad, utilizados para campa\u00f1as electorales y proselitistas. Adem\u00e1s, no cuentan con el respaldo  del CEMEFI, ni tampoco est\u00e1 dados de alta ante la Secretar\u00eda de Hacienda y  Cr\u00e9dito P\u00fablico Federal, trabajando de manera fraudulenta. Pero eso no es todo, estas fundaciones, son nichos para el lavado de dinero, recursos provenientes de negocios ilegales y hasta nos atrevemos a decir del crimen organizado. Esto no es nuevo, pues cu\u00e1ntas veces se ha publicado la relaci\u00f3n del narcotr\u00e1fico en las elecciones estatales y federales, como pago de protecci\u00f3n a futuro. Digamos\u2026 Compa\u00f1eros que acuerdan el futuro  y la seguridad de Veracruz, en cada sexenio\u2026.<\/p>\n<p>PD: Ante este medio, felicito al Dr. Raciel  D. Mart\u00ednez  G\u00f3mez, excelente  acad\u00e9mico y reconocido periodista,   por la presentaci\u00f3n de su libro sobre Estudios Interculturales. La cita es  este lunes, a las  6 de la tarde,  en  la calle JJ  Herrera,  en donde albergan instalaciones  de Investigaci\u00f3n de la Universidad Veracruzana. Ah\u00ed te veo, primo\u2026<\/p>\n<p>Dudas y comentarios<br \/> claudiaguerreromtz@gmail.com<\/p>\n<p>Visite: www.periodicoveraz.com<\/p>\n","protected":false},"excerpt":{"rendered":"<p>Claudia Guerrero Mart\u00ednezEntre lo ut\u00f3pico y lo verdadero Est\u00e1 proliferando una nueva moda entre los pol\u00edticos de Veracruz. Funcionarios en este gabinete y actuales diputados federales, de repente est\u00e1n interesados en ayudar a los pobres y desvalidos, con el af\u00e1n \u201cdesinteresado\u201d de apoyar, para que tengan, una mejor calidad de vida. Este pensamiento filantr\u00f3pico ser\u00eda [&hellip;]<\/p>\n","protected":false},"author":1,"featured_media":0,"comment_status":"open","ping_status":"open","sticky":false,"template":"","format":"standard","meta":{"_jetpack_newsletter_access":"","_jetpack_dont_email_post_to_subs":false,"_jetpack_newsletter_tier_id":0,"_jetpack_memberships_contains_paywalled_content":false,"_jetpack_memberships_contains_paid_content":false,"footnotes":""},"categories":[1],"tags":[],"class_list":["post-8477","post","type-post","status-publish","format-standard","hentry","category-sin-categoria"],"jetpack_featured_media_url":"","jetpack_sharing_enabled":true,"jetpack_shortlink":"https:\/\/wp.me\/p4Qcd3-2cJ","_links":{"self":[{"href":"https:\/\/lospoliticosveracruz.com.mx\/index.php?rest_route=\/wp\/v2\/posts\/8477","targetHints":{"allow":["GET"]}}],"collection":[{"href":"https:\/\/lospoliticosveracruz.com.mx\/index.php?rest_route=\/wp\/v2\/posts"}],"about":[{"href":"https:\/\/lospoliticosveracruz.com.mx\/index.php?rest_route=\/wp\/v2\/types\/post"}],"author":[{"embeddable":true,"href":"https:\/\/lospoliticosveracruz.com.mx\/index.php?rest_route=\/wp\/v2\/users\/1"}],"replies":[{"embeddable":true,"href":"https:\/\/lospoliticosveracruz.com.mx\/index.php?rest_route=%2Fwp%2Fv2%2Fcomments&post=8477"}],"version-history":[{"count":0,"href":"https:\/\/lospoliticosveracruz.com.mx\/index.php?rest_route=\/wp\/v2\/posts\/8477\/revisions"}],"wp:attachment":[{"href":"https:\/\/lospoliticosveracruz.com.mx\/index.php?rest_route=%2Fwp%2Fv2%2Fmedia&parent=8477"}],"wp:term":[{"taxonomy":"category","embeddable":true,"href":"https:\/\/lospoliticosveracruz.com.mx\/index.php?rest_route=%2Fwp%2Fv2%2Fcategories&post=8477"},{"taxonomy":"post_tag","embeddable":true,"href":"https:\/\/lospoliticosveracruz.com.mx\/index.php?rest_route=%2Fwp%2Fv2%2Ftags&post=8477"}],"curies":[{"name":"wp","href":"https:\/\/api.w.org\/{rel}","templated":true}]}}