{"id":84903,"date":"2022-01-19T13:01:04","date_gmt":"2022-01-19T19:01:04","guid":{"rendered":"https:\/\/lospoliticosveracruz.com.mx\/?p=84903"},"modified":"2022-01-19T13:01:10","modified_gmt":"2022-01-19T19:01:10","slug":"va-porque-va","status":"publish","type":"post","link":"https:\/\/lospoliticosveracruz.com.mx\/?p=84903","title":{"rendered":"Va porque va!"},"content":{"rendered":"\n<p><\/p>\n\n\n\n<p><br><strong>Adriana Mu\u00f1oz<\/strong><br><em>Sin Rencores<\/em><\/p>\n\n\n\n<p><br>\u00abSeg\u00fan yo lo veo, si quieres el arco iris, tienes que aguantar la lluvia\u00bb. Dolly Parton.<\/p>\n\n\n\n<p><br>\u00bfNO QUE NO?\u2026<br>La revocaci\u00f3n de mandato va porque va.<br>\u00bfPero qu\u00e9 es y por qu\u00e9 el debate?<br>Se entiende por revocaci\u00f3n la decisi\u00f3n de una administraci\u00f3n de cancelar jur\u00eddicamente un acto anterior que puede darse por motivos de legalidad, en el caso de que el acto est\u00e9 viciado de nulidad o anulabilidad, pero tambi\u00e9n por motivos de oportunidad.<br>En M\u00e9xico, el presidente Andr\u00e9s Manuel L\u00f3pez Obrador, plante\u00f3 el ejercicio de esta figura para marzo pr\u00f3ximo y recientemente el consejo general del INE determin\u00f3 que por falta de presupuesto seria pospuesto algo que de inmediato desat\u00f3 el debate a nivel nacional entre las diversas fuerzas pol\u00edticas.<br>\u00bfPero en si que pasar\u00eda en el escenario de la realizaci\u00f3n del mismo?<br>La revocaci\u00f3n del mandato es un derecho pol\u00edtico por medio del cual los ciudadanos dan por terminado el periodo que le han conferido a un gobernante y no s\u00f3lo quienes lo eligieron pueden participar sino que todos los ciudadanos tienen derecho a hacerlo.<br>Luego entonces, es el derecho constitucional que tiene todo mexicano a decir si quiere que se mantenga o no, en este caso, el Presidente Andr\u00e9s Manuel L\u00f3pez Obrador en el cargo, de quien dicho sea de paso, surgi\u00f3 la propuesta de ejercer esta figura jur\u00eddica por primera vez en la historia de la pol\u00edtica mexicana.<br>Independientemente de lo que argumenta el INE, usted como ciudadano, \u00bfest\u00e1 de acuerdo en que se lleve a cabo la consulta por revocaci\u00f3n de mandato? \u00bfConsidera apropiado que por primera vez un presidente se someta al mandato del pueblo a mitad de su administraci\u00f3n? \u00bfRecuerda usted alg\u00fan mandatario que en funciones haya propuesto o aceptado someterse a lo que constitucionalmente est\u00e1 establecido?<br>La respuesta a esta \u00faltima pregunta es no. Hist\u00f3ricamente ning\u00fan presidente de Mexico se ha enfrentado por mutuo propio a esta prueba, luego entonces, \u00bfde verdad el<br>Problema es \u00fanicamente el presupuesto como asegura el INE?<br>Sin duda, un tema de profundo an\u00e1lisis.<br>&#8212;\/\/\/&#8212;<br>VALIDARON FIRMAS\u2026<br>Ayer, el Registro Federal de Electores, inform\u00f3 que se recibieron m\u00e1s de 11 millones de firmas, las cuales pasaron por una clasificaci\u00f3n, revisi\u00f3n, depuraci\u00f3n, captura y compulsa contra la lista nominal, y al haberse validado las estipuladas en la ley se tienen las condiciones para que el Consejo General haga el anuncio de la convocatoria formal.<br>Del mismo modo, seguir\u00e1n los trabajos de revisi\u00f3n del resto de las firmas para garantizar derechos, teniendo claro que hay en curso una definici\u00f3n de que tanta cobertura se tendr\u00e1 en el ejercicio en funci\u00f3n de los recursos p\u00fablicos invertidos para tales efectos.<br>&#8212;-\/\/\/&#8212;<br>BLINDAN ELECCIONES\u2026<br>En las entidades donde habr\u00e1 elecciones el pr\u00f3ximo a\u00f1o.<br>El secretario de Gobernaci\u00f3n, Ad\u00e1n Augusto L\u00f3pez Hern\u00e1ndez, la secretaria de Seguridad y Protecci\u00f3n Ciudadana, Rosa Icela Rodr\u00edguez Vel\u00e1zquez, y el consejero presidente del Instituto Nacional Electoral (INE), Lorenzo C\u00f3rdova Vianello, sostuvieron un encuentro para definir la Estrategia de Protecci\u00f3n en el Contexto Electoral 2022.<br>El prop\u00f3sito es acompa\u00f1ar los comicios que se realizar\u00e1n este a\u00f1o en Aguascalientes, Durango, Hidalgo, Oaxaca, Quintana Roo y Tamaulipas, as\u00ed como las elecciones extraordinarias en diversos municipios y la consulta para la Revocaci\u00f3n de Mandato.<br>Se buscar\u00e1 detectar amenazas, riesgos y vulnerabilidades para prevenir, evitar y sancionar acciones de la delincuencia en el contexto electoral, lo cual incluye reforzar la seguridad en las entidades.<br>En la reuni\u00f3n estuvieron presentes el subsecretario de Seguridad P\u00fablica de la SSPC, Ricardo Mej\u00eda Berdeja; el jefe de Oficina del secretario de Gobernaci\u00f3n, Jos\u00e9 Antonio De la Vega Asmitia; el titular de la Unidad de Pol\u00edticas y Estrategias para la Construcci\u00f3n de Paz en Entidades Federativas y Regiones de la SSPC, Carlos Augusto Morales L\u00f3pez; y el secretario ejecutivo del INE, Edmundo Jacobo Molina.<br>&#8212;\/\/\/&#8212;<br>ISLE\u00d1O\u2026<br>Se aprieta el cintur\u00f3n.<br>Marcos Isle\u00f1o ordena reducir 50 por ciento salario de directores y jefes de \u00e1rea como parte de la reingenier\u00eda financiera implementada en el ayuntamiento para optimizar el gasto corriente y liquidar las deudas heredadas, el presidente Marcos Isle\u00f1o Andrade anunci\u00f3 que la reducci\u00f3n del 50 por ciento salarial para el personal de confianza, lo incluye como alcalde adem\u00e1s de directores y jefes de departamento.<br>Dicha reducci\u00f3n salarial se aplic\u00f3 desde la primera quincena de enero y tendr\u00eda una vigencia de un a\u00f1o, generando con ello un ahorro aproximado de 12 millones de pesos que ser\u00e1n utilizados para solventar parte de los pasivos que dej\u00f3 la anterior administraci\u00f3n.<br>El edil especific\u00f3 que los ahorros generados tras esta iniciativa se destinar\u00e1n para pagar la deuda de aproximadamente 40 millones de pesos a la Comisi\u00f3n Federal de Electricidad (CFE) y la del Instituto de Pensiones del Estado (IPE), que asciende a 12 millones de pesos.<br>Esta medida no afectar\u00e1 en nada la operatividad de los servicios p\u00fablicos en el municipio, al contrario, el prop\u00f3sito es mejorarlos para beneficio de los medellinenses.<br>&#8212;\/\/\/&#8212;<br>M\u00c1S EXALCALDES\u2026<br>En la mira.<br>Las autoridades de Veracruz investigan la presunta relaci\u00f3n que existe entre el ex alcalde panista de Tres Valles, as\u00ed como el ex edil y nuevo alcalde -ambos priistas- de Carlos A. Carrillo, con grupos delincuenciales responsables de la masacre de Isla, en donde aparecieron nueve cuerpos asesinados en la carretera La Tinaja-Cosoleacaque.<br>Esto fue lo que se\u00f1al\u00f3 el gobernador de Veracruz, Cuitl\u00e1huac Garc\u00eda Jim\u00e9nez, al afirmar que se investiga el presunto v\u00ednculo que tendr\u00eda el ex alcalde de Tres Valles, el panista Jos\u00e9 Manuel D\u00edaz Rodr\u00edguez, con un delincuente apodado \u00abEl Gallero\u00bb. Lo mismo en el caso del ex alcalde priista de Carlos A. Carrillo, Francisco Molina Arrioja y el nuevo alcalde de extracci\u00f3n priista On\u00e1n Hern\u00e1ndez L\u00f3pez.<br>Durante la conferencia de prensa del pasado lunes, el ejecutivo afirm\u00f3 que aunque los cuerpos aparecieron en Isla, la agresi\u00f3n se trata de un ataque entre dos bandas de Tres Valles y Carlos A. Carrillo.<br>&#8212;\/\/\/&#8211;<br>LA DEFENSA\u2026<br>Ni juez ni parte.<br>El ejecutivo de Veracruz reiter\u00f3 que el video en el que un grupo delincuencial acusa al secretario de Gobierno, Eric Patrocinio Cisneros Burgos, de proteger a una banda rival se trata de un montaje en el que incluso se habr\u00eda dictado el mensaje que se dio.<br>Garc\u00eda Jim\u00e9nez defendi\u00f3 as\u00ed al segundo a bordo de su administraci\u00f3n y neg\u00f3 que sea \u00abjuez y parte\u00bb en la investigaci\u00f3n de la masacre ocurrida en Isla, pues dijo que no tiene las atribuciones.<br>Adem\u00e1s, dijo que si tuviera dudas sobre alguno de sus colaboradores, \u00abya lo hubiera despedido\u00bb, algo que no va a suceder.<br>&#8212;\/\/\/&#8211;<br>PERO QUIEN\u2026<br>Una vez m\u00e1s demostr\u00f3 que primero est\u00e1n sus afectos es el presidente AMLO.<br>Y es que antes de finalizar el enlace durante la ma\u00f1anera, con motivo de la vacunaci\u00f3n a docentes, el presidente Andr\u00e9s Manuel L\u00f3pez Obrador env\u00edo un mensaje solidario y pol\u00edtico al gobernador Cuitl\u00e1huac Garc\u00eda Jim\u00e9nez:<br>\u00abEstamos contigo, siempre\u00bb, fue m\u00e1s de un padre a un hijo que de un presidente a un gobernador de su partido.<br>El mensaje se enmarca en el contexto de los ataques y acusaciones infundadas que ha recibido el Gobernador por parte de opositores como el caso de Bryan LeBar\u00f3n quien solicit\u00f3 al presidente de Estados Unidos, Joe Bien, una investigaci\u00f3n de los nexos entre carteles y el Gobierno de Veracruz.<br>El enlace a la conferencia matutina dur\u00f3 alrededor de 4 minutos y fue para que el Gobernador de Veracruz diera cuenta del avance que se tuvo en el primer d\u00eda de la aplicaci\u00f3n de la dosis de refuerzo al magisterio.<br>Tanto Garc\u00eda Jim\u00e9nez como L\u00f3pez Obrador agradecieron el trabajo coordinado y en ese tenor env\u00edo tambi\u00e9n su felicitaci\u00f3n a las y los maestros por su activa participaci\u00f3n.<br>&#8212;-\/\/\/\/&#8211;<br>RFC\u2026<br>La propuesta del Servicio de Administraci\u00f3n Tributaria (SAT) para que a partir de este 2022 sea obligatorio que las personas mayores de 18 a\u00f1os se inscriban al Registro Federal de Contribuyentes (RFC) ha causado diversas dudas e inquietud sobre si este nuevo requisito implica sanciones a los j\u00f3venes que alcancen la mayor\u00eda de edad, pero \u00bfqu\u00e9 implica este cambio?<br>La propuesta obedece a la intenci\u00f3n del SAT de fomentar la cultura c\u00edvica y fiscal de las personas que reci\u00e9n cumplen 18 a\u00f1os o est\u00e1n en ese umbral de edad y evitar el robo de identidad adem\u00e1s, el padr\u00f3n de contribuyentes de personas f\u00edsicas se integra por asalariados, sujetos no obligados y el resto a los distintos reg\u00edmenes.<br>De tal suerte que todos los mayores de 18 a\u00f1os que se registrar\u00e1n en el Registro federal de contribuyentes van a estar en el grupo de sujetos no obligados, esto quiere decir que los j\u00f3venes \u00abno tienen que hacer absolutamente nada, no tienen que presentar declaraciones y no tienen que hacer avisos\u00bb dijo.<br>As\u00ed, los j\u00f3venes que reciban de sus padres mesadas (dinero para gastos cotidianos o escuela) o becas, tampoco tendr\u00e1n ninguna obligaci\u00f3n, porque ese dinero no es un ingreso y no hay una factura electr\u00f3nica de por medio.<br>La obligatoriedad del RFC tambi\u00e9n tiene que ver con evitar el robo de identidad y una medida contra las factureras, ya que un modo de operar de esos defraudadores es utilizar los nombres y datos de personas para dar de alta empresas fachada o registrarlos como due\u00f1os de empresas o diferentes propiedades.<br>Se trata pues, de concientizar a la ciudadan\u00eda de que es un deber c\u00edvico aportar su contribuci\u00f3n porque las contribuciones se utilizan para garantizar servicios y bienes p\u00fablicos. De igual forma, se busca generar una cultura fiscal donde todo mundo sepa que en cualquier momento tiene que llegar a contribuir con su pa\u00eds cuando reciba alg\u00fan tipo de ingreso.<br>Nos leemos ma\u00f1ana.<br>Buen mi\u00e9rcoles.<\/p>\n\n\n\n<p>e-mail: sinrencorespuntocom@gmail.com<\/p>\n","protected":false},"excerpt":{"rendered":"<p>Adriana Mu\u00f1ozSin Rencores \u00abSeg\u00fan yo lo veo, si quieres el arco iris, tienes que aguantar la lluvia\u00bb. Dolly Parton. \u00bfNO QUE NO?\u2026La revocaci\u00f3n de mandato va porque va.\u00bfPero qu\u00e9 es y por qu\u00e9 el debate?Se entiende por revocaci\u00f3n la decisi\u00f3n de una administraci\u00f3n de cancelar jur\u00eddicamente un acto anterior que puede darse por motivos de [&hellip;]<\/p>\n","protected":false},"author":2,"featured_media":0,"comment_status":"closed","ping_status":"closed","sticky":false,"template":"","format":"standard","meta":{"_jetpack_newsletter_access":"","_jetpack_dont_email_post_to_subs":false,"_jetpack_newsletter_tier_id":0,"_jetpack_memberships_contains_paywalled_content":false,"_jetpack_memberships_contains_paid_content":false,"footnotes":""},"categories":[70],"tags":[23135,618,13461,554,2717,19748,1026,14240,195],"class_list":["post-84903","post","type-post","status-publish","format-standard","hentry","category-de-opinion","tag-adriana-munoz","tag-andres-manuel-lopez-obrador","tag-eric-patrocinio-cisneros-burgos","tag-ine","tag-lorenzo-cordova-vianello","tag-marcos-isleno","tag-morena","tag-revocacion-de-mandato","tag-veracruz"],"jetpack_featured_media_url":"","jetpack_sharing_enabled":true,"jetpack_shortlink":"https:\/\/wp.me\/p4Qcd3-m5p","_links":{"self":[{"href":"https:\/\/lospoliticosveracruz.com.mx\/index.php?rest_route=\/wp\/v2\/posts\/84903","targetHints":{"allow":["GET"]}}],"collection":[{"href":"https:\/\/lospoliticosveracruz.com.mx\/index.php?rest_route=\/wp\/v2\/posts"}],"about":[{"href":"https:\/\/lospoliticosveracruz.com.mx\/index.php?rest_route=\/wp\/v2\/types\/post"}],"author":[{"embeddable":true,"href":"https:\/\/lospoliticosveracruz.com.mx\/index.php?rest_route=\/wp\/v2\/users\/2"}],"replies":[{"embeddable":true,"href":"https:\/\/lospoliticosveracruz.com.mx\/index.php?rest_route=%2Fwp%2Fv2%2Fcomments&post=84903"}],"version-history":[{"count":1,"href":"https:\/\/lospoliticosveracruz.com.mx\/index.php?rest_route=\/wp\/v2\/posts\/84903\/revisions"}],"predecessor-version":[{"id":84905,"href":"https:\/\/lospoliticosveracruz.com.mx\/index.php?rest_route=\/wp\/v2\/posts\/84903\/revisions\/84905"}],"wp:attachment":[{"href":"https:\/\/lospoliticosveracruz.com.mx\/index.php?rest_route=%2Fwp%2Fv2%2Fmedia&parent=84903"}],"wp:term":[{"taxonomy":"category","embeddable":true,"href":"https:\/\/lospoliticosveracruz.com.mx\/index.php?rest_route=%2Fwp%2Fv2%2Fcategories&post=84903"},{"taxonomy":"post_tag","embeddable":true,"href":"https:\/\/lospoliticosveracruz.com.mx\/index.php?rest_route=%2Fwp%2Fv2%2Ftags&post=84903"}],"curies":[{"name":"wp","href":"https:\/\/api.w.org\/{rel}","templated":true}]}}