{"id":84913,"date":"2022-01-19T14:13:38","date_gmt":"2022-01-19T20:13:38","guid":{"rendered":"https:\/\/lospoliticosveracruz.com.mx\/?p=84913"},"modified":"2022-01-19T14:13:46","modified_gmt":"2022-01-19T20:13:46","slug":"agarren-cobija","status":"publish","type":"post","link":"https:\/\/lospoliticosveracruz.com.mx\/?p=84913","title":{"rendered":"Agarren cobija!"},"content":{"rendered":"\n<p><\/p>\n\n\n\n<p><\/p>\n\n\n\n<p><strong>Xalapa<\/strong><\/p>\n\n\n\n<p><br>Para prevenir cualquier tipo de incidente ante el paso del Frente Fr\u00edo 23, que afectar\u00e1 a la regi\u00f3n a partir de la noche del jueves, la Direcci\u00f3n de Protecci\u00f3n Civil Municipal llam\u00f3 a la poblaci\u00f3n a permanecer abrigada y atenta a los avisos oficiales.<\/p>\n\n\n\n<p>El titular de la dependencia, Luis Sardi\u00f1a Salgado, manifest\u00f3 que es importante que la ciudadan\u00eda se prepare con ropa invernal y cobertores, un dispositivo de comunicaci\u00f3n en el cual seguir la informaci\u00f3n que se brinde del fen\u00f3meno; realizar una revisi\u00f3n de filtraciones de agua o viento en sus hogares y evitar el uso de carb\u00f3n, le\u00f1a o gas para calentar las viviendas.<\/p>\n\n\n\n<p>Explic\u00f3 que el descenso en la temperatura m\u00e1s pronunciado ocurrir\u00e1 el s\u00e1bado, a causa de una masa de aire polar proveniente del norte del continente, por lo que la principal recomendaci\u00f3n es no salir si no es necesario y mantenerse abrigados.<\/p>\n\n\n\n<p>Destac\u00f3 que personal de todas las \u00e1reas del Gobierno Municipal se encuentra atento para que, en caso de ser necesario, se habiliten albergues en espacios como el Gimnasios del Fovissste y la Aldea Meced para atender a quienes lo necesiten.<\/p>\n\n\n\n<p>Esto, en estrecha coordinaci\u00f3n con la Secretar\u00eda de Protecci\u00f3n Civil (SPC) y mandos locales de la Secretar\u00eda de la Defensa Nacional (Sedena), la Secretar\u00eda de Marina (Semar) y la Guardia Nacional (GN).<\/p>\n\n\n\n<p>Finalmente, afirm\u00f3 que la protecci\u00f3n civil es un tema de corresponsabilidad con la poblaci\u00f3n, y reiter\u00f3 el llamado a acatar las instrucciones y recomendaciones de la autoridad, mismas que se difundir\u00e1n a trav\u00e9s de canales oficiales y medios de comunicaci\u00f3n.<\/p>\n","protected":false},"excerpt":{"rendered":"<p>Xalapa Para prevenir cualquier tipo de incidente ante el paso del Frente Fr\u00edo 23, que afectar\u00e1 a la regi\u00f3n a partir de la noche del jueves, la Direcci\u00f3n de Protecci\u00f3n Civil Municipal llam\u00f3 a la poblaci\u00f3n a permanecer abrigada y atenta a los avisos oficiales. El titular de la dependencia, Luis Sardi\u00f1a Salgado, manifest\u00f3 que [&hellip;]<\/p>\n","protected":false},"author":2,"featured_media":0,"comment_status":"closed","ping_status":"closed","sticky":false,"template":"","format":"standard","meta":{"_jetpack_newsletter_access":"","_jetpack_dont_email_post_to_subs":false,"_jetpack_newsletter_tier_id":0,"_jetpack_memberships_contains_paywalled_content":false,"_jetpack_memberships_contains_paid_content":false,"footnotes":""},"categories":[6446],"tags":[16074,195,96],"class_list":["post-84913","post","type-post","status-publish","format-standard","hentry","category-la-nota","tag-luis-sardina-salgado","tag-veracruz","tag-xalapa"],"jetpack_featured_media_url":"","jetpack_sharing_enabled":true,"jetpack_shortlink":"https:\/\/wp.me\/p4Qcd3-m5z","_links":{"self":[{"href":"https:\/\/lospoliticosveracruz.com.mx\/index.php?rest_route=\/wp\/v2\/posts\/84913","targetHints":{"allow":["GET"]}}],"collection":[{"href":"https:\/\/lospoliticosveracruz.com.mx\/index.php?rest_route=\/wp\/v2\/posts"}],"about":[{"href":"https:\/\/lospoliticosveracruz.com.mx\/index.php?rest_route=\/wp\/v2\/types\/post"}],"author":[{"embeddable":true,"href":"https:\/\/lospoliticosveracruz.com.mx\/index.php?rest_route=\/wp\/v2\/users\/2"}],"replies":[{"embeddable":true,"href":"https:\/\/lospoliticosveracruz.com.mx\/index.php?rest_route=%2Fwp%2Fv2%2Fcomments&post=84913"}],"version-history":[{"count":1,"href":"https:\/\/lospoliticosveracruz.com.mx\/index.php?rest_route=\/wp\/v2\/posts\/84913\/revisions"}],"predecessor-version":[{"id":84915,"href":"https:\/\/lospoliticosveracruz.com.mx\/index.php?rest_route=\/wp\/v2\/posts\/84913\/revisions\/84915"}],"wp:attachment":[{"href":"https:\/\/lospoliticosveracruz.com.mx\/index.php?rest_route=%2Fwp%2Fv2%2Fmedia&parent=84913"}],"wp:term":[{"taxonomy":"category","embeddable":true,"href":"https:\/\/lospoliticosveracruz.com.mx\/index.php?rest_route=%2Fwp%2Fv2%2Fcategories&post=84913"},{"taxonomy":"post_tag","embeddable":true,"href":"https:\/\/lospoliticosveracruz.com.mx\/index.php?rest_route=%2Fwp%2Fv2%2Ftags&post=84913"}],"curies":[{"name":"wp","href":"https:\/\/api.w.org\/{rel}","templated":true}]}}