{"id":85003,"date":"2022-01-21T08:18:39","date_gmt":"2022-01-21T14:18:39","guid":{"rendered":"https:\/\/lospoliticosveracruz.com.mx\/?p=85003"},"modified":"2022-01-21T08:18:45","modified_gmt":"2022-01-21T14:18:45","slug":"amlo-y-la-tarjeta-de-bienestar","status":"publish","type":"post","link":"https:\/\/lospoliticosveracruz.com.mx\/?p=85003","title":{"rendered":"AMLO y la tarjeta de bienestar"},"content":{"rendered":"\n<p><\/p>\n\n\n\n<p><\/p>\n\n\n\n<p><strong>Sergio Gonz\u00e1lez Levet<\/strong><\/p>\n\n\n\n<p><em>Sin tacto<\/em><\/p>\n\n\n\n<p><\/p>\n\n\n\n<p>\u00bfSe habr\u00e1 preguntado alguien si el presidente Andr\u00e9s Manuel L\u00f3pez Obrador est\u00e1 incluido en la lista de apoyo \u201cuniversal\u201d de la Secretar\u00eda de Bienestar y est\u00e1 recibiendo sus 3,850 pesos bimestrales?<br>\u200bAh\u00ed hay una trampita para el l\u00edder moral y esencial de Morena (que no es un partido, aunque cobra como partido y participa en las elecciones, y se presenta como movimiento, aunque no lleg\u00f3 al poder por la v\u00eda de la insurrecci\u00f3n popular). Y es una trampa porque tiene dos posibilidades ante la pregunta:<br>\u200bLa primera es que s\u00ed est\u00e9 dado de alta en su programa social, como debiera ser, porque \u00e9l debe poner el ejemplo y acatar los derechos y obligaciones que tiene como ciudadano. Pero entonces sus cr\u00edticos y muchos mexicanos de buena fe no estar\u00edan de acuerdo en que \u00e9l -que cobra un sueldo decoroso, que vive en el Palacio Nacional sin pagar renta ni servicios ni servidumbres, y tiene muchos otros beneficios, aunque lo niegue- reciba cualquier cantidad adicional. Para muchos ser\u00eda el colmo que se embuchacara el monto que podr\u00eda ser destinado a una persona de la tercera edad que s\u00ed necesite esta especie de limosna gubernamental; una limosna social que da y paga el pueblo, no el Gobierno de la Rep\u00fablica y menos Andr\u00e9s Manuel<br>\u200bPero la segunda posibilidad es que el Patriarca de la Cuatrot\u00e9 no est\u00e9 dado de alta como beneficiario de Adultos Mayores, a pesar de sus m\u00e1s de 65 a\u00f1os de edad. Si fuera \u00e9se el caso, sus malquerientes y quienes no est\u00e1n de acuerdo con \u00e9l y su estilo personal de gobernar dir\u00edan que c\u00f3mo es posible que no se atenga a las reglas de este programa precisamente quien las dict\u00f3 y pugna todos los d\u00edas porque se cumplan.<br>\u200bSi est\u00e1, es un aprovechado, piensan unos; si no est\u00e1, es un descre\u00eddo de su propio programa, opinan otros.<br>\u200bCosas del populismo y de las habladas, porque el actual jefe de las instituciones de la Rep\u00fablica es muy dado a echar baladronadas a la menor provocaci\u00f3n, y una de ellas es la honestidad que pregona de manera tan constante y ostentosa que hace saltar la sospecha. No que no lo sea, sino que muchos recuerdan el dicho aqu\u00e9l de Dime de lo que presumes y te dir\u00e9 de lo que careces\u2026<br>\u200bSer\u00eda sano que dijera el Presidente si tiene Tarjeta del Bienestar y en qu\u00e9 banco la tiene, por ejemplo en el de su amigo Ricardo Salinas Pliego o en el Citibanamex que est\u00e1 a punto de venderse al mejor postor.<br>\u200bY en una de \u00e9sas que nos cuente en qu\u00e9 gasta ese dinerito adicional que le da el pueblo bueno y honrado.<br>\u200bNo faltar\u00e1 alg\u00fan oficioso bienqueriente que sin tener la informaci\u00f3n precisa afirme que AMLO s\u00ed est\u00e1 dado de alta, que s\u00ed le pagan, pero que ese dinero lo distribuye entre los pobres\u2026 o algo as\u00ed.<br>\u200bPero lo cierto es que a la fecha los mexicanos no sabemos qu\u00e9 fin le da nuestro Presidente a su sustancioso apoyo bimestral para el bienestar\u2026<br>\u200bSon 3,850 pesos muy buenos.<\/p>\n\n\n\n<p>sglevet@gmail.com<\/p>\n","protected":false},"excerpt":{"rendered":"<p>Sergio Gonz\u00e1lez Levet Sin tacto \u00bfSe habr\u00e1 preguntado alguien si el presidente Andr\u00e9s Manuel L\u00f3pez Obrador est\u00e1 incluido en la lista de apoyo \u201cuniversal\u201d de la Secretar\u00eda de Bienestar y est\u00e1 recibiendo sus 3,850 pesos bimestrales?\u200bAh\u00ed hay una trampita para el l\u00edder moral y esencial de Morena (que no es un partido, aunque cobra como [&hellip;]<\/p>\n","protected":false},"author":2,"featured_media":0,"comment_status":"closed","ping_status":"closed","sticky":false,"template":"","format":"standard","meta":{"_jetpack_newsletter_access":"","_jetpack_dont_email_post_to_subs":false,"_jetpack_newsletter_tier_id":0,"_jetpack_memberships_contains_paywalled_content":false,"_jetpack_memberships_contains_paid_content":false,"footnotes":""},"categories":[70],"tags":[618,1026,14248,1282,195],"class_list":["post-85003","post","type-post","status-publish","format-standard","hentry","category-de-opinion","tag-andres-manuel-lopez-obrador","tag-morena","tag-secretaria-de-bienestar","tag-sergio-gonzalez-levet","tag-veracruz"],"jetpack_featured_media_url":"","jetpack_sharing_enabled":true,"jetpack_shortlink":"https:\/\/wp.me\/p4Qcd3-m71","_links":{"self":[{"href":"https:\/\/lospoliticosveracruz.com.mx\/index.php?rest_route=\/wp\/v2\/posts\/85003","targetHints":{"allow":["GET"]}}],"collection":[{"href":"https:\/\/lospoliticosveracruz.com.mx\/index.php?rest_route=\/wp\/v2\/posts"}],"about":[{"href":"https:\/\/lospoliticosveracruz.com.mx\/index.php?rest_route=\/wp\/v2\/types\/post"}],"author":[{"embeddable":true,"href":"https:\/\/lospoliticosveracruz.com.mx\/index.php?rest_route=\/wp\/v2\/users\/2"}],"replies":[{"embeddable":true,"href":"https:\/\/lospoliticosveracruz.com.mx\/index.php?rest_route=%2Fwp%2Fv2%2Fcomments&post=85003"}],"version-history":[{"count":1,"href":"https:\/\/lospoliticosveracruz.com.mx\/index.php?rest_route=\/wp\/v2\/posts\/85003\/revisions"}],"predecessor-version":[{"id":85005,"href":"https:\/\/lospoliticosveracruz.com.mx\/index.php?rest_route=\/wp\/v2\/posts\/85003\/revisions\/85005"}],"wp:attachment":[{"href":"https:\/\/lospoliticosveracruz.com.mx\/index.php?rest_route=%2Fwp%2Fv2%2Fmedia&parent=85003"}],"wp:term":[{"taxonomy":"category","embeddable":true,"href":"https:\/\/lospoliticosveracruz.com.mx\/index.php?rest_route=%2Fwp%2Fv2%2Fcategories&post=85003"},{"taxonomy":"post_tag","embeddable":true,"href":"https:\/\/lospoliticosveracruz.com.mx\/index.php?rest_route=%2Fwp%2Fv2%2Ftags&post=85003"}],"curies":[{"name":"wp","href":"https:\/\/api.w.org\/{rel}","templated":true}]}}