{"id":85006,"date":"2022-01-21T08:26:13","date_gmt":"2022-01-21T14:26:13","guid":{"rendered":"https:\/\/lospoliticosveracruz.com.mx\/?p=85006"},"modified":"2022-01-21T08:26:19","modified_gmt":"2022-01-21T14:26:19","slug":"pura-energia","status":"publish","type":"post","link":"https:\/\/lospoliticosveracruz.com.mx\/?p=85006","title":{"rendered":"Pura energ\u00eda!"},"content":{"rendered":"\n<p><strong>Adriana Mu\u00f1oz<br><\/strong><em>Sin Rencores<\/em><\/p>\n\n\n\n<p>\u201cSeg\u00fan yo lo veo, si quieres el arco iris, tienes que aguantar la lluvia\u00bb. Dolly Parton.<\/p>\n\n\n\n<p><strong>M\u00c9XICO Y EEUU\u2026<br><\/strong>Mantienen la cooperaci\u00f3n energ\u00e9tica<br>Este jueves, la secretaria de Energ\u00eda del Gobierno de M\u00e9xico, Roc\u00edo Nahle Garc\u00eda, recibi\u00f3 a su hom\u00f3loga de Estados Unidos, la secretaria Jennifer Granholm, reuni\u00f3n en donde abordaron las pol\u00edticas energ\u00e9ticas de cada pa\u00eds, las cuales coadyuvan para la buena relaci\u00f3n que existe entre ambas naciones, en los temas de hidrocarburos, gas y electricidad.<br>Durante el encuentro, se destac\u00f3 que gracias al respeto que existe entre las dos naciones y la experiencia pol\u00edtica de ambas ministras de Energ\u00eda, se avanza en la cooperaci\u00f3n energ\u00e9tica entre M\u00e9xico y Estados Unidos.<br>En ese sentido, las secretarias de Energ\u00eda, detallaron que la integraci\u00f3n de Am\u00e9rica del Norte, con Canad\u00e1, Estados Unidos y M\u00e9xico fortalece no solo a estas naciones, sino a todos los pa\u00edses que integran el continente americano.<br>Finalmente, puntualizaron que la energ\u00eda es un suministro b\u00e1sico y coincidieron en que tanto Estados Unidos como M\u00e9xico deben tener autoabastecimiento y reforzar los lazos de cooperaci\u00f3n hacia pa\u00edses hermanos.<br>Sin duda un excelente pre\u00e1mbulo de lo que viene en el debate de la reforma el\u00e9ctrica.<br>\u2014\u2014-\/\/\/\u2014-<br><strong>OTRO ANUNCIO\u2026<br><\/strong>Importante es el que hizo en presidente Andr\u00e9s Manuel L\u00f3pez Obrador con la compra de la refiner\u00eda Deek Park en Houston, Texas.<br>Ayer, se cerr\u00f3 con \u00e9xito la compra total de la refiner\u00eda de Deer Park, ubicada en Houston, Texas, al adquirirse el 50.005 por ciento de la participaci\u00f3n accionaria de Shell, con lo que el estado mexicano tendr\u00e1 la propiedad total de esta instalaci\u00f3n que queda, a partir de hoy, bajo el control de PEMEX.<br>El Consejo de Administraci\u00f3n de Deer Park qued\u00f3 integrado por los siguientes funcionarios de Pemex: Octavio Romero Oropeza, director; Ulises Hern\u00e1ndez Romano, director general de PMI Comercio Internacional; Victor M. Navarro Cervantes, director corporativo de planeaci\u00f3n y desempe\u00f1o; Marcos M. Herrer\u00eda Alamina, director corporativo de administraci\u00f3n y servicios; Jorge L. Basald\u00faa Ramos, responsable de Pemex Transformaci\u00f3n Industrial y Manuel Flores Camacho, director general de PMI Norte Am\u00e9rica.<br>Como se ten\u00eda previsto, la adquisici\u00f3n se concret\u00f3 luego de que el pasado 22 de diciembre se inform\u00f3 que el Comit\u00e9 de Inversi\u00f3n Extranjera de Estados Unidos (CFIUS, por sus siglas en ingl\u00e9s) autoriz\u00f3 la operaci\u00f3n de compra-venta al no haber identificado riesgos en materia de competencia ni de seguridad nacional para los Estados Unidos de Am\u00e9rica.<br>\u2014\u2014\/\/\/\u2014-<br><strong>EL COSTO\u2026<br><\/strong>El valor de la operaci\u00f3n por los activos de la refiner\u00eda es de 596 millones de d\u00f3lares, equivalente al 50 por ciento de la participaci\u00f3n de Shell en la deuda de la sociedad. Adicionalmente se liquid\u00f3 la deuda remanente por los 596 millones de d\u00f3lares que corresponden al 50 por ciento de la participaci\u00f3n de PEMEX; los recursos para la operaci\u00f3n fueron cubiertos por el Fondo Nacional de Infraestructura (Fonadin).<br>\u2014\u2014-\/\/\/\u2014\u2014<br><strong>YA SE SENT\u00cdAN\u2026<br><\/strong>Por las nubes en el PAN.<br>Con todo resuelto y traka.<br>Ahora la dirigencia estatal es incierta.<br>Si bien Federico Salomon est\u00e1 en funciones tras la elecci\u00f3n que gan\u00f3, la impugnaci\u00f3n de Joaqu\u00edn Guzm\u00e1n Avil\u00e9s le vino a aguar la fiesta porque aunque el propio dirigente nacional del PAN, Marko Cort\u00e9s haya ratificado la victoria de la elecci\u00f3n, algo que no est\u00e1 en duda, tambi\u00e9n es cierto que la repetici\u00f3n de la misma no se descarta a menos que negocien y eso se ve lejano.<br>La realidad es que la sustituci\u00f3n del convicto Tito Delfin Cano es el quit del asunto, am\u00e9n de otras presuntas irregularidades que seg\u00fan \u201cEl Chapo\u201d, se cometieron durante el proceso.<br>El gran tema es que Tito Delf\u00edn no fue sustituido apegado a los c\u00e1nones que marcan los estatutos y eso, seg\u00fan El Chapo, es motivo para anular la elecci\u00f3n y repetirla.<br>Ya se ver\u00e1.<br>\u2014\u2014-\/\/\/\u2014\u2014-<br><strong>MUY MOVIDA\u2026<br><\/strong>Ha estado la agenda de los alcaldes entrantes.<br>Por ejemplo, el de Xalapa, Ricardo Ahued, sin duda toda la experiencia, emite por lo menos tres comunicados al d\u00eda de las actividades que se dejaron de lado en la pasada administraci\u00f3n.<br>Como quien dice, lleg\u00f3 a poner orden.<br>Lizzette \u00c1lvarez de Alvarado, gradualmente ha empezado a combinar sus actividades con la agenda medi\u00e1tica, siempre bien presentable y pulcra, la profesora se re\u00fane con todos los sectores.<br>En la semana estuvo con Coparmex, una c\u00e1mara bastante compleja pero present\u00f3 su plan de trabajo para \u201cLa Generosa\u201d y dos puntos resaltaron: obra p\u00fablica y desarrollo social.<br>En Medell\u00edn de Bravo, Marcos Isle\u00f1o destaca porque ha ido sorteando los problemas econ\u00f3micos heredados, no obstante, ha reencausado su agenda y ya est\u00e1 integrando al engranaje gubernamental eventos con todos los sectores.<br>En el marco de la Primera Gira Pecuaria Veracruzana, realizada por la Subsecretar\u00eda de Ganader\u00eda del Gobierno del Estado en coordinaci\u00f3n con los municipios, Isle\u00f1o Andrade expres\u00f3 que una de las prioridades de su gobierno es la reactivaci\u00f3n del campo.<br>Ante cientos de productores, anunci\u00f3 la compra de dos tractores -con sus respectivos implementos- que se prestar\u00e1n a los trabajadores del campo para evitar la renta de maquinaria y con ello reduzcan sus costos de producci\u00f3n.<br>Al ser un municipio con predominancia rural, Medell\u00edn merece todo nuestro inter\u00e9s como primera autoridad para desarrollar e impulsar todos los proyectos que resulten de beneficio para los productores agropecuarios.<br>Se pronunci\u00f3 adem\u00e1s a favor de reactivar los Tianguis Agropecuarios para el fortalecimiento de los programas inherentes a esta importante rama productiva.<br>\u2014\u2014-\/\/\/\u2014\u2014-<br><strong>EN BOCA DEL R\u00cdO\u2026<br><\/strong>La primera dama Melina Rivera Robert de Unanue tuvo su primer evento.<br>Acompa\u00f1ada del alcalde Juan Manuel de Unanue tom\u00f3 protesta a las mujeres que la apoyar\u00e1n en el DIF en estos cuatro a\u00f1os.<br>As\u00ed pues se vio a grandes amigas y empresarias que estuvieron en el desayuno que se llev\u00f3 a cabo en el emblem\u00e1tico hotel Mocambo.<br>Afrika Ram\u00edrez P\u00e9rez, Amanda Canela, Clara Arias, Marliz Platas, Bety Cruz, Ivette Cotrina, en fin, las damas que la han acompa\u00f1ado desde siempre y por supuesto su mam\u00e1, la profra. Herlinda Robert y su hermana.<br>Melina se ha reunido ya con los responsables de los albergues de Do\u00f1a Nico y Casa Santa Ana,para poder coordinarse y apoyarlos.<br>Ayer, destac\u00f3 el mensaje del presidente municipal en torno a la mujer y su importancia dentro de la funci\u00f3n p\u00fablica y no es para menos.<br>Al tomar protesta, las damas voluntarias hicieron el compromiso de desempe\u00f1arse con entrega, compromiso y responsabilidad a favor de la asistencia social, para dar bienestar a ni\u00f1os, j\u00f3venes, mujeres, personas con discapacidad, adultos mayores, grupos vulnerables y de todas las familias boque\u00f1as.<br>\u2014\u2014\/\/\/\u2014-<br><strong>TAP\u00d3N DE BOCA\u2026<br><\/strong>Le puso Anil\u00fa Ingram a las lideresas priistas que andaban bandeando en el paseo proceso electoral y que despu\u00e9s se fueron a exigir posiciones al caf\u00e9.<br>Tras los se\u00f1alamientos que realizaron en d\u00edas pasados l\u00edderes seccionales del PRI de la ciudad de Veracruz, en donde desconocieron a sus dirigentes y diputados locales y federales, Ingram Vallines asegur\u00f3 ser respetuosa de la postura que tom\u00f3 su partido frente a estos se\u00f1alamientos, al tiempo que dijo haber visto a esas personas que denunciaron trabajando para otros organismos pol\u00edticos, no obstante, se\u00f1al\u00f3 que cuenta con material gr\u00e1fico d\u00f3nde puede observarse a muchos de los que estuvieron realizando esas declaraciones en contra de sus compa\u00f1eros de la dirigencia estatal y municipal del PRI, portar playeras de otros partidos ajenos al de la alianza PAN-PRI-PRD.<br>Por eso, hizo un llamado a la reflexi\u00f3n para que en su momento se tomen las medidas respectivas por parte de las dirigencias en torno al proceder de estos militantes.<br>Como quien dice, para tener la lengua larga hay que tener la cola corta y encima tantita verg\u00fcenza.<br>Pr\u00f3ximamente ser\u00e1n expulsadas, pa\u2019 acabar pronto.<br>\u2014\u2014\/\/\/\u2014\u2014<br><strong>IMPARABLE\u2026<br><\/strong>Durante cuatro d\u00edas de la jornada de vacunaci\u00f3n y hoy, que es el quinto y \u00faltimo, el secretario de Educaci\u00f3n de Veracruz (SEV), Zenyazen Escobar Garc\u00eda, ha recorrido de norte a sur las 13 sedes para supervisar el proceso de aplicaci\u00f3n del biol\u00f3gico contra la COVID-19 a trabajadoras y trabajadores del sector educativo, a quienes reiter\u00f3 su compromiso de servir y apoyar.<br>En cada una de las sedes, ha priorizado la atenci\u00f3n y cercan\u00eda con los docentes, asegurando su respaldo y agradecimiento por el esfuerzo que realizan al acudir hasta los centros de aplicaci\u00f3n.<br>Con 13 sedes de vacunaci\u00f3n disponibles en el territorio veracruzano, Escobar Garc\u00eda ha supervisado el desarrollo de la jornada en los municipios de Orizaba, Boca del R\u00edo, Xalapa, Mart\u00ednez de la Torre, Tantoyuca, P\u00e1nuco, Poza Rica, Tuxpan, Papantla y Cosamaloapan.<br>De esta manera, el titular de la SEV mantiene el compromiso directo con el magisterio en se\u00f1al de agradecimiento y retribuci\u00f3n al trabajo invaluable que realiza desde las aulas y principalmente ante la suspensi\u00f3n de actividades presenciales derivadas de la pandemia.<br>\u2014\u2014\/\/\/\u2014\u2014<br><strong>DON OMICRON\u2026<br><\/strong>Con todo y los contagios habr\u00e1 Fiestas de la Candelaria y Cumbre Taj\u00edn.<br>Como quien dice, el payaso se qued\u00f3 tieso.<br>Y no solo eso.<br>Ayer, la iglesia cat\u00f3lica ya pase\u00f3 a San Sebasti\u00e1n por todas las calles del puerto con toda la feligres\u00eda, en Teocelo comenzaron las fiestas del Santo Encierro y as\u00ed sucesivamente en varios municipios.<br>Mientras, el pobre de Hugo L\u00f3pez Gatell tendr\u00e1 que rendir cuentas y ser juzgado por el trato que le dio a la pandemia tal como un juez orden\u00f3 a la Fiscal\u00eda General de la Rep\u00fablica.<br>No cabe duda que al perro m\u00e1s flaco se le pegan las pulgas.<br>\u00bfComo se quedaron?<br>\u2014\u2014\u2014\/\/\/\u2014\u2014-<br>Es viernes por fin. El frente fr\u00edo 23 entr\u00f3 esta madrugada y resulta y resalta que habr\u00e1 norte y bajas temperaturas. \u00a1Alertas!<\/p>\n\n\n\n<p>e-mail: sinrencorespuntocom@gmail.com<\/p>\n","protected":false},"excerpt":{"rendered":"<p>Adriana Mu\u00f1ozSin Rencores \u201cSeg\u00fan yo lo veo, si quieres el arco iris, tienes que aguantar la lluvia\u00bb. Dolly Parton. M\u00c9XICO Y EEUU\u2026Mantienen la cooperaci\u00f3n energ\u00e9ticaEste jueves, la secretaria de Energ\u00eda del Gobierno de M\u00e9xico, Roc\u00edo Nahle Garc\u00eda, recibi\u00f3 a su hom\u00f3loga de Estados Unidos, la secretaria Jennifer Granholm, reuni\u00f3n en donde abordaron las pol\u00edticas energ\u00e9ticas [&hellip;]<\/p>\n","protected":false},"author":2,"featured_media":0,"comment_status":"closed","ping_status":"closed","sticky":false,"template":"","format":"standard","meta":{"_jetpack_newsletter_access":"","_jetpack_dont_email_post_to_subs":false,"_jetpack_newsletter_tier_id":0,"_jetpack_memberships_contains_paywalled_content":false,"_jetpack_memberships_contains_paid_content":false,"footnotes":""},"categories":[70],"tags":[618,1872,2153,30269,31992,3288,26968,31993,2812,4386,96,12372],"class_list":["post-85006","post","type-post","status-publish","format-standard","hentry","category-de-opinion","tag-andres-manuel-lopez-obrador","tag-anilu-ingram-vallines","tag-cumbre-tajin","tag-deer-park","tag-federico-salomon-2","tag-joaquin-guzman-aviles","tag-jornada-de-vacunacion","tag-melina-rivera-robert-de-unanue","tag-ricardo-ahued-bardahuil","tag-rocio-nahle-garcia","tag-xalapa","tag-zenyazen-escobar-garcia"],"jetpack_featured_media_url":"","jetpack_sharing_enabled":true,"jetpack_shortlink":"https:\/\/wp.me\/p4Qcd3-m74","_links":{"self":[{"href":"https:\/\/lospoliticosveracruz.com.mx\/index.php?rest_route=\/wp\/v2\/posts\/85006","targetHints":{"allow":["GET"]}}],"collection":[{"href":"https:\/\/lospoliticosveracruz.com.mx\/index.php?rest_route=\/wp\/v2\/posts"}],"about":[{"href":"https:\/\/lospoliticosveracruz.com.mx\/index.php?rest_route=\/wp\/v2\/types\/post"}],"author":[{"embeddable":true,"href":"https:\/\/lospoliticosveracruz.com.mx\/index.php?rest_route=\/wp\/v2\/users\/2"}],"replies":[{"embeddable":true,"href":"https:\/\/lospoliticosveracruz.com.mx\/index.php?rest_route=%2Fwp%2Fv2%2Fcomments&post=85006"}],"version-history":[{"count":1,"href":"https:\/\/lospoliticosveracruz.com.mx\/index.php?rest_route=\/wp\/v2\/posts\/85006\/revisions"}],"predecessor-version":[{"id":85008,"href":"https:\/\/lospoliticosveracruz.com.mx\/index.php?rest_route=\/wp\/v2\/posts\/85006\/revisions\/85008"}],"wp:attachment":[{"href":"https:\/\/lospoliticosveracruz.com.mx\/index.php?rest_route=%2Fwp%2Fv2%2Fmedia&parent=85006"}],"wp:term":[{"taxonomy":"category","embeddable":true,"href":"https:\/\/lospoliticosveracruz.com.mx\/index.php?rest_route=%2Fwp%2Fv2%2Fcategories&post=85006"},{"taxonomy":"post_tag","embeddable":true,"href":"https:\/\/lospoliticosveracruz.com.mx\/index.php?rest_route=%2Fwp%2Fv2%2Ftags&post=85006"}],"curies":[{"name":"wp","href":"https:\/\/api.w.org\/{rel}","templated":true}]}}