{"id":85024,"date":"2022-01-21T12:18:16","date_gmt":"2022-01-21T18:18:16","guid":{"rendered":"https:\/\/lospoliticosveracruz.com.mx\/?p=85024"},"modified":"2022-01-21T12:18:24","modified_gmt":"2022-01-21T18:18:24","slug":"santo-entierro-de-cristo-en-teocelo","status":"publish","type":"post","link":"https:\/\/lospoliticosveracruz.com.mx\/?p=85024","title":{"rendered":"Santo Entierro de Cristo en Teocelo!"},"content":{"rendered":"\n<p><strong>Enrique Yasser Pompeyo<\/strong><br><em>Xalapa<\/em><\/p>\n\n\n\n<p>Del 28 al 31 de enero se llevar\u00e1n a cabo los festejos en honor al Santo Entierro de Cristo, inform\u00f3 el presidente municipal de Teocelo, Issac Alberto Anell Reyes.<\/p>\n\n\n\n<p>El s\u00e1bado 29 se realizar\u00e1 una sesi\u00f3n solemne de Cabildo, en la cual, los ediles declarar\u00e1n la celebraci\u00f3n como patrimonio cultural del municipio.<\/p>\n\n\n\n<p>Adem\u00e1s, se busca que m\u00e1s adelante la UNESCO declare la festividad como Patrimonio de la Humanidad.<\/p>\n\n\n\n<p>Como testigos de honor se tiene contemplada la asistencia del gobernador de Veracruz, Cuitl\u00e1huac Garc\u00eda Jim\u00e9nez; de la secretaria de Turismo (SECTUR), X\u00f3chitl Arbes\u00fa Lago y de la directora del Instituto Veracruzano de la Cultura (IVEC), Silvia Alejandre Prado.<\/p>\n\n\n\n<p>El viernes 28, d\u00eda de la inauguraci\u00f3n, habr\u00e1 diferentes eventos art\u00edsticos; el s\u00e1bado se har\u00e1 la bajada del Arco Floral, por lo que fueron invitados grupos de danzantes y disfrazados.<\/p>\n\n\n\n<p>Para el domingo 30 se llevar\u00e1 a cabo una cabalgata y participar\u00e1n jinetes de los municipios de Xico, Ayahualulco, Teocelo, Tlaltetela, Cosautl\u00e1n, Ixhuac\u00e1n de los Reyes, Coatepec, entre otros.<\/p>\n\n\n\n<p>En el Teatro del Pueblo que iniciar\u00e1 desde el d\u00eda 28 y hasta el 31, presentar\u00e1 grupos art\u00edsticos para toda la familia.<\/p>\n","protected":false},"excerpt":{"rendered":"<p>Enrique Yasser PompeyoXalapa Del 28 al 31 de enero se llevar\u00e1n a cabo los festejos en honor al Santo Entierro de Cristo, inform\u00f3 el presidente municipal de Teocelo, Issac Alberto Anell Reyes. El s\u00e1bado 29 se realizar\u00e1 una sesi\u00f3n solemne de Cabildo, en la cual, los ediles declarar\u00e1n la celebraci\u00f3n como patrimonio cultural del municipio. [&hellip;]<\/p>\n","protected":false},"author":2,"featured_media":0,"comment_status":"closed","ping_status":"closed","sticky":false,"template":"","format":"standard","meta":{"_jetpack_newsletter_access":"","_jetpack_dont_email_post_to_subs":false,"_jetpack_newsletter_tier_id":0,"_jetpack_memberships_contains_paywalled_content":false,"_jetpack_memberships_contains_paid_content":false,"footnotes":""},"categories":[6446],"tags":[31999,15477,32000,28712,31998,1452],"class_list":["post-85024","post","type-post","status-publish","format-standard","hentry","category-la-nota","tag-del-28-al-31-de-enero-se-llevaran-a-cabo-los-festejos-en-honor-al-santo-entierro-de-cristo","tag-enrique-yasser-pompeyo","tag-informo-el-presidente-municipal-de-teocelo","tag-issac-alberto-anell-reyes","tag-santo-entierro-de-cristo","tag-teocelo"],"jetpack_featured_media_url":"","jetpack_sharing_enabled":true,"jetpack_shortlink":"https:\/\/wp.me\/p4Qcd3-m7m","_links":{"self":[{"href":"https:\/\/lospoliticosveracruz.com.mx\/index.php?rest_route=\/wp\/v2\/posts\/85024","targetHints":{"allow":["GET"]}}],"collection":[{"href":"https:\/\/lospoliticosveracruz.com.mx\/index.php?rest_route=\/wp\/v2\/posts"}],"about":[{"href":"https:\/\/lospoliticosveracruz.com.mx\/index.php?rest_route=\/wp\/v2\/types\/post"}],"author":[{"embeddable":true,"href":"https:\/\/lospoliticosveracruz.com.mx\/index.php?rest_route=\/wp\/v2\/users\/2"}],"replies":[{"embeddable":true,"href":"https:\/\/lospoliticosveracruz.com.mx\/index.php?rest_route=%2Fwp%2Fv2%2Fcomments&post=85024"}],"version-history":[{"count":1,"href":"https:\/\/lospoliticosveracruz.com.mx\/index.php?rest_route=\/wp\/v2\/posts\/85024\/revisions"}],"predecessor-version":[{"id":85026,"href":"https:\/\/lospoliticosveracruz.com.mx\/index.php?rest_route=\/wp\/v2\/posts\/85024\/revisions\/85026"}],"wp:attachment":[{"href":"https:\/\/lospoliticosveracruz.com.mx\/index.php?rest_route=%2Fwp%2Fv2%2Fmedia&parent=85024"}],"wp:term":[{"taxonomy":"category","embeddable":true,"href":"https:\/\/lospoliticosveracruz.com.mx\/index.php?rest_route=%2Fwp%2Fv2%2Fcategories&post=85024"},{"taxonomy":"post_tag","embeddable":true,"href":"https:\/\/lospoliticosveracruz.com.mx\/index.php?rest_route=%2Fwp%2Fv2%2Ftags&post=85024"}],"curies":[{"name":"wp","href":"https:\/\/api.w.org\/{rel}","templated":true}]}}