{"id":8529,"date":"2009-08-25T15:06:00","date_gmt":"2009-08-25T15:06:00","guid":{"rendered":"http:\/\/www.lospoliticosveracruz.com.mx\/?p=8529"},"modified":"2014-10-08T19:05:38","modified_gmt":"2014-10-08T19:05:38","slug":"poceros-va-por-el-quinto","status":"publish","type":"post","link":"https:\/\/lospoliticosveracruz.com.mx\/?p=8529","title":{"rendered":"\u00a1Poceros va por el Quinto!"},"content":{"rendered":"<p><strong>Lorenzo Franco<\/strong><br \/><em>Los reporteros somos noticia<\/em><\/p>\n<p>Durante la madrugada del martes 18 de este mes canicular, un comando armado bale\u00f3 el edificio del diario El Siglo de Torre\u00f3n sin que se reportaran personas lesionadas, aun cuando en el interior laboraban los trabajadores del taller de impresi\u00f3n y del \u00e1rea de distribuci\u00f3n.<br \/>Este influyente peri\u00f3dico, con gran circulaci\u00f3n en el norte del pa\u00eds, fue fundado en 1922 <br \/>por el abogado coahuilense Joaqu\u00edn Moreno asociado con el periodista Antonio de Juambelz Bracho, quien ten\u00eda experiencia previa desarrollada en Saltillo. En la actualidad, la Compa\u00f1\u00eda Editorial de La Laguna es encabezada por el director del diario, Antonio Irazoqui de Juambelz. <\/p>\n<p>En su columna \u201cTobog\u00e1n\u201d -que publica en Diario de Xalapa y en portales de internet- el comunicador xalape\u00f1o Manuel M\u00e1rquez Ortiz cit\u00f3 que el presidente de la Fundaci\u00f3n para la Libertad de Expresi\u00f3n, Armando Prida Huerta dio a conocer que desde el 7 de julio solicitaron al presidente de la Rep\u00fablica, Felipe Calder\u00f3n Hinojosa, una serie de medidas de protecci\u00f3n al ejercicio period\u00edstico, entre las que destaca de forma importante asegurar el futuro de los deudos de aquellos periodistas fallecido con violencia<br \/>Por su parte, el tambi\u00e9n columnista oriundo de Xalapa, Manuel Rosete Ch\u00e1vez, cit\u00f3 en su espacio \u201cApuntes\u201d -difundido en el portal Al Calor Pol\u00edtico- al colega capitalino Ernesto Villanueva Villanueva, quien durante el acto de recepci\u00f3n del doctorado Honoris Causa que le otorg\u00f3 la Escuela de Periodismo \u201cCarlos Septi\u00e9n Garc\u00eda\u201d, dijo: \u201cEl Estado no puede lavarse las manos y afirmar que la violencia contra el ejercicio period\u00edstico y la inhibici\u00f3n de la libertad de expresi\u00f3n es una cuesti\u00f3n del crimen organizado\u201d.<br \/>\u201cEl Estado es garante \u00fanico de que la ley y la Constituci\u00f3n se cumplan (y por ende, los derechos humanos que ella tutela) de no ser as\u00ed, carecer\u00eda de sentido su existencia\u201d, agreg\u00f3 Villanueva en la sala El Generalito del Antiguo Colegio de San Ildefonso, quien agreg\u00f3 que \u201csi bien el Estado era el principal responsable del ejercicio de la censura o de poner en pr\u00e1ctica mecanismos de inhibici\u00f3n de las libertades de expresi\u00f3n y de informaci\u00f3n, hoy ha sido desplazado como el autor principal de agravios a periodistas, pero mantiene intactas sus responsabilidades\u201d.<\/p>\n<p>DINAMISMO EN MEDIOS<br \/>Con motivo del aniversario 31 su revista An\u00e1lisis Pol\u00edtico, el comunicador orgullo de Oluta, Melit\u00f3n Morales Dom\u00ednguez, est\u00e1 circulando una edici\u00f3n especial de 64 p\u00e1ginas en papel couch\u00e9, con forros y pliegos interiores en selecci\u00f3n de color.<\/p>\n<p>En busca de la simpat\u00eda de sus lectores, el peri\u00f3dico Liberal del Sur, editado en Coatzacoalcos por la familia \u00c1lvarez Pe\u00f1a bajo la direcci\u00f3n de Rolando Quevedo Lara, con motivo del inicio del nuevo ciclo educativo reparti\u00f3 paquetes escolares a m\u00e1s de 2,000 j\u00f3venes con calificaciones de excelencia, reunidos en el Centro de Convenciones de ese puerto.<\/p>\n<p>Para dinamizar noticiosamente su web Gobernantes.Com, el comunicador terrablanquense Carlos Jes\u00fas Rodr\u00edguez Rodr\u00edguez busca reporteros locales y corresponsales en el Estado, consciente de que tras siete a\u00f1os posicionado en el ciberespacio, no bastan sus abundantes columnas pol\u00edticas y la llamativa \u201cnota roja\u201d para competir con otros portales editados en Xalapa y en otras ciudades veracruzanas, m\u00e1s recientes, con mejor contenido noticioso y m\u00e1s profesionales.<\/p>\n<p>El din\u00e1mico comunicador Jos\u00e9 Pastor S\u00e1nchez -reportero \u201ctodo Palacio\u201d porque cubre la informaci\u00f3n de T\u00edo Fide para el peri\u00f3dico Pol\u00edtica- est\u00e1 ensayando con su cuadro de actores la puesta en escena de una obra  de orientaci\u00f3n y prevenci\u00f3n al SIDA, a fin de participar el d\u00eda 3 del patri\u00f3tico septiembre en el concurso teatral convocado aqu\u00ed por Paco Beverido Duhalt.<br \/>Como es sabido, en los \u00faltimos meses PP Pastor ha estado presentando con \u00e9xito esta obra ante diversos auditorios juveniles xalape\u00f1os, pero con motivo del inicio del nuevo a\u00f1o escolar tiene la intenci\u00f3n de desplazarse durante los fines de semana a varias ciudades veracruzanas donde lo han invitado a presentarse en auditorios universitarios.<\/p>\n<p>Con motivo de los 80 a\u00f1os de la Orquesta Sinf\u00f3nica de Xalapa, el inquieto comunicador martinense Jorge V\u00e1zquez Pacheco anda afligido por las m\u00faltiples actividades que tiene que realizar en su condici\u00f3n de reportero interno de la oficina de Prensa de la Universidad Veracruzana, colaborador en la secci\u00f3n Cultural de Diario de Xalapa y comentarista en la difusora XERUV. <\/p>\n<p>El activo reportero gr\u00e1fico Enrique Barradas ha iniciado colaboraciones en el decenario invendible Centinela, con la nueva secci\u00f3n de fotoreportaje \u201cEn la mira\u201d. Como es sabido, el \u201cBaby\u201d Barradas, despu\u00e9s de laborar algunos a\u00f1os para Milenio El Portal, ahora refuerza el equipo de la agencia Fotojarocha comandada por Sa\u00fal Ram\u00edrez, corresponsal gr\u00e1fico del peri\u00f3dico capitalino Reforma.<\/p>\n<p>Con base en un comentario del diario digital Cr\u00f3nica del Poder en su secci\u00f3n \u201cC\u00e1psulas Pol\u00edticas y Algo M\u00e1s\u201d, se sabe que la empresa Editorial Gr\u00e1fico de Xalapa, que dirige Jos\u00e9 Luis Poceros Dom\u00ednguez, sigue ampliando su cobertura informativa en Veracruz. <br \/>\u201cEl que ser\u00e1 su quinto peri\u00f3dico en el Estado pronto ser\u00e1 inaugurado en Coatzacoalcos con el nombre de Gr\u00e1fico del Sur. Se afirma que ser\u00e1 un medio plural donde tendr\u00e1n cabida todas las corrientes de opini\u00f3n, c\u00f3mo necesita nuestro pa\u00eds esta apertura\u201d.<\/p>\n<p>CAMINANDO POR ENRIQUEZ<\/p>\n<p>Ser\u00e1 el 30 del patri\u00f3tico septiembre cuando se cierre la recepci\u00f3n de trabajos period\u00edsticos enviados por comunicadores veracruzanos al concurso convocado por el Centro Cultural \u201cRub\u00e9n Pabello Acosta\u201d en la s\u00e9ptima edici\u00f3n del Premio Estatal de Periodismo.<br \/>Este a\u00f1o, los organizadores encabezados por Rey Ignacio Morales Lechuga premiar\u00e1n con 50 mil pesos al primer lugar, 30 mil al segundo y 20 mil al tercero en cada una de las siete categor\u00edas establecidas, est\u00edmulos que junto con los diplomas correspondientes ser\u00e1n entregados el 30 de octubre en la sede de la instituci\u00f3n convocante.<br \/>Como es sabido, el Premio Estatal de Periodismo se entrega a los concursantes que hayan publicado reportajes, notas informativas, entrevistas, columnas pol\u00edticas, art\u00edculos de fondo , rese\u00f1as y art\u00edculos culturales.<\/p>\n<p>Con el patrocinio conjunto del Instituto Veracruzano de la Mujer, el Colectivo Feminista de Xalapa, el grupo Xochiqu\u00e9tzal y el Colectivo de Investigaci\u00f3n, Desarrollo y Educaci\u00f3n entre Mujeres, a partir del s\u00e1bado 22 de este mes se lleva a cabo el curso \u201cManejo del Periodismo con Perspectiva de G\u00e9nero\u201d.<br \/>Este evento se desarrollar\u00e1 en siete m\u00f3dulos durante cuatro sesiones sabatinas (22 y 29 de agosto\/ 5 y 12 de septiembre) en el auditorio de El Colegio de Periodistas, en la xalape\u00f1a calle de Carrillo Puerto, de 9:00 a 12:00 horas, inform\u00f3 Yadira Hidalgo Gonz\u00e1lez, jefa de la Oficia de Comunicaci\u00f3n y Difusi\u00f3n del IVM.<\/p>\n<p>En su le\u00edda columna \u201cAjedrez\u201d, que divulga en el portal Gobernantes.Com, el comunicador martinense Jos\u00e9 Prigada\u00e1 Andrade al parecer por encargo destap\u00f3 al periodista Jorge Faibre \u00c1lvarez, conductor del noticiario estelar de TV Azteca Veracruz, como aspirante a la alcald\u00eda de su natal San Rafael en las elecciones del a\u00f1o pr\u00f3ximo, postulado por el partido tricolor.<br \/>Luego, Prigada\u00e1 Andrade, tambi\u00e9n corresponsal del tabloide Marcha en la calurosa citr\u00f3polis, dijo de su paisana Mariely Manterola S\u00e1inz: \u201cPor supuesto que en la pol\u00edtica todo se vale y todo se puede, cuando hay de por medio tiempos y circunstancias que no lo pueden evitar; por ejemplo en el caso de Mariely, hay muchos l\u00edderes de estructuras pri\u00edstas del octavo distrito electoral que aseguran que ella ser\u00eda una buena candidata a la diputaci\u00f3n local por ese distrito para el 2010\u201d.<\/p>\n<p>El bien enterado comunicador acayuque\u00f1o Fidel P\u00e9rez S\u00e1nchez, en su columna \u201cDe Poder a Poder\u201d que igualmente difunde el portal de Carlos Jes\u00fas Rodr\u00edguez, en fecha reciente escribi\u00f3: \u201cEn el asunto del accidente de monse\u00f1or Eduardo Pati\u00f1o Leal, obispo de C\u00f3rdoba, no falt\u00f3 el arrastrado que cobardemente golpea a periodistas en sus correos electr\u00f3nicos (un tal Jos\u00e9 Garc\u00eda, l\u00e9ase Chulet\u00f3n, mangoneado por chiquiyunes y periodistas que se sienten influyentes) que de inmediato se puso como alfombra y trat\u00f3 de quitar el golpe a su padrastro Yunes Linares\u2026\u201d<\/p>\n<p>Por su destacada labor en pro de la capital del pa\u00eds, la Asamblea de Representantes del Distrito Federal entreg\u00f3 en fecha reciente al maestro Jacobo Zabludovsky la medalla al M\u00e9rito Ciudadano 2009.  <br \/>La solemne ceremonia estuvo encabezada por el jefe del DDF, Marcelo Ebrard Casaub\u00f3n y entre otros invitados especiales, el ex rector de la UNAM Juan Ram\u00f3n de la Fuente y el empresario Carlos Slim. <\/p>\n<p>Seg\u00fan el peri\u00f3dico capitalino El Universal, \u201cM\u00e9xico tiene un alto nivel de libertad de expresi\u00f3n desde hace mucho tiempo; sin embargo, \u00e9sta debe ser responsable y comprometida\u201d, consider\u00f3 el presidente de Grupo Carso, Carlos Slim Hel\u00fa.<br \/>En el marco de la firma del Compromiso con la Libertad de Expresi\u00f3n, cap\u00edtulo M\u00e9xico, realizada en el Museo de Antropolog\u00eda de la capital del pa\u00eds, el magnate agreg\u00f3 que \u201cM\u00e9xico es un pa\u00eds en donde la gente razona, tiene la capacidad de discernir lo que escucha en los medios de comunicaci\u00f3n para tomar lo que va de acuerdo con su pensamiento y educaci\u00f3n\u201d.<\/p>\n<p>Con la desaparici\u00f3n de la frecuencia de Amplitud Modulada (AM) para incorporarse a la Frecuencia Modulada (FM) se podr\u00eda perder el 40 por ciento del total de las plazas laborales, reconoci\u00f3 Gustavo Macias Sandoval, secretario general del Sindicato de Trabajadores de la Radio y Televisi\u00f3n (STIRT)<br \/>El dirigente inform\u00f3 que actualmente su gremio agrupa a cerca de 1,200 emisoras de radio en el pa\u00eds, que se transmiten tanto en AM como en FM, con una plantilla laboral de m\u00e1s de 14 mil trabajadores.<\/p>\n","protected":false},"excerpt":{"rendered":"<p>Lorenzo FrancoLos reporteros somos noticia Durante la madrugada del martes 18 de este mes canicular, un comando armado bale\u00f3 el edificio del diario El Siglo de Torre\u00f3n sin que se reportaran personas lesionadas, aun cuando en el interior laboraban los trabajadores del taller de impresi\u00f3n y del \u00e1rea de distribuci\u00f3n.Este influyente peri\u00f3dico, con gran circulaci\u00f3n [&hellip;]<\/p>\n","protected":false},"author":1,"featured_media":0,"comment_status":"open","ping_status":"open","sticky":false,"template":"","format":"standard","meta":{"_jetpack_newsletter_access":"","_jetpack_dont_email_post_to_subs":false,"_jetpack_newsletter_tier_id":0,"_jetpack_memberships_contains_paywalled_content":false,"_jetpack_memberships_contains_paid_content":false,"footnotes":""},"categories":[1],"tags":[],"class_list":["post-8529","post","type-post","status-publish","format-standard","hentry","category-sin-categoria"],"jetpack_featured_media_url":"","jetpack_sharing_enabled":true,"jetpack_shortlink":"https:\/\/wp.me\/p4Qcd3-2dz","_links":{"self":[{"href":"https:\/\/lospoliticosveracruz.com.mx\/index.php?rest_route=\/wp\/v2\/posts\/8529","targetHints":{"allow":["GET"]}}],"collection":[{"href":"https:\/\/lospoliticosveracruz.com.mx\/index.php?rest_route=\/wp\/v2\/posts"}],"about":[{"href":"https:\/\/lospoliticosveracruz.com.mx\/index.php?rest_route=\/wp\/v2\/types\/post"}],"author":[{"embeddable":true,"href":"https:\/\/lospoliticosveracruz.com.mx\/index.php?rest_route=\/wp\/v2\/users\/1"}],"replies":[{"embeddable":true,"href":"https:\/\/lospoliticosveracruz.com.mx\/index.php?rest_route=%2Fwp%2Fv2%2Fcomments&post=8529"}],"version-history":[{"count":0,"href":"https:\/\/lospoliticosveracruz.com.mx\/index.php?rest_route=\/wp\/v2\/posts\/8529\/revisions"}],"wp:attachment":[{"href":"https:\/\/lospoliticosveracruz.com.mx\/index.php?rest_route=%2Fwp%2Fv2%2Fmedia&parent=8529"}],"wp:term":[{"taxonomy":"category","embeddable":true,"href":"https:\/\/lospoliticosveracruz.com.mx\/index.php?rest_route=%2Fwp%2Fv2%2Fcategories&post=8529"},{"taxonomy":"post_tag","embeddable":true,"href":"https:\/\/lospoliticosveracruz.com.mx\/index.php?rest_route=%2Fwp%2Fv2%2Ftags&post=8529"}],"curies":[{"name":"wp","href":"https:\/\/api.w.org\/{rel}","templated":true}]}}