{"id":8530,"date":"2009-08-25T14:00:00","date_gmt":"2009-08-25T14:00:00","guid":{"rendered":"http:\/\/www.lospoliticosveracruz.com.mx\/?p=8530"},"modified":"2014-10-08T19:05:38","modified_gmt":"2014-10-08T19:05:38","slug":"nuevo-conclave-perredista","status":"publish","type":"post","link":"https:\/\/lospoliticosveracruz.com.mx\/?p=8530","title":{"rendered":"Nuevo c\u00f3nclave perredista"},"content":{"rendered":"<blockquote><p>* Ser\u00e1 en la Ciudad de M\u00e9xico<br \/>* Cierran calle en Las \u00c1nimas<\/p><\/blockquote>\n<p><strong>Jos\u00e9 Ortiz Medina<\/strong><br \/><em>En Corto&#8230; sin Cortes<\/em><\/p>\n<p>LA \u201cC\u00c1TEDRA Jos\u00e9 Mart\u00ed\u201d de la Universidad Veracruzana tuvo un \u00e9xito excepcional durante la conferencia que el ensayista cubano F\u00e9lix Julio Alfonso dict\u00f3, donde abord\u00f3 la relaci\u00f3n entre la m\u00fasica y el b\u00e9isbol en la isla caribe\u00f1a. La conferencia del especialista cubano se realiz\u00f3 en el marco del 90 aniversario del nacimiento del m\u00fasico cubano Benny Mor\u00e9, conocido como \u201cEl b\u00e1rbaro del ritmo\u201d, y el p\u00fablico que asisti\u00f3 colm\u00f3 la sala de usos m\u00faltiples de la Unidad de Servicios Bibliotecarios y de Informaci\u00f3n ubicada en Boca del R\u00edo. El rector de la UV, Ra\u00fal Arias Lovillo, refrend\u00f3 en su mensaje la convicci\u00f3n de esa casa de estudios para reanimar en nuestro pa\u00eds el pensamiento universal de Jos\u00e9 Mart\u00ed y las expresiones culturales m\u00e1s importantes de Cuba. <\/p>\n<p>EL RETO M\u00c1S importante que tendr\u00e1n los diputados federales del PRI en la LXI Legislatura Federal es la de demostrar a los mexicanos que no se equivocaron al sufragar mayoritariamente a favor de los candidatos de este partido: \u201cestamos plenamente conscientes y asumimos con toda responsabilidad el encargo que nos dieron los ciudadanos con su voto, que es el de reencauzar el rumbo pol\u00edtico, econ\u00f3mico y social del pa\u00eds\u201d. Presente en la capital del pa\u00eds, en donde los 237 legisladores priistas definir\u00e1n  este martes la coordinaci\u00f3n de la bancada, Duarte de Ochoa se pronunci\u00f3 a favor de Francisco Rojas para el cargo, y destac\u00f3 que el Presidente de la Fundaci\u00f3n Colosio es un hombre con una gran vocaci\u00f3n social, \u201ccercano a las necesidades de Veracruz y al gobernador Fidel Herrera\u201d.<\/p>\n<p>LA NOCHE del pasado domingo un autob\u00fas de pasajeros de la l\u00ednea ADO, fue asaltado por dos sujetos en la comunidad \u00cddolos, del municipio de \u00c1lamo. Sin embargo, nos comentan que este no es un hecho aislado. Ya son varios los atracos a autobuses de la zona norte, principalmente en los municipios de \u00c1lamo, Chicontepec, Tantoyuca y zonas aleda\u00f1as. Los muchachos del secretario de Seguridad P\u00fablica, Sergio L\u00f3pez Esquer, tendr\u00e1n que estar m\u00e1s atentos para evitar este tipo de il\u00edcitos. <\/p>\n<p>NO SE DEJE sorprender con un correo electr\u00f3nico que anda circulando en estos d\u00edas sobre una supuesta aparici\u00f3n del planeta Marte el pr\u00f3ximo jueves. Seg\u00fan ese \u201ce mail\u201d, Marte se ver\u00e1 casi del tama\u00f1o de la luna, por lo que tendremos ese d\u00eda \u201cdos lunas\u201d. Tambi\u00e9n comentan que este hecho fue vaticinado por los Mayas con miles de a\u00f1os de anticipaci\u00f3n. Pura patra\u00f1a que ya ha sido desmentida por asociaciones astron\u00f3micas serias.  <\/p>\n<p>QUIEN SIN duda puede ser una excelente carta para disputar la diputaci\u00f3n local por el distrito rural de Xalapa es la actual Secretaria de Servicios Administrativos y Financieros, Ana Rosa Valdez Salazar. Como se recordar\u00e1, esta guapa y talentosa priista estuvo a punto de ganar la diputaci\u00f3n local plurinominal en 2007. <\/p>\n<p>DESDE AHORA les damos la primicia de que este jueves volver\u00e1n a reunirse las tribus perredistas veracruzanas pero ahora en el Comit\u00e9 Ejecutivo Nacional de ese instituto pol\u00edtico. Este nuevo c\u00f3nclave se efectuar\u00e1 en virtud de que los grupos no se pusieron de acuerdo el pasado s\u00e1bado sobre si se deben realizar o no elecciones extraordinarias. <\/p>\n<p>AHORA CON la ca\u00edda de una parte del puente ubicado en Rafael Murillo Vidal, los desesperados automovilistas buscaron v\u00edas alternas para acudir a sus centros de trabajo, concretamente en la SEV. Sin embargo, los desesperados conductores se llevaron la sorpresa de su vida al percatarse que los vecinos de la calle Quetzalcoatl esquina Justo F. Fern\u00e1ndez del fraccionamiento Las \u00c1nimas, cerraron esa importante r\u00faa con dos tremendas jardineras, una en cada sentido de la arteria. \u00bfC\u00f3mo la ven? \u00bfAcaso no es un delito cerrar calles, tipificado como ataques a las v\u00edas de comunicaci\u00f3n, algo semejante a lo que hacen los manifestantes? \u00bfQui\u00e9n les autoriz\u00f3 cerrar la calle? Al rato cualquier habitante de esta capital puede hacer lo mismo y si les niegan esta acci\u00f3n aberrante, con justa raz\u00f3n dir\u00e1n que por qu\u00e9 a los de la Quetzacoatl s\u00ed a ellos no.<\/p>\n<p>YA MUY POCOS recuerdan que a prop\u00f3sito de puentes ca\u00eddos, uno de los alcaldes que pas\u00f3 a la historia por un hecho similar fue Ricardo Landa Mora, cuando en el cuatrienio de Dante Delgado se derrumb\u00f3 una estructura en la que hubo descalabrados. Ah\u00ed la varilla fue donada por la CFE, central Laguna Verde, y de eso Richard sabe bastante. <\/p>\n<p>QUE A RICARDO Ahued Bardahuil le buscar\u00e1n aunque sea una vocal\u00eda de alguna comisi\u00f3n legislativa en la C\u00e1mara de Diputados.<\/p>\n","protected":false},"excerpt":{"rendered":"<p>* Ser\u00e1 en la Ciudad de M\u00e9xico* Cierran calle en Las \u00c1nimas Jos\u00e9 Ortiz MedinaEn Corto&#8230; sin Cortes LA \u201cC\u00c1TEDRA Jos\u00e9 Mart\u00ed\u201d de la Universidad Veracruzana tuvo un \u00e9xito excepcional durante la conferencia que el ensayista cubano F\u00e9lix Julio Alfonso dict\u00f3, donde abord\u00f3 la relaci\u00f3n entre la m\u00fasica y el b\u00e9isbol en la isla caribe\u00f1a. [&hellip;]<\/p>\n","protected":false},"author":1,"featured_media":0,"comment_status":"open","ping_status":"open","sticky":false,"template":"","format":"standard","meta":{"_jetpack_newsletter_access":"","_jetpack_dont_email_post_to_subs":false,"_jetpack_newsletter_tier_id":0,"_jetpack_memberships_contains_paywalled_content":false,"_jetpack_memberships_contains_paid_content":false,"footnotes":""},"categories":[1],"tags":[],"class_list":["post-8530","post","type-post","status-publish","format-standard","hentry","category-sin-categoria"],"jetpack_featured_media_url":"","jetpack_sharing_enabled":true,"jetpack_shortlink":"https:\/\/wp.me\/p4Qcd3-2dA","_links":{"self":[{"href":"https:\/\/lospoliticosveracruz.com.mx\/index.php?rest_route=\/wp\/v2\/posts\/8530","targetHints":{"allow":["GET"]}}],"collection":[{"href":"https:\/\/lospoliticosveracruz.com.mx\/index.php?rest_route=\/wp\/v2\/posts"}],"about":[{"href":"https:\/\/lospoliticosveracruz.com.mx\/index.php?rest_route=\/wp\/v2\/types\/post"}],"author":[{"embeddable":true,"href":"https:\/\/lospoliticosveracruz.com.mx\/index.php?rest_route=\/wp\/v2\/users\/1"}],"replies":[{"embeddable":true,"href":"https:\/\/lospoliticosveracruz.com.mx\/index.php?rest_route=%2Fwp%2Fv2%2Fcomments&post=8530"}],"version-history":[{"count":0,"href":"https:\/\/lospoliticosveracruz.com.mx\/index.php?rest_route=\/wp\/v2\/posts\/8530\/revisions"}],"wp:attachment":[{"href":"https:\/\/lospoliticosveracruz.com.mx\/index.php?rest_route=%2Fwp%2Fv2%2Fmedia&parent=8530"}],"wp:term":[{"taxonomy":"category","embeddable":true,"href":"https:\/\/lospoliticosveracruz.com.mx\/index.php?rest_route=%2Fwp%2Fv2%2Fcategories&post=8530"},{"taxonomy":"post_tag","embeddable":true,"href":"https:\/\/lospoliticosveracruz.com.mx\/index.php?rest_route=%2Fwp%2Fv2%2Ftags&post=8530"}],"curies":[{"name":"wp","href":"https:\/\/api.w.org\/{rel}","templated":true}]}}