{"id":8531,"date":"2009-08-25T01:02:00","date_gmt":"2009-08-25T01:02:00","guid":{"rendered":"http:\/\/www.lospoliticosveracruz.com.mx\/?p=8531"},"modified":"2014-10-08T19:05:38","modified_gmt":"2014-10-08T19:05:38","slug":"del-abuso-a-la-violacion-mala-sangre","status":"publish","type":"post","link":"https:\/\/lospoliticosveracruz.com.mx\/?p=8531","title":{"rendered":"Del abuso a la violaci\u00f3n\u2026 mala sangre"},"content":{"rendered":"<p><strong>Salvador Mu\u00f1oz<\/strong><br \/><em>Los Pol\u00edticos<\/em><\/p>\n<blockquote><p><em>A don Oscar Aguilar, por su pronta recuperaci\u00f3n: Me debe una partida de tenis\u2026<\/em><\/p><\/blockquote>\n<p>A mediados de marzo del a\u00f1o que corre, la Polic\u00eda Intermunicipal de Xalapa detuvo a un individuo que fue sorprendido con los pantalones abajo, en una cama, cometiendo lo que se conoce como abuso er\u00f3tico sexual en agravio de una ni\u00f1a de siete a\u00f1os de edad.<br \/>Lamentablemente, sucesos como el narrado, se viven todos los d\u00edas. Algunos se denuncian; otros, no; y hay aquellos que se siguen cometiendo en las sombras, porque sencillamente no han sido descubiertos.<br \/>Pero en el caso que nos ata\u00f1e tiene algunos elementos que ponen a pensar y a preocupar.<br \/>El primero de los elementos es que dicho sujeto que fue detenido es maestro de educaci\u00f3n primaria.<br \/>As\u00ed es\u2026<br \/>Quiz\u00e1s recuerde el caso, es fresco como queso de Tempoal, de \u00e9sos que vend\u00eda Celestino, el diputado plurinominal del PRD que hoy, cosas de la vida, una adolescente lo se\u00f1ala como violador.<br \/>Si no lo recuerda, le comento:<br \/>El maestro se prest\u00f3 a dar clases en el domicilio de la ni\u00f1a bajo el argumento de que la escolar estaba baja en promedio.<br \/>La abuela, por la confianza que a\u00fan se le tiene a la noble labor que representa la docencia, accedi\u00f3.<br \/>As\u00ed que, durante algunos d\u00edas, el maestro acud\u00eda a la casa, incluso com\u00eda all\u00ed, hasta que una tarde, la abuela sorprendi\u00f3 al tipo con los pantalones abajo con la nieta postrada en la cama.<br \/>Al reclamo de la mujer, el tipo se torn\u00f3 violento y los aspavientos llamaron la atenci\u00f3n de los vecinos que, junto con la polic\u00eda, detuvieron al abusivo.<br \/>Al ser llevado a la c\u00e1rcel, el maestro se dijo originario de Tantoyuca\u2026<br \/>Hay quienes dicen que ten\u00eda buena fortuna el mentor porque de \u201cIntendente\u201d pas\u00f3 a \u201cMaestro de Primaria\u201d\u2026 el dato es vago\u2026<br \/>\u00a1Claro! Puede decir que hay gente que es taxista pero su profesi\u00f3n es ingeniero\u2026 no ri\u00f1e en lo que se trabaja y en lo que se estudia.<br \/>En fin\u2026<br \/>El asunto es que, a cinco meses de haber sido sorprendido en presuntos abusos deshonestos o abuso er\u00f3tico sexual en agravio de una menor de escasos siete a\u00f1os, un amparo federal lo pone de nuevo en la calle.<br \/>\u00bfLe extra\u00f1a que est\u00e9 libre? Por supuesto que no\u2026 nuestras leyes y nuestra justicia, lo hemos repetido hasta el cansancio, no est\u00e1n hechas para los pobres.<br \/>Puede decirme que quiz\u00e1s cumpli\u00f3 su condena\u2026 puede ser\u2026<br \/>Sin lugar a dudas pudo haber tenido un buen abogado\u2026<br \/>Las preguntas son obligatorias: \u00bfQu\u00e9 hizo la SEV al respecto? \u00bfQu\u00e9 hizo el sindicato de la Secci\u00f3n 32? \u00bfQu\u00e9 opina Hern\u00e1ndez Burgos, l\u00edder sindical? A lo mejor una pregunta que, como padre de familia, pudiera preocuparnos si tenemos hijos en edad escolar, m\u00e1s ahora que inicia el ciclo: \u00bfD\u00f3nde est\u00e1 dicho maestro?<br \/>S\u00ed, como padre de familia uno quisiera proteger a nuestros hijos de sujetos como este maestro y se pone a pensar: \u00bfQu\u00e9 hay en la mente de estos sujetos cuando intentan someter a un menor o a una adolescente?<br \/>Algo hay torcido, sin lugar a dudas en esas cabezas\u2026<br \/>Pero, lo que m\u00e1s preocupa es cuando uno checa el nombre del maestro de esta historia: Diego.<br \/>Quiz\u00e1s por s\u00ed solo el apelativo no diga nada, pero si agregamos los apellidos: Rivera Hern\u00e1ndez, puede entonces dar luz a las sombras.<br \/>\u00bfEs hermano de Celestino Rivera Hern\u00e1ndez, diputado plurinominal del PRD que es acusado por el delito de violaci\u00f3n?<br \/>Si es una coincidencia, el destino no cabe duda, es loco\u2026 pero si son hermanos\u2026 creo que es motivo de un estudio m\u00e1s serio este caso.<br \/>Ojal\u00e1 sea una mala coincidencia y no mala sangre\u2026<\/p>\n<p>e-mail: dor00@hotmail.com<\/p>\n","protected":false},"excerpt":{"rendered":"<p>Salvador Mu\u00f1ozLos Pol\u00edticos A don Oscar Aguilar, por su pronta recuperaci\u00f3n: Me debe una partida de tenis\u2026 A mediados de marzo del a\u00f1o que corre, la Polic\u00eda Intermunicipal de Xalapa detuvo a un individuo que fue sorprendido con los pantalones abajo, en una cama, cometiendo lo que se conoce como abuso er\u00f3tico sexual en agravio [&hellip;]<\/p>\n","protected":false},"author":1,"featured_media":0,"comment_status":"open","ping_status":"open","sticky":false,"template":"","format":"standard","meta":{"_jetpack_newsletter_access":"","_jetpack_dont_email_post_to_subs":false,"_jetpack_newsletter_tier_id":0,"_jetpack_memberships_contains_paywalled_content":false,"_jetpack_memberships_contains_paid_content":false,"footnotes":""},"categories":[1],"tags":[],"class_list":["post-8531","post","type-post","status-publish","format-standard","hentry","category-sin-categoria"],"jetpack_featured_media_url":"","jetpack_sharing_enabled":true,"jetpack_shortlink":"https:\/\/wp.me\/p4Qcd3-2dB","_links":{"self":[{"href":"https:\/\/lospoliticosveracruz.com.mx\/index.php?rest_route=\/wp\/v2\/posts\/8531","targetHints":{"allow":["GET"]}}],"collection":[{"href":"https:\/\/lospoliticosveracruz.com.mx\/index.php?rest_route=\/wp\/v2\/posts"}],"about":[{"href":"https:\/\/lospoliticosveracruz.com.mx\/index.php?rest_route=\/wp\/v2\/types\/post"}],"author":[{"embeddable":true,"href":"https:\/\/lospoliticosveracruz.com.mx\/index.php?rest_route=\/wp\/v2\/users\/1"}],"replies":[{"embeddable":true,"href":"https:\/\/lospoliticosveracruz.com.mx\/index.php?rest_route=%2Fwp%2Fv2%2Fcomments&post=8531"}],"version-history":[{"count":0,"href":"https:\/\/lospoliticosveracruz.com.mx\/index.php?rest_route=\/wp\/v2\/posts\/8531\/revisions"}],"wp:attachment":[{"href":"https:\/\/lospoliticosveracruz.com.mx\/index.php?rest_route=%2Fwp%2Fv2%2Fmedia&parent=8531"}],"wp:term":[{"taxonomy":"category","embeddable":true,"href":"https:\/\/lospoliticosveracruz.com.mx\/index.php?rest_route=%2Fwp%2Fv2%2Fcategories&post=8531"},{"taxonomy":"post_tag","embeddable":true,"href":"https:\/\/lospoliticosveracruz.com.mx\/index.php?rest_route=%2Fwp%2Fv2%2Ftags&post=8531"}],"curies":[{"name":"wp","href":"https:\/\/api.w.org\/{rel}","templated":true}]}}