{"id":8532,"date":"2009-08-24T19:06:00","date_gmt":"2009-08-24T19:06:00","guid":{"rendered":"http:\/\/www.lospoliticosveracruz.com.mx\/?p=8532"},"modified":"2014-10-08T19:05:38","modified_gmt":"2014-10-08T19:05:38","slug":"accidente-obispal-y-compinches","status":"publish","type":"post","link":"https:\/\/lospoliticosveracruz.com.mx\/?p=8532","title":{"rendered":"Accidente obispal y compinches"},"content":{"rendered":"<p><strong>Jorge Arturo Rodr\u00edguez<\/strong><br \/><em>Tierra de Babel<\/em><\/p>\n<p>\u201cDe que fue un accidente fue un accidente, de eso no hay duda, pero lo que s\u00ed no se cree es la manera tan r\u00e1pida que el obispo ese sali\u00f3, \u00a1qu\u00e9 sali\u00f3!, ni siquiera puso un pie en la c\u00e1rcel, bonita justicia tenemos, pero si hubiera sido usted o yo, ah\u00ed todav\u00eda estuvi\u00e9ramos arreglando papeles, ni pa\u2019 pensarle en reunir en tan poco tiempo tanta lana\u201d, me comenta un taxista sumamente molesto por el sonado caso del obispo Eduardo Pati\u00f1o Leal. Y al dar una vuelta prohibida en \u201cU\u201d, acelera el cabr\u00f3n y me dice: \u201cLa verdad nadie les cree a esos hijos de su suerte, tampoco a sus compinches los pol\u00edticos que luego luego seguro que intervinieron por el curita ese\u201d. El tipo se detiene bruscamente gracias al sem\u00e1foro en rojo y la verdad yo s\u00f3lo quer\u00eda bajarme y tambi\u00e9n mandarlo a la chingada, porque igual me dec\u00eda, a alta velocidad, que \u201cel cura ese seguro iba en chinga sin respetar las se\u00f1ales, nada de que se desmay\u00f3, si se hubiera desmayado pos ah\u00ed hubiera quedado y quiz\u00e1 no hubiera pasado gran cosa, se lo digo yo que a veces me siento cansado o como d\u00e9bil y mejor me detengo en una esquina y tomo aire, pa\u2019 no hacer pendejadas o me ocurra un accidente\u201d. Eso expresa el taxista y a\u00fan agrega, antes de rebasar a un Chevy conducido por una mujer: \u201cComo esa pinche vieja que ni sabe manejar pero ah\u00ed est\u00e1 la cabrona, no m\u00e1s estorbando\u201d. Luego, gracias a Dios, llegamos al lugar indicado, frena otra vez bruscamente y de inmediato le pago y hasta le dejo el vuelto, claro de no m\u00e1s de cinco pesos, \u201cpinche taxista pendejo\u201d, pienso y no s\u00e9 por qu\u00e9 tambi\u00e9n me digo: \u201cOjal\u00e1 te lleve la chingada y te estampes por ah\u00ed\u201d. Pero luego luego pienso en la justicia, digo, la justicia divina y me arrepiento: \u201cPerd\u00f3nalo, Dios m\u00edo, cu\u00eddalo en su camino\u201d. Aj\u00e1, que tan miserables somos, \u00bfno?<br \/>En fin, que no fue s\u00f3lo a esa persona que escuch\u00e9 su opini\u00f3n sobre el accidente del obispo en cuesti\u00f3n, sino a varias, y todas coincid\u00edan en no creer ni en el clero ni mucho menos en las autoridades que imparten justicia, vaya, para no hablar de los pol\u00edticos. Es un descreimiento total de la poblaci\u00f3n hacia todo lo que ocurre en el pa\u00eds y el estado, pero mucho m\u00e1s hacia la justicia, terrenal o no. Vaya cuadrito que vivimos, y a esto se agregan los casos que nos enteramos de la vida de ciertos personajes eclesi\u00e1sticos. Pero eso qu\u00e9 importa, con arrepentirnos nuestros pecados ser\u00e1n perdonados, dicen. Sin embargo, creo, con Carlos Drummond de Andrade, que Dios est\u00e1 en todas partes, pero tan disfrazado que es como si no estuviera. Como nuestra justicia mexicana, \u00bfo no?<br \/>Por cierto, quiz\u00e1s a muchos, creyentes o no, pero m\u00e1s a los cl\u00e9rigos, les sirva tantito los \u201cDiez Mandamientos del Camino\u201d para conductores que el Vaticano emiti\u00f3 en el 2007, y que son, a seg\u00fan, conductas pastorales basadas en las virtudes de la prudencia, la justicia y la esperanza. Ah\u00ed se los dejo: I. No matar\u00e1s; II. El camino deber\u00e1 ser para ti un medio de comuni\u00f3n entre personas y no de da\u00f1o mortal; III. La cortes\u00eda, rectitud y prudencia te ayudar\u00e1n a lidiar con eventos inesperados; IV. S\u00e9 caritativo y ayuda a tu vecino en necesidad, especialmente a las v\u00edctimas de accidentes; V. Los veh\u00edculos no deber\u00e1n ser para ti una expresi\u00f3n de poder y dominaci\u00f3n, ni una ocasi\u00f3n de pecado; VI. Convence de manera caritativa a los j\u00f3venes y a los no tan j\u00f3venes que no manejen cuando no se encuentren en condiciones adecuadas para hacerlo; VII. Apoya a las familias de las v\u00edctimas de los accidentes; VIII. Junta a los conductores culpables y a sus v\u00edctimas, en un momento apropiado, para que puedan transitar por la experiencia librante del perd\u00f3n; IX. En el camino, protege a la persona m\u00e1s vulnerable; X. Si\u00e9ntete responsable de los dem\u00e1s.<br \/>\u00bfEntiendes, M\u00e9ndez\u2026?<\/p>\n<p><strong>Los d\u00edas y los temas<\/strong><br \/>Bien lo dijo mi Gober Fide: \u201cLa v\u00eda de la construcci\u00f3n nos obliga -como mayor\u00eda partidista en el pr\u00f3ximo Congreso- a trabajar con el Gobierno federal los acuerdos en la coordinaci\u00f3n fiscal que nos permitan estimular la responsabilidad hacendaria y financiera\u201d. Ah\u00ed les hablan mis queridos legisladores priistas electos. Mi Gober Fide agrega: \u201cVeracruz sigue creciendo en medio de la crisis y sigue pagando sus impuestos de manera ejemplar\u201d. Pos s\u00ed. Y contin\u00faa: \u201c(\u2026) Por eso ahora debemos entrar en una etapa de precisi\u00f3n y puntualidad: es hora que desde el Congreso se perfilen los acuerdos que requiere la naci\u00f3n. El PRI tiene un mandato electoral muy grande, pero ni siquiera es equiparable al que tiene el Partido Acci\u00f3n Nacional, el del Gobierno federal\u201d. Ya se ver\u00e1n los resultados.<\/p>\n<p><strong>De cinismo y anexas<\/strong><\/p>\n<p>* Lo dijo Rodolfo Usigli el 21 de julio de 1940: \u201cAparece claramente en todo esto que en M\u00e9xico se ignoran las ideas pol\u00edticas; que los partidos pol\u00edticos se confunden con bandos de agresi\u00f3n o de coacci\u00f3n, que la pol\u00edtica es s\u00f3lo una acci\u00f3n exasperada, rom\u00e1ntica y violenta, y que la democracia no es en la conciencia popular, m\u00e1s que una palabra acu\u00f1ada por los pol\u00edticos para enga\u00f1ar o para desencadenar al pueblo\u201d. \u00bfQu\u00e9 tal, eh?<\/p>\n<p>Hasta la pr\u00f3xima<br \/>jarl63@yahoo.com.mx<\/p>\n","protected":false},"excerpt":{"rendered":"<p>Jorge Arturo Rodr\u00edguezTierra de Babel \u201cDe que fue un accidente fue un accidente, de eso no hay duda, pero lo que s\u00ed no se cree es la manera tan r\u00e1pida que el obispo ese sali\u00f3, \u00a1qu\u00e9 sali\u00f3!, ni siquiera puso un pie en la c\u00e1rcel, bonita justicia tenemos, pero si hubiera sido usted o yo, [&hellip;]<\/p>\n","protected":false},"author":1,"featured_media":0,"comment_status":"open","ping_status":"open","sticky":false,"template":"","format":"standard","meta":{"_jetpack_newsletter_access":"","_jetpack_dont_email_post_to_subs":false,"_jetpack_newsletter_tier_id":0,"_jetpack_memberships_contains_paywalled_content":false,"_jetpack_memberships_contains_paid_content":false,"footnotes":""},"categories":[1],"tags":[],"class_list":["post-8532","post","type-post","status-publish","format-standard","hentry","category-sin-categoria"],"jetpack_featured_media_url":"","jetpack_sharing_enabled":true,"jetpack_shortlink":"https:\/\/wp.me\/p4Qcd3-2dC","_links":{"self":[{"href":"https:\/\/lospoliticosveracruz.com.mx\/index.php?rest_route=\/wp\/v2\/posts\/8532","targetHints":{"allow":["GET"]}}],"collection":[{"href":"https:\/\/lospoliticosveracruz.com.mx\/index.php?rest_route=\/wp\/v2\/posts"}],"about":[{"href":"https:\/\/lospoliticosveracruz.com.mx\/index.php?rest_route=\/wp\/v2\/types\/post"}],"author":[{"embeddable":true,"href":"https:\/\/lospoliticosveracruz.com.mx\/index.php?rest_route=\/wp\/v2\/users\/1"}],"replies":[{"embeddable":true,"href":"https:\/\/lospoliticosveracruz.com.mx\/index.php?rest_route=%2Fwp%2Fv2%2Fcomments&post=8532"}],"version-history":[{"count":0,"href":"https:\/\/lospoliticosveracruz.com.mx\/index.php?rest_route=\/wp\/v2\/posts\/8532\/revisions"}],"wp:attachment":[{"href":"https:\/\/lospoliticosveracruz.com.mx\/index.php?rest_route=%2Fwp%2Fv2%2Fmedia&parent=8532"}],"wp:term":[{"taxonomy":"category","embeddable":true,"href":"https:\/\/lospoliticosveracruz.com.mx\/index.php?rest_route=%2Fwp%2Fv2%2Fcategories&post=8532"},{"taxonomy":"post_tag","embeddable":true,"href":"https:\/\/lospoliticosveracruz.com.mx\/index.php?rest_route=%2Fwp%2Fv2%2Ftags&post=8532"}],"curies":[{"name":"wp","href":"https:\/\/api.w.org\/{rel}","templated":true}]}}