{"id":85322,"date":"2022-01-27T08:22:17","date_gmt":"2022-01-27T14:22:17","guid":{"rendered":"https:\/\/lospoliticosveracruz.com.mx\/?p=85322"},"modified":"2022-01-27T08:22:24","modified_gmt":"2022-01-27T14:22:24","slug":"adios-monreal","status":"publish","type":"post","link":"https:\/\/lospoliticosveracruz.com.mx\/?p=85322","title":{"rendered":"Adi\u00f3s Monreal!"},"content":{"rendered":"\n<p><strong>Adriana Mu\u00f1oz<br><\/strong><em>Sin Rencores<\/em><\/p>\n\n\n\n<p>\u201cSeg\u00fan yo lo veo, si quieres el arco iris, tienes que aguantar la lluvia\u00bb. Dolly Parton.<\/p>\n\n\n\n<p>\u2014\u2014\/\/\/\u2014-<\/p>\n\n\n\n<p><strong>Y comitiva.<br><\/strong>Y con \u00e9l caer\u00e1n varios m\u00e1s. Quienes cre\u00edan que estaban del otro lado, casi en el 24.<br>Tarde se dio cuenta Ricardo Monreal que cometi\u00f3 un grave error al enfrentarse al propio presidente Andr\u00e9s Manuel L\u00f3pez Obrador.<br>Se le olvid\u00f3, con toda y esa experiencia que le aplauden sus esquiroles, que en 2018 se enoj\u00f3 con un candidato presidencial por no darle \u00e9ste la candidatura al Gobierno de Ciudad de M\u00e9xico.<br>No obstante, AMLO lo hizo razonar y se qued\u00f3 con acuerdos.<br>Pero hoy ya no quiere que se le cumplan esos acuerdos. Ahora quiere la presidencial. Craso error.<br>Luego entonces ya no se enfrent\u00f3 a un aspirante sino al presidente en funciones y ah\u00ed si se le apareci\u00f3 Juan Diego en calzones.<br>Despu\u00e9s de todo su berrinche y venir a Veracruz a fustigar, a pegar, a evidenciar lo que su mismo grupo cre\u00f3 para hacer ver una realidad inexistente, hoy est\u00e1 desaparecido, desinflado, desangelado y a punto de quedarse solo e irse con sus verdaderos aliados que est\u00e1n \u00e1vidos de su dolor y de un candidato para 2024.<br>PAN, PRI y PRD no dejan de ser opci\u00f3n sobre todo cuando en Movimiento Ciudadano los afectos de Dante Delgado se decantan por Luis Donaldo Colosio Jr., actual alcalde de Monterrey, Nuevo Le\u00f3n.<br>Monreal se equivoc\u00f3.<br>Desde el proceso electoral pasado, justo en la elecci\u00f3n concurrente, vino a Veracruz como senador de Morena a respaldar a los panistas y todo qued\u00f3 registrado en el altiplano.<br>Ahora, enarbol\u00f3 una bandera de h\u00e9roe de pel\u00edcula al azuzar a abogados de asociaciones y colegios del Estado bastante conocidos e incluso \u201caliados\u201d de la 4T jarocha, para protestar por el delito aprobado por el Congreso Local denominado ultrajes a la autoridad.<br>Despu\u00e9s, arreci\u00f3 la \u201cmadriza\u201d tras la detenci\u00f3n de su secretario t\u00e9cnico en la Junta de Coordinaci\u00f3n Pol\u00edtica del Senado de la Rep\u00fablica, Manuel del R\u00edo Virgen, quien es presunto autor intelectual del homicidio del extinto alcalde electo de Cazones de Herrera por Movimiento Ciudadano.<br>\u201cIndignado\u201d, Monreal oper\u00f3 con la oposici\u00f3n, principalmente con Dante Delgado, due\u00f1o de Movimiento Ciudadano, la creaci\u00f3n de una comisi\u00f3n especial que investigar\u00eda los presuntos casos de abuso de poder del Gobierno de Veracruz que encabeza Cuitlahuac Garc\u00eda Jim\u00e9nez.<br>Es decir, promovi\u00f3 una comisi\u00f3n especial que actuar\u00eda contra un compa\u00f1ero de Morena para defender a un presunto delincuente de Movimiento Ciudadano.<br>\u00bfY cuando crear\u00e1 una comisi\u00f3n especial que investigue a su hermano David Monreal, gobernador de Zacatecas por la matanza que vive la entidad norte\u00f1a?<br>\u00bfO cuando crear\u00e1 una comisi\u00f3n para investigar a su comisi\u00f3n hechiza?<br>Monreal se pas\u00f3 de la raya y pr\u00e1cticamente est\u00e1 fuera de Morena y de la Jucopo.<br>Lo mismo su alumnito y aliado presidente de la Mesa Directiva de la C\u00e1mara de Diputados, Sergio Guti\u00e9rrez Luna a quien en mayo se le acabar\u00e1 la fiesta y se ir\u00e1 con toda su gente de flamante presupuesto.<br>\u2014\u2014-\/\/\/\/\u2014\u2014<br><strong>AHORA<\/strong>\u2026<br>Monreal debe pensar en lo que viene si, pero para garantizar que no lo apa\u00f1en en sus locas aspiraciones presidenciales.<br>Ayer, tras conocerse la ilegalidad de la comisi\u00f3n especial para investigar casos de abuso en Veracruz, el gobernador Cuitl\u00e1huac Garc\u00eda Jim\u00e9nez prendi\u00f3 la mecha y dej\u00f3 la v\u00edbora chillando.<br>Document\u00f3 ante Notario el acto ilegal cometido en el Senado de la Rep\u00fablica con la publicaci\u00f3n de una Comisi\u00f3n Estatal para investigar abusos en Veracruz.<br>A esto, se sum\u00f3 ayer mismo y rapidito, como cuetito, la renuncia del senador Dante Delgado Rannauro a la presidencia de esta comisi\u00f3n ech\u00e1ndole la responsabilidad al que dejar\u00e1 en dicha presidencia.<br>Con eso, Dante Delgado pint\u00f3 su raya de Monreal ya que confirm\u00f3 que \u201cse est\u00e1n echando para atr\u00e1s\u201d porque est\u00e1n conscientes de su acto ilegal y adem\u00e1s porque saben que tienen cola que les pisen.<br>Es m\u00e1s, da pena como exhorta a una \u201cmovilizaci\u00f3n ciudadana\u201d cuando su mismo partido no representa lo que vende \u201cno movilizan a nadie\u201d, sentenci\u00f3 el ejecutivo veracruzano.<br>El Gobernador indic\u00f3 que fue este martes que acudi\u00f3 ante un notario para que diera fe de la publicaci\u00f3n en la p\u00e1gina del Senado, de la comisi\u00f3n creada para investigar a su gobierno para que pueda \u201chacer uso de ella\u201d de manera legal.<br>\u2014\u2014\u2014\/\/\/\u2014\u2014-<br><strong>ZACATECAS\u2026<br><\/strong>Sigue ardiendo.<br>As\u00ed el reporte.<br>En los \u00faltimos 12 meses fueron robados 62,208 veh\u00edculos que contaban con la protecci\u00f3n de un seguro. Esto significa que diariamente robaban en promedio 170 unidades.<br>Las 10 entidades con mayor porcentaje de robo de veh\u00edculos con lujo de violencia, en promedio, 60 por ciento de los robos de los veh\u00edculos asegurados fue con uso de violencia, son Sinaloa con un 82.39 por ciento; Guerrero con 76.3 por ciento.<br>ZACATECAS* con 76.06 por ciento; Guanajuato con 73.2 por ciento; Puebla con 71.67 por ciento y Michoac\u00e1n con 71.34 por ciento.<br>En ese sentido, ZACATECAS fue la entidad que registr\u00f3 el mayor aumento con un incremento de 45.76 por ciento de variaci\u00f3n anual, seguido por Aguascalientes present\u00f3 22.74 por ciento de incremento, San Luis Potos\u00ed aument\u00f3 16 por ciento; Durango, 9.01 por ciento y Colima con 4.72 por ciento.<br>\u00bfY crean comisiones especiales para Veracruz?<br>C\u00ednicos.<br>\u2014\u2014\u2014\/\/\/\u2014\u2014<br><strong>VIENE NAHLE\u2026<br><\/strong>Este s\u00e1bado 29 de enero se llevar\u00e1 a cabo la Conferencia Magistral \u201cReforma El\u00e9ctrica\u201d, como parte de los foros del parlamento abierto para debatir la iniciativa del presidente Andr\u00e9s Manuel L\u00f3pez Obrador, con los beneficios que dar\u00e1 al pa\u00eds el recuperar la soberan\u00eda energ\u00e9tica.<br>El evento abierto al p\u00fablico se realizar\u00e1 en el World Trade Center en Boca del R\u00edo, a las 11 de la ma\u00f1ana, donde la secretaria de Energ\u00eda, Roc\u00edo Nahle Garc\u00eda, expondr\u00e1 una conferencia magistral para ofrecer informaci\u00f3n acerca de las bondades de esta reforma que se debate en el Congreso de la Uni\u00f3n.<br>Uno de los argumentos es fortalecer a la Comisi\u00f3n Federal de Electricidad (CFE) y que se apliquen los costos de consumo apegados a la realidad de los sectores, que no paguen m\u00e1s quienes menos tienen, como ha sido durante muchos a\u00f1os.<br>Como lo expuesto por el presidente Andr\u00e9s Manuel L\u00f3pez Obrador, se busca la soberan\u00eda energ\u00e9tica de M\u00e9xico, una autosuficiencia en la producci\u00f3n de la generaci\u00f3n el\u00e9ctrica y que de manera directa contribuir\u00e1 a los precisos justos para las familias y sector econ\u00f3mico.<br>\u00a1Bienvenida!<br>\u2014\u2014\u2014-\/\/\/\u2014\u2014<br><strong>EN MEDELL\u00cdN\u2026<br><\/strong>Tambi\u00e9n se toman acciones contra la cuarta ola de Covid19.<\/p>\n\n\n\n<p>Refuerza Marcos Isle\u00f1o medidas sanitarias para evitar m\u00e1s contagios por COVID-19 en medellinenses<br>Una vez que la Secretar\u00eda de Salud clasific\u00f3 a Medell\u00edn en Sem\u00e1foro Amarillo -que significa riesgo medio en contagios por Covid-19-, el alcalde Marcos Isle\u00f1o Andrade determin\u00f3 reforzar las medidas sanitarias para contribuir en la prevenci\u00f3n de este mal que contin\u00faa afectando.<br>El edil anunci\u00f3 las siguientes medidas:<br><strong><em>1.- La operaci\u00f3n de actividades econ\u00f3micas y sociales ser\u00e1n con un aforo del 75 por ciento.<br>Esto incluye bailes o reuniones en salones cerrados, restaurantes y negocios en general.<br>2.- El uso de cubrebocas ser\u00e1 obligatorio en todos los espacios p\u00fablicos cerrados.<br>3.- Tambi\u00e9n ser\u00e1 obligatorio ponerse el cubrebocas al abordar y hacer uso del transporte p\u00fablico.<br>4.- Se recomienda usar el cubrebocas en espacios abiertos sin posibilidad de mantener la sana distancia.<br>5.- Todos los edificios municipales cerrados ser\u00e1n desinfectados.<br>6.- Se recomienda mantener la sana distancia (metro y medio) y hacer uso constante de gel antibacterial.<br>\u00a1Aguas!<\/em><\/strong><br>\u2014\u2014-\/\/\/\u2014\u2014-<br><strong>RECUERDEN\u2026<\/strong><br>Los contribuyentes que deseen beneficiarse con el Programa de Reordenamiento Vehicular 2022 pueden resolver sus dudas en el n\u00famero de tel\u00e9fono 800 260 2400.<br>La Secretar\u00eda de Finanzas y Planeaci\u00f3n (SEFIPLAN) tambi\u00e9n pone a su disposici\u00f3n el conmutador 2288421400 y las extensiones: 3268, 3768, 3314, 3263, 3275, 3289, 3238, 3203, 3295, 3170, 3135, 3040, 3219, 3244 y 3234.<br>Los horarios en que funcionan dichos tel\u00e9fonos son de 8 a 18 horas de lunes a viernes; tambi\u00e9n se dispone del correo electr\u00f3nico atenalcontribuyente@veracruz.gob.mx .<br>Este programa estar\u00e1 vigente el primer semestre de 2022, record\u00f3; y beneficia a quienes est\u00e9n al corriente con sus derechos vehiculares para obtener el dise\u00f1o de placas de 2019 de forma gratuita, al cubrir el derecho vehicular 2022 y la \u00faltima verificaci\u00f3n; mientras que a los propietarios que paguen las l\u00e1minas, derechos atrasados y verificaci\u00f3n les ser\u00e1 borrado su historial de adeudos por tenencias, recargos, multas y actualizaciones.<br>\u2014\u2014\/\/\/\u2014\u2014<br><strong>TODO LISTO\u2026<br><\/strong>Veracruz realizar\u00e1 los preparativos para el foro \u201cAsamblea de An\u00e1lisis del Plan y los Programas de estudio para el dise\u00f1o de los Libros de Texto Gratuitos para la educaci\u00f3n b\u00e1sica\u201d, que se llevar\u00e1 a cabo el 31 de enero en Coatzacoalcos, donde podremos conocer la nueva propuesta curricular en la que previamente tuvieron voz docentes, normalistas y bibliotecarios del estado.<br>Este foro es parte de la iniciativa de la Secretar\u00eda de Educaci\u00f3n P\u00fablica (SEP) en el que podr\u00e1n participar docentes, asesores t\u00e9cnico-pedag\u00f3gicos, autoridades educativas, estudiantes y dem\u00e1s personas interesadas.<br>\u2014\u2014\/\/\/\u2014\u2014<br>HABR\u00c1\u2026<br>Fr\u00edo, norte y lluvia. Abr\u00edguese. Buen jueves.<\/p>\n\n\n\n<p>e-mail: sinrencorespuntocom@gmail.com<\/p>\n","protected":false},"excerpt":{"rendered":"<p>Adriana Mu\u00f1ozSin Rencores \u201cSeg\u00fan yo lo veo, si quieres el arco iris, tienes que aguantar la lluvia\u00bb. Dolly Parton. \u2014\u2014\/\/\/\u2014- Y comitiva.Y con \u00e9l caer\u00e1n varios m\u00e1s. Quienes cre\u00edan que estaban del otro lado, casi en el 24.Tarde se dio cuenta Ricardo Monreal que cometi\u00f3 un grave error al enfrentarse al propio presidente Andr\u00e9s Manuel [&hellip;]<\/p>\n","protected":false},"author":2,"featured_media":0,"comment_status":"closed","ping_status":"closed","sticky":false,"template":"","format":"standard","meta":{"_jetpack_newsletter_access":"","_jetpack_dont_email_post_to_subs":false,"_jetpack_newsletter_tier_id":0,"_jetpack_memberships_contains_paywalled_content":false,"_jetpack_memberships_contains_paid_content":false,"footnotes":""},"categories":[70],"tags":[23135,618,1563,2219,19748,1026,2327,26326,32055,2944,4386,16147,195],"class_list":["post-85322","post","type-post","status-publish","format-standard","hentry","category-de-opinion","tag-adriana-munoz","tag-andres-manuel-lopez-obrador","tag-cuitlahuac-garcia-jimenez","tag-dante-delgado","tag-marcos-isleno","tag-morena","tag-movimiento-ciudadano","tag-reforma-electrica","tag-reordenamiento-vehicular-2022","tag-ricardo-monreal-avila","tag-rocio-nahle-garcia","tag-sergio-gutierrez-luna","tag-veracruz"],"jetpack_featured_media_url":"","jetpack_sharing_enabled":true,"jetpack_shortlink":"https:\/\/wp.me\/p4Qcd3-mca","_links":{"self":[{"href":"https:\/\/lospoliticosveracruz.com.mx\/index.php?rest_route=\/wp\/v2\/posts\/85322","targetHints":{"allow":["GET"]}}],"collection":[{"href":"https:\/\/lospoliticosveracruz.com.mx\/index.php?rest_route=\/wp\/v2\/posts"}],"about":[{"href":"https:\/\/lospoliticosveracruz.com.mx\/index.php?rest_route=\/wp\/v2\/types\/post"}],"author":[{"embeddable":true,"href":"https:\/\/lospoliticosveracruz.com.mx\/index.php?rest_route=\/wp\/v2\/users\/2"}],"replies":[{"embeddable":true,"href":"https:\/\/lospoliticosveracruz.com.mx\/index.php?rest_route=%2Fwp%2Fv2%2Fcomments&post=85322"}],"version-history":[{"count":1,"href":"https:\/\/lospoliticosveracruz.com.mx\/index.php?rest_route=\/wp\/v2\/posts\/85322\/revisions"}],"predecessor-version":[{"id":85324,"href":"https:\/\/lospoliticosveracruz.com.mx\/index.php?rest_route=\/wp\/v2\/posts\/85322\/revisions\/85324"}],"wp:attachment":[{"href":"https:\/\/lospoliticosveracruz.com.mx\/index.php?rest_route=%2Fwp%2Fv2%2Fmedia&parent=85322"}],"wp:term":[{"taxonomy":"category","embeddable":true,"href":"https:\/\/lospoliticosveracruz.com.mx\/index.php?rest_route=%2Fwp%2Fv2%2Fcategories&post=85322"},{"taxonomy":"post_tag","embeddable":true,"href":"https:\/\/lospoliticosveracruz.com.mx\/index.php?rest_route=%2Fwp%2Fv2%2Ftags&post=85322"}],"curies":[{"name":"wp","href":"https:\/\/api.w.org\/{rel}","templated":true}]}}