{"id":85384,"date":"2022-01-28T10:04:41","date_gmt":"2022-01-28T16:04:41","guid":{"rendered":"https:\/\/lospoliticosveracruz.com.mx\/?p=85384"},"modified":"2022-01-28T10:04:46","modified_gmt":"2022-01-28T16:04:46","slug":"el-movimiento-inquilinario-del-22","status":"publish","type":"post","link":"https:\/\/lospoliticosveracruz.com.mx\/?p=85384","title":{"rendered":"El Movimiento inquilinario del 22"},"content":{"rendered":"\n<p><strong>Teresa Carbajal<\/strong><\/p>\n\n\n\n<p><em>Debo, no niego; pago, lo justo<\/em><br><br><\/p>\n\n\n\n<p>En el M\u00e9xico posrevolucionario de 1922 se gest\u00f3 en Veracruz, concretamente en los patios de vecindad que conformaban el barrio de la Huaca habitado por jornaleros, cargadores, pregoneros, artesanos, prostitutas, m\u00fasicos y lavanderas, una rebeli\u00f3n en contra de las rentas excesivas y las condiciones inhumanas de habitaci\u00f3n, por falta de vivienda, el hecho fue conocido como huelga inquilinaria.<br>El l\u00edder iniciador de la lucha inquilinaria que marc\u00f3 la vida social, pol\u00edtica y jur\u00eddica de aquel momento, que divid\u00eda en opiniones a la sociedad civil pues unos de decantaban a favor de los inquilinos y otros a favor de los propietarios de aquellas viviendas en renta, se llam\u00f3 Her\u00f3n Proal, e hist\u00f3ricamente se le relaciona con la generaci\u00f3n de otros movimientos m\u00e1s, de protestas que le llevar\u00edan a pasar unos d\u00edas en prisi\u00f3n siendo sustituido en acciones por su esposa la se\u00f1ora Mar\u00eda Luisa Mar\u00edn.<br>Esa rebeli\u00f3n que se caracterizaba por dejar de pagar la renta, hasta en tanto fueran atendidas las protestas y reclamos de los habitantes de patios de vecindad y viviendas, y de la que muy pocos saben a nuestros d\u00edas, dio lugar a la creaci\u00f3n de una legislaci\u00f3n que regir\u00eda en adelante las relaciones de inquilinos y propietarios, sin perder de vista que esta solo tiene aplicaci\u00f3n para el arriendo de viviendas de muy bajo costo, pues se refiere necesariamente a cuartos o peque\u00f1as habitaciones, en donde (los protestantes) pr\u00e1cticamente viv\u00edan hacinados y en condiciones verdaderamente precarias y hasta insalubres.<br>Dicha legislaci\u00f3n recibi\u00f3 por nombre Ley de Inquilinato en Veracruz y fue expedida el d\u00eda diez de septiembre del a\u00f1o de mil novecientos treinta y siete, publicada en la Gaceta Oficial para nuestro estado, bajo el n\u00famero ciento nueve, el d\u00eda once del mismo mes y a\u00f1o; con ella se derog\u00f3 a su antecedente la que fue a su vez expedida en fecha veintitr\u00e9s de abril del a\u00f1o de mil novecientos veintitr\u00e9s.<br>De entre los avances jur\u00eddicos de tutela que se dio a los inquilinos con aquella ley podemos citar, el establecimiento de un tope para el pago de rentas, los plazos de desocupaci\u00f3n que deb\u00edan darse a los ocupantes de las viviendas cuando le sobreviniera un hecho fortuito como enfermedad o desempleo, o quien involuntariamente careciera de ocupaci\u00f3n.<br>Otra de las medidas de protecci\u00f3n adoptadas para los inquilinos por aquella ley, es la relativa a la suspensi\u00f3n de juicios por pago de rentas supervenientes, es decir que, si hab\u00eda sido iniciado un juicio en contra de un inquilino para pedirle la desocupaci\u00f3n de la vivienda alegando la falta de pago de las rentas, el juicio deb\u00eda detenerse si el inquilino exhib\u00eda el comprobante de los pagos o pagaba el pendiente.<br>Me parece interesante comentar tambi\u00e9n que la ley de inquilinato prohib\u00eda el embargo de bienes (para garantizar o cobrar el pago de las rentas) durante la diligencia de desocupaci\u00f3n; y que si por alguna causa el propietario de la vivienda tenia la necesidad de dar por terminado el contrato y deb\u00eda tomar la posesi\u00f3n de la vivienda, tendr\u00eda a su vez la obligaci\u00f3n de realojar al inquilino.<br>A cien a\u00f1os de aquella lucha, muchas dudas surgen en torno, a c\u00f3mo nos encontramos en la actualidad en la protecci\u00f3n al derecho humano a la vivienda, despu\u00e9s de aquella lucha social en la que por primera vez se pon\u00eda en la mesa la exigencia de un techo y de vida digna para los trabajadores, las personas y las familias.<br>Para ello, para conmemorar el centenario de la huelga inquilinaria iniciada por Her\u00f3n Proal, y para recordar a las mujeres libertarias que fueron la columna vertebral de aquella rebeli\u00f3n, se ha formado un comit\u00e9 por los cien a\u00f1os de lucha inquilinaria en el pa\u00eds, con sede en la Ciudad de M\u00e9xico, que ha tenido eco en nuestro Estado, en donde l\u00edderes sociales de diversas extracciones, en pluralidad, con acad\u00e9micos y sociedad civil organizada colaboraremos con una propuesta para conmemorar el hecho hist\u00f3rico.<br>En la siguiente colaboraci\u00f3n dar\u00e9 mas raz\u00f3n y detalles sobre las actividades a realizar, as\u00ed como las fechas, espacios y lugares en donde podr\u00e1n participar.<\/p>\n\n\n\n<p>Llama al 2281148502 visite www.elbarzonrc.org Contacte elbarzonrc@yahoo.com.mx, O s\u00edgame en @terecarbajal<\/p>\n","protected":false},"excerpt":{"rendered":"<p>Teresa Carbajal Debo, no niego; pago, lo justo En el M\u00e9xico posrevolucionario de 1922 se gest\u00f3 en Veracruz, concretamente en los patios de vecindad que conformaban el barrio de la Huaca habitado por jornaleros, cargadores, pregoneros, artesanos, prostitutas, m\u00fasicos y lavanderas, una rebeli\u00f3n en contra de las rentas excesivas y las condiciones inhumanas de habitaci\u00f3n, [&hellip;]<\/p>\n","protected":false},"author":2,"featured_media":0,"comment_status":"closed","ping_status":"closed","sticky":false,"template":"","format":"standard","meta":{"_jetpack_newsletter_access":"","_jetpack_dont_email_post_to_subs":false,"_jetpack_newsletter_tier_id":0,"_jetpack_memberships_contains_paywalled_content":false,"_jetpack_memberships_contains_paid_content":false,"footnotes":""},"categories":[70],"tags":[32062,32063],"class_list":["post-85384","post","type-post","status-publish","format-standard","hentry","category-de-opinion","tag-huelga-inquilinaria","tag-ley-de-inquilinato-en-veracruz"],"jetpack_featured_media_url":"","jetpack_sharing_enabled":true,"jetpack_shortlink":"https:\/\/wp.me\/p4Qcd3-mda","_links":{"self":[{"href":"https:\/\/lospoliticosveracruz.com.mx\/index.php?rest_route=\/wp\/v2\/posts\/85384","targetHints":{"allow":["GET"]}}],"collection":[{"href":"https:\/\/lospoliticosveracruz.com.mx\/index.php?rest_route=\/wp\/v2\/posts"}],"about":[{"href":"https:\/\/lospoliticosveracruz.com.mx\/index.php?rest_route=\/wp\/v2\/types\/post"}],"author":[{"embeddable":true,"href":"https:\/\/lospoliticosveracruz.com.mx\/index.php?rest_route=\/wp\/v2\/users\/2"}],"replies":[{"embeddable":true,"href":"https:\/\/lospoliticosveracruz.com.mx\/index.php?rest_route=%2Fwp%2Fv2%2Fcomments&post=85384"}],"version-history":[{"count":1,"href":"https:\/\/lospoliticosveracruz.com.mx\/index.php?rest_route=\/wp\/v2\/posts\/85384\/revisions"}],"predecessor-version":[{"id":85386,"href":"https:\/\/lospoliticosveracruz.com.mx\/index.php?rest_route=\/wp\/v2\/posts\/85384\/revisions\/85386"}],"wp:attachment":[{"href":"https:\/\/lospoliticosveracruz.com.mx\/index.php?rest_route=%2Fwp%2Fv2%2Fmedia&parent=85384"}],"wp:term":[{"taxonomy":"category","embeddable":true,"href":"https:\/\/lospoliticosveracruz.com.mx\/index.php?rest_route=%2Fwp%2Fv2%2Fcategories&post=85384"},{"taxonomy":"post_tag","embeddable":true,"href":"https:\/\/lospoliticosveracruz.com.mx\/index.php?rest_route=%2Fwp%2Fv2%2Ftags&post=85384"}],"curies":[{"name":"wp","href":"https:\/\/api.w.org\/{rel}","templated":true}]}}